{"id":374632,"date":"2025-09-08T06:39:11","date_gmt":"2025-09-08T06:39:11","guid":{"rendered":"https:\/\/www.europesays.com\/fr\/374632\/"},"modified":"2025-09-08T06:39:11","modified_gmt":"2025-09-08T06:39:11","slug":"circulation-lautoroute-a6-en-partie-fermee-en-direction-de-paris-un-secteur-a-eviter","status":"publish","type":"post","link":"https:\/\/www.europesays.com\/fr\/374632\/","title":{"rendered":"Circulation\u00a0: l\u2019autoroute A6 en partie ferm\u00e9e en direction de Paris, un secteur \u00e0 \u00e9viter"},"content":{"rendered":"<p class=\"paragraph text_align_left lp-f-body-02\">Le trafic vers Paris depuis l\u2019Essonne s\u2019annonce tr\u00e8s difficile ce lundi matin. Peu apr\u00e8s minuit lundi 8 septembre, un poids lourd a pris feu sur l\u2019autoroute A6, au niveau de Villab\u00e9, en Essonne. L\u2019accident a entra\u00een\u00e9 la fermeture de deux voies sur trois, dans le sens province-Paris, indique Sytadin, la direction des routes d\u2019\u00cele-de-France.<\/p>\n<p class=\"paragraph text_align_left lp-f-body-02\">\u00ab \u00c9vitez le secteur A6. \u00c0 la suite de l\u2019incendie d\u2019un poids lourd cette nuit \u00e0 hauteur de Villab\u00e9 dans le sens province Paris, l\u2019autoroute reste ferm\u00e9e. Dans la mesure du possible reportez vos d\u00e9placements \u00bb, pr\u00e9vient sur son compte X Fran\u00e7ois Durovray, le pr\u00e9sident du d\u00e9partement.<\/p>\n<blockquote class=\"twitter-tweet\">\n<p lang=\"fr\" dir=\"ltr\">\u00c9VITEZ LE SECTEUR A6. \u00c0 la suite de l\u2019incendie d\u2019un poids lourds cette nuit \u00e0 hauteur de Villab\u00e9 dans le sens province Paris, l\u2019autoroute reste ferm\u00e9e. Dans la mesure du possible reportez vos d\u00e9placements. Merci de partager.<\/p>\n<p>\u2014 Fran\u00e7ois Durovray (@durovray) <a href=\"https:\/\/twitter.com\/durovray\/status\/1964928719174402147?ref_src=twsrc%5Etfw\" target=\"_blank\" rel=\"noopener\">September 8, 2025<\/a><\/p><\/blockquote>\n<p class=\"paragraph text_align_left lp-f-body-02\">\u00ab Deux voies de droite sont neutralis\u00e9es, la circulation ne s\u2019effectue que sur une voie de gauche \u00bb, pr\u00e9cise Sytadin.<\/p>\n<p class=\"paragraph text_align_left lp-f-body-02\">La circulation est particuli\u00e8rement difficile entre l\u2019A6 et la N37\/N37 et entre l\u2019A et la N104\/Lisses. Vers 8 heures ce matin, il fallait environ 1 heure pour parcourir 15 km, contre 12 minutes en temps normal.<\/p>\n<p><script async src=\"https:\/\/platform.twitter.com\/widgets.js\" charset=\"utf-8\"><\/script><\/p>\n","protected":false},"excerpt":{"rendered":"Le trafic vers Paris depuis l\u2019Essonne s\u2019annonce tr\u00e8s difficile ce lundi matin. Peu apr\u00e8s minuit lundi 8 septembre,&hellip;\n","protected":false},"author":2,"featured_media":374633,"comment_status":"","ping_status":"","sticky":false,"template":"","format":"standard","meta":{"footnotes":""},"categories":[1888],"tags":[11,1777,674,1011,27,1944,12,626,25,2382],"class_list":{"0":"post-374632","1":"post","2":"type-post","3":"status-publish","4":"format-standard","5":"has-post-thumbnail","7":"category-paris","8":"tag-actualites","9":"tag-eu","10":"tag-europe","11":"tag-fr","12":"tag-france","13":"tag-ma-ville","14":"tag-news","15":"tag-paris","16":"tag-republique-francaise","17":"tag-transport-idf-oise"},"share_on_mastodon":{"url":"https:\/\/pubeurope.com\/@fr\/115167308312943766","error":""},"_links":{"self":[{"href":"https:\/\/www.europesays.com\/fr\/wp-json\/wp\/v2\/posts\/374632","targetHints":{"allow":["GET"]}}],"collection":[{"href":"https:\/\/www.europesays.com\/fr\/wp-json\/wp\/v2\/posts"}],"about":[{"href":"https:\/\/www.europesays.com\/fr\/wp-json\/wp\/v2\/types\/post"}],"author":[{"embeddable":true,"href":"https:\/\/www.europesays.com\/fr\/wp-json\/wp\/v2\/users\/2"}],"replies":[{"embeddable":true,"href":"https:\/\/www.europesays.com\/fr\/wp-json\/wp\/v2\/comments?post=374632"}],"version-history":[{"count":0,"href":"https:\/\/www.europesays.com\/fr\/wp-json\/wp\/v2\/posts\/374632\/revisions"}],"wp:featuredmedia":[{"embeddable":true,"href":"https:\/\/www.europesays.com\/fr\/wp-json\/wp\/v2\/media\/374633"}],"wp:attachment":[{"href":"https:\/\/www.europesays.com\/fr\/wp-json\/wp\/v2\/media?parent=374632"}],"wp:term":[{"taxonomy":"category","embeddable":true,"href":"https:\/\/www.europesays.com\/fr\/wp-json\/wp\/v2\/categories?post=374632"},{"taxonomy":"post_tag","embeddable":true,"href":"https:\/\/www.europesays.com\/fr\/wp-json\/wp\/v2\/tags?post=374632"}],"curies":[{"name":"wp","href":"https:\/\/api.w.org\/{rel}","templated":true}]}}