{"id":374634,"date":"2025-09-08T06:40:15","date_gmt":"2025-09-08T06:40:15","guid":{"rendered":"https:\/\/www.europesays.com\/fr\/374634\/"},"modified":"2025-09-08T06:40:15","modified_gmt":"2025-09-08T06:40:15","slug":"paris-folie-a-lhotel-de-sully","status":"publish","type":"post","link":"https:\/\/www.europesays.com\/fr\/374634\/","title":{"rendered":"PARIS : Folie \u00e0 l&rsquo;h\u00f4tel de Sully\u00a0!\u00a0"},"content":{"rendered":"<p>\tPARIS : Folie \u00e0 l&rsquo;h\u00f4tel de Sully\u00a0!\u00a0 &#8211; Presse Agence<\/p>\n<p>                    <a href=\"#\" rel=\"nofollow\" onclick=\"window.print(); return false;\" title=\"Printer Friendly, PDF &amp; Email\"><br \/>\n                    <img decoding=\"async\" class=\"pf-button-img\" src=\"https:\/\/www.europesays.com\/fr\/wp-content\/uploads\/2025\/05\/printfriendly-pdf-email-button-notext.png\" alt=\"Print Friendly, PDF &amp; Email\" style=\"width: 110px;height: 30px;\"\/><br \/>\n                    <\/a><\/p>\n<p>                <img decoding=\"async\" src=\"https:\/\/www.europesays.com\/fr\/wp-content\/uploads\/2025\/09\/1757313613_898_a45fb14c08523cbc7ae3de9d9d02317420e0e8abd2f49445365404024bfd3669\" width=\"20\" height=\"20\" alt=\"\" loading=\"lazy\" class=\"el-image uk-border-circle uk-object-cover\" style=\"aspect-ratio: 20 \/ 20;\"\/>        <\/p>\n<p><img decoding=\"async\" src=\"https:\/\/www.europesays.com\/fr\/wp-content\/uploads\/2025\/09\/Capture-decran-2025-09-06-144025-Copy-c1b36e84.jpeg\" width=\"950\" height=\"680\" class=\"el-image\" alt=\"\" loading=\"lazy\"\/><\/p>\n<p class=\"compact\"><strong>1, 2, 3 \u2026 Go ! C\u2019est parti pour la Paris Design Week !<\/strong><\/p>\n<p>Depuis 15 ans d\u00e9j\u00e0 la Paris Design Week transforme la capitale ! Cette semaine, Paris devient donc la ville mondiale du design, laissant place \u00e0 la cr\u00e9ation internationale ! D\u2019une colonne de Juillet envahie par des formes tiss\u00e9es suspendues dans l\u2019espace, d\u2019un labyrinthe cr\u00e9\u00e9 de toutes pi\u00e8ces \u00e0 l\u2019h\u00f4tel de la marine ou encore une s\u00e9rie d\u2019expositions sur le verre et le textile\u2026 il y en a pour tous les go\u00fbts !<\/p>\n<p>\n<strong>Folie \u00e0 l\u2019h\u00f4tel de Sully !\u00a0<\/strong>\n<\/p>\n<p>Sur la terrasse de l\u2019h\u00f4tel de Sully vous ne pouvez pas le manquer\u00a0! Un divan monumental invite \u00e0 s\u2019allonger et \u00e0 confier ses tracas. Et comme cette installation est multisensorielle des parfums enveloppent le visiteur pour une s\u00e9r\u00e9nit\u00e9 absolue et contemplative\u2026 Alors, on prend le temps de respirer au milieu de ce tempo de vie effr\u00e9n\u00e9\u00a0?<\/p>\n<p class=\"compact\"><strong><a href=\"https:\/\/www.hotel-de-sully.fr\/agenda\/les-traversees-du-marais-a-l-hotel-de-sully-edition-2025\" target=\"_rlbhubnz\" rel=\"nofollow noopener\">H\u00f4tel de sully<\/a><\/strong><br \/>5 Place des Vosges, 75004<br \/>Du 3 au 14 septembre<br \/>Entr\u00e9e libre<\/p>\n<p><strong>SOURCE : Arts in the City.<\/strong><\/p>\n<p>        <a class=\"el-link\" href=\"https:\/\/presseagence.fr\/index.php\" rel=\"nofollow noopener\" target=\"_blank\"><img decoding=\"async\" src=\"https:\/\/presseagence.fr\/wp-content\/uploads\/2022\/05\/logo-presse-agence.svg\" width=\"180\" height=\"80\" class=\"el-image\" alt=\"Fuse\" loading=\"lazy\"\/><\/a>    <\/p>\n<p>\u00a9  Presse agence. Tout droits r\u00e9serv\u00e9s<\/p>\n<p>Pour offrir les meilleures exp\u00e9riences, nous utilisons des technologies telles que les cookies pour stocker et\/ou acc\u00e9der aux informations des appareils. Le fait de consentir \u00e0 ces technologies nous permettra de traiter des donn\u00e9es telles que le comportement de navigation ou les ID uniques sur ce site. Le fait de ne pas consentir ou de retirer son consentement peut avoir un effet n\u00e9gatif sur certaines caract\u00e9ristiques et fonctions.<\/p>\n<p>\n\t\t\t\t\tLe stockage ou l\u2019acc\u00e8s technique est strictement n\u00e9cessaire dans la finalit\u00e9 d\u2019int\u00e9r\u00eat l\u00e9gitime de permettre l\u2019utilisation d\u2019un service sp\u00e9cifique explicitement demand\u00e9 par l\u2019abonn\u00e9 ou l\u2019utilisateur, ou dans le seul but d\u2019effectuer la transmission d\u2019une communication sur un r\u00e9seau de communications \u00e9lectroniques.\n\t\t\t\t<\/p>\n<p>\n\t\t\t\t\tL\u2019acc\u00e8s ou le stockage technique est n\u00e9cessaire dans la finalit\u00e9 d\u2019int\u00e9r\u00eat l\u00e9gitime de stocker des pr\u00e9f\u00e9rences qui ne sont pas demand\u00e9es par l\u2019abonn\u00e9 ou l\u2019internaute.\n\t\t\t\t<\/p>\n<p>\n\t\t\t\t\tLe stockage ou l\u2019acc\u00e8s technique qui est utilis\u00e9 exclusivement \u00e0 des fins statistiques.<br \/>\n\t\t\t\t\tLe stockage ou l\u2019acc\u00e8s technique qui est utilis\u00e9 exclusivement dans des finalit\u00e9s statistiques anonymes. En l\u2019absence d\u2019une assignation \u00e0 compara\u00eetre, d\u2019une conformit\u00e9 volontaire de la part de votre fournisseur d\u2019acc\u00e8s \u00e0 internet ou d\u2019enregistrements suppl\u00e9mentaires provenant d\u2019une tierce partie, les informations stock\u00e9es ou extraites \u00e0 cette seule fin ne peuvent g\u00e9n\u00e9ralement pas \u00eatre utilis\u00e9es pour vous identifier.\n\t\t\t\t<\/p>\n<p>\n\t\t\t\t\tLe stockage ou l\u2019acc\u00e8s technique est n\u00e9cessaire pour cr\u00e9er des profils d\u2019utilisateurs afin d\u2019envoyer des publicit\u00e9s, ou pour suivre l\u2019utilisateur sur un site web ou sur plusieurs sites web ayant des finalit\u00e9s marketing similaires.\n\t\t\t\t<\/p>\n<p>G\u00e9rer le consentement aux cookies<\/p>\n","protected":false},"excerpt":{"rendered":"PARIS : Folie \u00e0 l&rsquo;h\u00f4tel de Sully\u00a0!\u00a0 &#8211; Presse Agence 1, 2, 3 \u2026 Go ! C\u2019est parti&hellip;\n","protected":false},"author":2,"featured_media":374635,"comment_status":"","ping_status":"","sticky":false,"template":"","format":"standard","meta":{"footnotes":""},"categories":[1888],"tags":[11,1777,674,1011,27,12,626,25],"class_list":{"0":"post-374634","1":"post","2":"type-post","3":"status-publish","4":"format-standard","5":"has-post-thumbnail","7":"category-paris","8":"tag-actualites","9":"tag-eu","10":"tag-europe","11":"tag-fr","12":"tag-france","13":"tag-news","14":"tag-paris","15":"tag-republique-francaise"},"share_on_mastodon":{"url":"https:\/\/pubeurope.com\/@fr\/115167312777613963","error":""},"_links":{"self":[{"href":"https:\/\/www.europesays.com\/fr\/wp-json\/wp\/v2\/posts\/374634","targetHints":{"allow":["GET"]}}],"collection":[{"href":"https:\/\/www.europesays.com\/fr\/wp-json\/wp\/v2\/posts"}],"about":[{"href":"https:\/\/www.europesays.com\/fr\/wp-json\/wp\/v2\/types\/post"}],"author":[{"embeddable":true,"href":"https:\/\/www.europesays.com\/fr\/wp-json\/wp\/v2\/users\/2"}],"replies":[{"embeddable":true,"href":"https:\/\/www.europesays.com\/fr\/wp-json\/wp\/v2\/comments?post=374634"}],"version-history":[{"count":0,"href":"https:\/\/www.europesays.com\/fr\/wp-json\/wp\/v2\/posts\/374634\/revisions"}],"wp:featuredmedia":[{"embeddable":true,"href":"https:\/\/www.europesays.com\/fr\/wp-json\/wp\/v2\/media\/374635"}],"wp:attachment":[{"href":"https:\/\/www.europesays.com\/fr\/wp-json\/wp\/v2\/media?parent=374634"}],"wp:term":[{"taxonomy":"category","embeddable":true,"href":"https:\/\/www.europesays.com\/fr\/wp-json\/wp\/v2\/categories?post=374634"},{"taxonomy":"post_tag","embeddable":true,"href":"https:\/\/www.europesays.com\/fr\/wp-json\/wp\/v2\/tags?post=374634"}],"curies":[{"name":"wp","href":"https:\/\/api.w.org\/{rel}","templated":true}]}}