{"id":374636,"date":"2025-09-08T06:41:13","date_gmt":"2025-09-08T06:41:13","guid":{"rendered":"https:\/\/www.europesays.com\/fr\/374636\/"},"modified":"2025-09-08T06:41:13","modified_gmt":"2025-09-08T06:41:13","slug":"la-russie-prevoit-une-baisse-de-moitie-des-echanges-commerciaux-bilateraux-avec-larmenie-en-2025","status":"publish","type":"post","link":"https:\/\/www.europesays.com\/fr\/374636\/","title":{"rendered":"La Russie pr\u00e9voit une baisse de moiti\u00e9 des \u00e9changes commerciaux bilat\u00e9raux avec l&rsquo;Arm\u00e9nie en 2025"},"content":{"rendered":"<p>La Russie s\u2019attend \u00e0 ce que d\u2019ici la fin 2025, le chiffre d\u2019affaires commercial entre l\u2019Arm\u00e9nie et la Russie diminue de moiti\u00e9 par rapport \u00e0 2024, ce qui, selon les \u00e9conomistes, serait d\u00fb \u00e0 la baisse des r\u00e9exportations d\u2019or russe.<\/p>\n<p>Dans des <a href=\"https:\/\/tass.ru\/ekonomika\/24957695?ref=oc-media.org\" target=\"_blank\" rel=\"noopener\">d\u00e9clarations<\/a> faites jeudi 4 septembre en marge du Forum \u00e9conomique oriental, le vice-Premier ministre russe Aleksei Overchuk a d\u00e9clar\u00e9 qu\u2019il s\u2019attendait \u00e0 ce que le chiffre d\u2019affaires commercial passe de 12,4 milliards de dollars en 2024 \u00e0 environ 6 milliards de dollars cette ann\u00e9e. M. Overchuk n\u2019a pas pr\u00e9cis\u00e9 les raisons de cette baisse.<\/p>\n<p>La Russie est le premier partenaire commercial de l\u2019Arm\u00e9nie, le chiffre d\u2019affaires commercial entre les deux pays ayant fortement augment\u00e9 depuis l\u2019invasion \u00e0 grande \u00e9chelle de l\u2019Ukraine par la Russie en 2022.<\/p>\n<p>M. Overchuk a pr\u00e9c\u00e9demment imput\u00e9 le d\u00e9clin du commerce \u00e0 la demande d\u2019adh\u00e9sion de l\u2019Arm\u00e9nie \u00e0 l\u2019UE, en adoptant en mars un projet de loi appelant le gouvernement \u00e0 rechercher l\u2019int\u00e9gration \u00e0 l\u2019UE.<\/p>\n<p>L\u2019approbation du projet de loi par le gouvernement a suscit\u00e9 une r\u00e9action rapide et sarcastique de la part de la Russie, M. Overchuk <a href=\"https:\/\/oc-media.org\/armenian-economy-minister-says-armenia-not-replacing-eurasian-economic-union\/\" target=\"_blank\" rel=\"noopener\">qualifiant l\u2019<\/a>adh\u00e9sion \u00e0 l\u2019Union \u00e9conomique eurasienne (UEE) de \u00ab privil\u00e8ge \u00bb et sugg\u00e9rant que l\u2019adh\u00e9sion \u00e0 l\u2019UE pourrait \u00eatre \u00ab compar\u00e9e \u00e0 l\u2019achat d\u2019un billet pour le Titanic \u00bb, compte tenu des \u00ab probl\u00e8mes \u00e9conomiques et sociaux auxquels l\u2019UE est confront\u00e9e \u00bb.<\/p>\n<p>\u00ab La baisse globale d\u2019ici la fin de l\u2019ann\u00e9e sera \u00e9videmment de 6 milliards de dollars. Pour un pays dont le PIB est d\u2019environ 26 milliards de dollars, ce sont des chiffres tr\u00e8s importants \u00bb, a <a href=\"https:\/\/www.vedomosti.ru\/politics\/articles\/2025\/06\/21\/1118935-torgovlya-rossii-armeniei?utm_campaign=vedomosti_public&amp;%3Butm_content=1118935-torgovlya-rossii-armeniei&amp;%3Butm_medium=social&amp;%3Butm_source=telegram_ved&amp;ref=oc-media.org\" target=\"_blank\" rel=\"noopener\">d\u00e9clar\u00e9<\/a> M. Overchuk en juin, dans une interview accord\u00e9e au m\u00e9dia russe contr\u00f4l\u00e9 par l\u2019\u00c9tat Vedomosti. \u00ab Et ce n\u2019est que la r\u00e9action des entreprises russes \u00e0 la discussion arm\u00e9nienne sur le rapprochement avec l\u2019UE \u00bb<\/p>\n<p>Alors que la Russie a \u00e9tabli un lien entre le d\u00e9clin commercial et le r\u00e9chauffement des relations entre l\u2019Arm\u00e9nie et l\u2019UE, les \u00e9conomistes sugg\u00e8rent qu\u2019une forte baisse des r\u00e9exportations d\u2019or russe par l\u2019Arm\u00e9nie est \u00e0 l\u2019origine de cette chute.<\/p>\n<p>Les exportations arm\u00e9niennes vers la Russie <a href=\"https:\/\/www.armstat.am\/en\/?nid=717&amp;%3Bthid%5B%5D=643&amp;%3Byears%5B%5D=2025&amp;%3Byears%5B%5D=2024&amp;%3Byear%5B%5D=2025&amp;%3Byear%5B%5D=2024&amp;%3Bmonid%5B%5D=1&amp;%3Bmonid%5B%5D=2&amp;%3Bmonid%5B%5D=3&amp;%3Bmonid%5B%5D=4&amp;%3Bmonid%5B%5D=5&amp;%3Bmonid%5B%5D=6&amp;%3Bmonid%5B%5D=7&amp;%3Bmonid%5B%5D=8&amp;%3Bmonid%5B%5D=9&amp;%3Bmonid%5B%5D=10&amp;%3Bmonid%5B%5D=11&amp;%3Bmonid%5B%5D=12&amp;%3Bsubmit=%D5%93%D5%B6%D5%BF%D6%80%D5%A5%D5%AC&amp;ref=oc-media.org\" target=\"_blank\" rel=\"noopener\">ont diminu\u00e9<\/a> de 6 % au cours des sept premiers mois de 2025 par rapport \u00e0 la m\u00eame p\u00e9riode en 2024, tandis que les importations de la Russie vers l\u2019Arm\u00e9nie ont chut\u00e9 de 64 %.<\/p>\n<p>Suren Parsyan, professeur associ\u00e9 \u00e0 l\u2019Universit\u00e9 d\u2019\u00c9tat d\u2019\u00e9conomie d\u2019Arm\u00e9nie, a d\u00e9clar\u00e9 \u00e0 OC Media qu\u2019en 2024, l\u2019Arm\u00e9nie r\u00e9exportait principalement de l\u2019or russe vers les \u00c9mirats arabes unis. Il a expliqu\u00e9 que cela \u00e9tait d\u00fb au fait que la Russie imposait des droits d\u2019exportation sur l\u2019or vers les pays tiers, mais que cela ne s\u2019appliquait pas aux membres de l\u2019UEE. \u00ab Lorsque l\u2019Arm\u00e9nie a impos\u00e9 un droit d\u2019exportation sur l\u2019or en mai et que la Russie l\u2019a supprim\u00e9, ce syst\u00e8me a pris fin pour les r\u00e9exportateurs arm\u00e9niens \u00bb, a expliqu\u00e9 M. Parsayan.<\/p>\n<p>Apr\u00e8s l\u2019arr\u00eat de la r\u00e9exportation d\u2019or depuis l\u2019Arm\u00e9nie, les \u00ab chiffres commerciaux gonfl\u00e9s \u00bb de 2024 \u00ab ne pouvaient naturellement pas \u00eatre maintenus \u00bb, a d\u00e9clar\u00e9 M. Parsayan.<\/p>\n<p>Outre l\u2019or, M. Parsyan a soulign\u00e9 qu\u2019il existait d\u2019autres possibilit\u00e9s de r\u00e9exportation, notamment d\u2019\u00e9quipements \u00e9lectriques vers la Russie.<\/p>\n<p>\u00ab Si l\u2019on exclut le chiffre d\u2019affaires commercial des \u00e9quipements \u00e9lectriques, le chiffre d\u2019affaires commercial entre l\u2019Arm\u00e9nie et la Russie serait bien inf\u00e9rieur \u00e0 6 milliards de dollars. En d\u2019autres termes, m\u00eame une partie importante de ces 6 milliards de dollars ne concerne pas des marchandises arm\u00e9niennes, ce qu\u2019il convient de comprendre et d\u2019\u00e9valuer, sans se laisser tromper par les chiffres officiels \u00bb.<\/p>\n<p>Mobile Center, une soci\u00e9t\u00e9 qui importe des \u00e9quipements \u00e9lectriques en Arm\u00e9nie et qui, <a href=\"https:\/\/www.azatutyun.am\/a\/33486184.html?ref=oc-media.org\" target=\"_blank\" rel=\"noopener\">selon RFE\/RL<\/a>, en r\u00e9exporte une grande partie vers la Russie, figure parmi les principaux contribuables arm\u00e9niens.<\/p>\n<p>En 2024, une enqu\u00eate men\u00e9e par The Insider et Hetq <a href=\"https:\/\/theins.press\/en\/corruption\/276578?ref=oc-media.org\" target=\"_blank\" rel=\"noopener\">a r\u00e9v\u00e9l\u00e9<\/a> que des entreprises arm\u00e9niennes aidaient la Russie \u00e0 contourner l\u2019embargo occidental sur le commerce de l\u2019or.<\/p>\n<p>La m\u00eame enqu\u00eate a not\u00e9 que \u00ab certains des plus grands importateurs d\u2019or russe en Arm\u00e9nie en 2024 [\u2026] sont li\u00e9s \u00e0 des politiciens, des oligarques et des entreprises arm\u00e9niens influents ayant des liens avec la Russie \u00bb.<\/p>\n<p>Ils ont mentionn\u00e9 Khachatur Sukiasyan, un d\u00e9put\u00e9 \u00e9minent du parti au pouvoir, le Contrat civil, dont la famille \u00ab est li\u00e9e \u00bb \u00e0 la bijouterie d\u2019Erevan, \u00ab le troisi\u00e8me plus grand importateur d\u2019or russe en Arm\u00e9nie \u00bb.<\/p>\n","protected":false},"excerpt":{"rendered":"La Russie s\u2019attend \u00e0 ce que d\u2019ici la fin 2025, le chiffre d\u2019affaires commercial entre l\u2019Arm\u00e9nie et la&hellip;\n","protected":false},"author":2,"featured_media":374637,"comment_status":"","ping_status":"","sticky":false,"template":"","format":"standard","meta":{"footnotes":""},"categories":[1591],"tags":[50876,11,5950,33,1887,12,1885,1886,132],"class_list":{"0":"post-374636","1":"post","2":"type-post","3":"status-publish","4":"format-standard","5":"has-post-thumbnail","7":"category-russie","8":"tag-02-la-deux","9":"tag-actualites","10":"tag-armenie","11":"tag-economie","12":"tag-federation-de-russie","13":"tag-news","14":"tag-russia","15":"tag-russian-federation","16":"tag-russie"},"share_on_mastodon":{"url":"https:\/\/pubeurope.com\/@fr\/115167316191916439","error":""},"_links":{"self":[{"href":"https:\/\/www.europesays.com\/fr\/wp-json\/wp\/v2\/posts\/374636","targetHints":{"allow":["GET"]}}],"collection":[{"href":"https:\/\/www.europesays.com\/fr\/wp-json\/wp\/v2\/posts"}],"about":[{"href":"https:\/\/www.europesays.com\/fr\/wp-json\/wp\/v2\/types\/post"}],"author":[{"embeddable":true,"href":"https:\/\/www.europesays.com\/fr\/wp-json\/wp\/v2\/users\/2"}],"replies":[{"embeddable":true,"href":"https:\/\/www.europesays.com\/fr\/wp-json\/wp\/v2\/comments?post=374636"}],"version-history":[{"count":0,"href":"https:\/\/www.europesays.com\/fr\/wp-json\/wp\/v2\/posts\/374636\/revisions"}],"wp:featuredmedia":[{"embeddable":true,"href":"https:\/\/www.europesays.com\/fr\/wp-json\/wp\/v2\/media\/374637"}],"wp:attachment":[{"href":"https:\/\/www.europesays.com\/fr\/wp-json\/wp\/v2\/media?parent=374636"}],"wp:term":[{"taxonomy":"category","embeddable":true,"href":"https:\/\/www.europesays.com\/fr\/wp-json\/wp\/v2\/categories?post=374636"},{"taxonomy":"post_tag","embeddable":true,"href":"https:\/\/www.europesays.com\/fr\/wp-json\/wp\/v2\/tags?post=374636"}],"curies":[{"name":"wp","href":"https:\/\/api.w.org\/{rel}","templated":true}]}}