{"id":374647,"date":"2025-09-08T06:47:13","date_gmt":"2025-09-08T06:47:13","guid":{"rendered":"https:\/\/www.europesays.com\/fr\/374647\/"},"modified":"2025-09-08T06:47:13","modified_gmt":"2025-09-08T06:47:13","slug":"largement-ignore-le-rapport-draghi-sur-la-competitivite-europeenne-reste-dactualite","status":"publish","type":"post","link":"https:\/\/www.europesays.com\/fr\/374647\/","title":{"rendered":"Largement ignor\u00e9, le rapport Draghi sur la comp\u00e9titivit\u00e9 europ\u00e9enne reste d\u2019actualit\u00e9"},"content":{"rendered":"<p>Qui se souvient du rapport Draghi? Il y a exactement un an, il sonnait l\u2019alarme sur le d\u00e9clin dangereux de la comp\u00e9titivit\u00e9 europ\u00e9enne. Il avait fait beaucoup de bruit \u00e0 l\u2019\u00e9poque. Mais depuis? Rien! Il a \u00e9t\u00e9 rapidement oubli\u00e9, les politiques \u00e9tant pass\u00e9 \u00e0 autre chose. Pourtant, il reste d\u2019actualit\u00e9 et r\u00e9sonne particuli\u00e8rement dans la France de 2025 confront\u00e9e \u00e0 la crise de la dette. Car si celle-ci r\u00e9sulte d\u2019une d\u00e9pense excessive, elle s\u2019explique aussi par une capacit\u00e9 d\u00e9clinante \u00e0 cr\u00e9er de la richesse.<\/p>\n<p><img data-recalc-dims=\"1\" fetchpriority=\"high\" decoding=\"async\" width=\"747\" height=\"546\" data-attachment-id=\"27056\" data-permalink=\"https:\/\/philippesilberzahn.com\/2025\/09\/08\/largement-ignore-le-rapport-draghi-sur-la-competitivite-europeenne-reste-d-actualite\/rapport-draghi-2\/\" data-orig-file=\"https:\/\/i0.wp.com\/philippesilberzahn.com\/wp-content\/uploads\/2025\/09\/Rapport-Draghi.jpg?fit=747%2C546&amp;ssl=1\" data-orig-size=\"747,546\" data-comments-opened=\"1\" data-image-meta=\"{&quot;aperture&quot;:&quot;0&quot;,&quot;credit&quot;:&quot;&quot;,&quot;camera&quot;:&quot;&quot;,&quot;caption&quot;:&quot;&quot;,&quot;created_timestamp&quot;:&quot;1725983000&quot;,&quot;copyright&quot;:&quot;&quot;,&quot;focal_length&quot;:&quot;0&quot;,&quot;iso&quot;:&quot;0&quot;,&quot;shutter_speed&quot;:&quot;0&quot;,&quot;title&quot;:&quot;&quot;,&quot;orientation&quot;:&quot;1&quot;}\" data-image-title=\"Rapport-Draghi\" data-image-description=\"\" data-image-caption=\"\" data-medium-file=\"https:\/\/i0.wp.com\/philippesilberzahn.com\/wp-content\/uploads\/2025\/09\/Rapport-Draghi.jpg?fit=300%2C219&amp;ssl=1\" data-large-file=\"https:\/\/i0.wp.com\/philippesilberzahn.com\/wp-content\/uploads\/2025\/09\/Rapport-Draghi.jpg?fit=747%2C546&amp;ssl=1\" src=\"https:\/\/www.europesays.com\/fr\/wp-content\/uploads\/2025\/09\/Rapport-Draghi.jpg\" alt=\"\" class=\"wp-image-27056\" style=\"width:537px;height:auto\"  \/><\/p>\n<p class=\"has-drop-cap\">Electrochoc. Cri d\u2019alarme. Danger existentiel. Le moins que l\u2019on puisse dire est que le rapport sur la comp\u00e9titivit\u00e9 de l\u2019Europe remis le 9 septembre 2024 par Mario Draghi, ancien directeur de la banque centrale europ\u00e9enne (BCE), \u00e0 la pr\u00e9sidente de la commission europ\u00e9enne, avait fait parler de lui. Il marquait une salutaire prise de conscience sur le d\u00e9clin de l\u2019Europe, dont il identifiait bien les sympt\u00f4mes.<\/p>\n<p>Il rappelait d\u2019abord une \u00e9vidence factuelle: l\u2019Europe est confront\u00e9e \u00e0 un ralentissement de la croissance depuis le d\u00e9but des ann\u00e9es 2000, principalement en raison d\u2019un retard de productivit\u00e9, creusant l\u2019\u00e9cart \u00e9conomique avec les \u00c9tats-Unis et la Chine. Elle est d\u00e9sormais confront\u00e9e \u00e0 des d\u00e9fis li\u00e9s aux changements d\u00e9mographiques, \u00e0 la perte de ses principaux fournisseurs d\u2019\u00e9nergie et \u00e0 son retard technologique. Pour maintenir la croissance et r\u00e9pondre aux nouveaux besoins d\u2019investissement, l\u2019Europe doit stimuler la productivit\u00e9. Sans cela, elle risque de compromettre ses ambitions en mati\u00e8re de technologie, de climat, d\u2019ind\u00e9pendance et de bien-\u00eatre social. Pour pr\u00e9server ses valeurs fondamentales, concluait le rapport, elle doit proc\u00e9der \u00e0 des changements radicaux afin d\u2019accro\u00eetre la croissance et la productivit\u00e9.<\/p>\n<p>La recommandation la plus importante du rapport concernait l\u2019innovation: dans ce domaine, il est crucial que l\u2019Europe recentre ses efforts sur la r\u00e9duction du foss\u00e9 qui la s\u00e9pare des \u00c9tats-Unis et de la Chine, en particulier dans le domaine des technologies avanc\u00e9es. Il est vrai que notre retard dans toutes les grandes technologies nouvelles, des biotechnologies \u00e0 l\u2019IA, est alarmant. L\u2019Europe ne poss\u00e8de pratiquement aucun champion dans ces domaines, \u00e0 quelques notables exceptions pr\u00e8s (ASML par exemple). <\/p>\n<p>Bien-s\u00fbr, le rapport avait des lacunes tr\u00e8s fortes, comme je l\u2019avais <a href=\"https:\/\/philippesilberzahn.com\/2024\/09\/16\/competitivite-de-l-europe-l-occasion-ratee-du-rapport-draghi\/\" rel=\"nofollow noopener\" target=\"_blank\">soulign\u00e9 \u00e0 l\u2019\u00e9poque<\/a>, notamment pour les pistes de solutions qu\u2019il proposait qui tenaient, en gros, de la bonne vieille politique industrielle avec ses \u2018grands\u2019 plans, ses \u2018grands\u2019 financements, et son focus sur la R&amp;D sans que soit prononc\u00e9 le mot d\u2019entrepreneuriat. Mais enfin, le cri d\u2019alarme \u00e9tait l\u00e0.<\/p>\n<p>Depuis la publication du rapport, pourtant, c\u2019est peu dire que la situation ne s\u2019est pas am\u00e9lior\u00e9e. Les pistes qu\u2019il avan\u00e7ait ont elles \u00e9t\u00e9 suivies? Quasiment pas. Selon une r\u00e9cente <a href=\"https:\/\/thinkepic.eu\/draghi-observatory-implementation-index-only-1-in-10-measures-implemented\/\" rel=\"nofollow noopener\" target=\"_blank\">analyse du European Policy Innovation Council<\/a> (EPIC), environ 10% seulement ont \u00e9t\u00e9 mises en \u0153uvre. On avait annonc\u00e9 Sainte Genevi\u00e8ve, on a finalement eu Cassandre.<\/p>\n<p><strong>Plus de mod\u00e8le social sans innovation<\/strong><\/p>\n<p>Le d\u00e9clin de l\u2019innovation en Europe est en soi un probl\u00e8me fondamental car il n\u2019y a pas de puissance sans \u00e9conomie forte, et pas d\u2019\u00e9conomie forte sans innovation. Mais ce d\u00e9clin a aussi des cons\u00e9quences tr\u00e8s concr\u00e8tes. \u00c0 l\u2019heure des p\u00e9rils g\u00e9opolitiques, l\u2019Europe doit se r\u00e9armer rapidement et fortement. Avec une \u00e9conomie d\u00e9clinante par manque de comp\u00e9titivit\u00e9, elle n\u2019en aura tout simplement pas les moyens. <\/p>\n<p>Elle n\u2019aura pas non plus les moyens de maintenir son syst\u00e8me social. C\u2019\u00e9tait en effet un des m\u00e9rites du rapport que de rappeler le lien entre celui-ci et l\u2019innovation. Bien souvent, la d\u00e9fense de la productivit\u00e9 et de la comp\u00e9titivit\u00e9 semble abstraite, voire bassement mat\u00e9rielle. C\u2019est un truc d\u2019\u00e9conomistes ou pire, de capitalistes, alors que l\u2019UE se veut id\u00e9aliste; elle travaille sur le social et la qualit\u00e9 de la vie, pas sur la comp\u00e9titivit\u00e9 \u2013 honni soit qui mal y pense! Or, nous ne pourrons conserver notre mod\u00e8le social si nous continuons notre d\u00e9clin en mati\u00e8re \u00e9conomique, car nous ne pourrons plus le financer. C\u2019est l\u2019urgence de cette prise de conscience que le rapport soulignait. C\u2019est aussi parce qu\u2019elle a un mod\u00e8le social et une qualit\u00e9 de vie \u00e0 d\u00e9fendre que l\u2019UE doit redevenir innovante et comp\u00e9titive.<\/p>\n<p><strong>L\u2019enjeu face au mur de la dette<\/strong><\/p>\n<p>L\u2019avertissement du rapport r\u00e9sonne tout particuli\u00e8rement dans la France de 2025, notamment dans le d\u00e9bat actuel sur la dette et les d\u00e9ficits des r\u00e9gimes sociaux. En substance, l\u2019Etat fran\u00e7ais vit au-dessus de ses moyens. Il y a donc deux leviers d\u2019action: soit r\u00e9duire son train de vie, soit cr\u00e9er plus de richesse. Le d\u00e9bat s\u2019est principalement focalis\u00e9 sur le premier levier: comment trouver des sources d\u2019\u00e9conomie directement (en r\u00e9duisant des budgets ou des prestations) ou indirectement en taxant plus. Le second levier a \u00e9t\u00e9 tr\u00e8s peu \u00e9voqu\u00e9. Il est pourtant fondamental. Car comme <a href=\"https:\/\/x.com\/Fondapol\/status\/1963498221466005973\" rel=\"nofollow\">le soulignait r\u00e9cemment Dominique Reyni\u00e9<\/a>, il n\u2019y a pas de niveau de protection sociale qui soit trop bas ou trop haut. Il y a simplement le niveau de protection sociale qu\u2019on peut se payer. Plus un pays est riche, plus il peut \u00eatre g\u00e9n\u00e9reux dans sa protection sociale. Plus il s\u2019appauvrit, moins il peut l\u2019\u00eatre. Or nous nous appauvrissons par manque de comp\u00e9titivit\u00e9 et d\u2019innovation. <\/p>\n<p><strong>D\u00e9finir une v\u00e9ritable politique de l\u2019offre<\/strong><\/p>\n<p>La principale le\u00e7on du rapport Draghi, plus que jamais d\u2019actualit\u00e9, est donc que la cr\u00e9ation de richesse doit redevenir la priorit\u00e9 de la France et de l\u2019Europe. Il s\u2019agit de d\u00e9finir une v\u00e9ritable politique de l\u2019offre, dans le langage des \u00e9conomistes. Face aux d\u00e9fis g\u00e9opolitiques et sociaux actuels, cette orientation n\u2019est plus seulement souhaitable, elle est devenue indispensable, et urgente. <\/p>\n<p>\u271a Pour aller plus loin, lire mes articles pr\u00e9c\u00e9dents: \ud83d\udcc4<a href=\"https:\/\/philippesilberzahn.com\/2024\/09\/16\/competitivite-de-l-europe-l-occasion-ratee-du-rapport-draghi\/\" rel=\"nofollow noopener\" target=\"_blank\">Comp\u00e9titivit\u00e9 de l\u2019Europe: l\u2019occasion rat\u00e9e du rapport Draghi<\/a>, \ud83d\udcc4<a href=\"https:\/\/philippesilberzahn.com\/2021\/02\/22\/un-enjeu-francais-le-pari-de-pascal-de-linnovation\/\" rel=\"nofollow noopener\" target=\"_blank\">Et si l\u2019optimisme \u00e9tait une bonne id\u00e9e? Le pari de Pascal de l\u2019innovation<\/a>, \ud83d\udcc4<a href=\"https:\/\/philippesilberzahn.com\/2025\/01\/13\/attaques-d-elon-musk-et-de-donald-trump-contre-l-europe-la-seule-reponse-c-est-l-innovation\/\" rel=\"nofollow noopener\" target=\"_blank\">Face aux attaques d\u2019Elon Musk et de Donald Trump : la r\u00e9ponse de l\u2019Europe doit \u00eatre l\u2019innovation<\/a>.<\/p>\n<p>\ud83d\udcec <strong>Abonnez-vous<\/strong>\u00a0pour \u00eatre averti des prochains articles (chaque lundi matin) par mail (cliquez sur \u201cAbonnez-vous\u201d plus bas).<\/p>\n<p>\u25b6\ufe0f\u00a0<strong>Retrouvez-moi sur\u00a0<a href=\"https:\/\/www.linkedin.com\/in\/philippesilberzahn\/\" target=\"_blank\" rel=\"noreferrer noopener nofollow\">LinkedIn<\/a><\/strong> pour \u00e9changer cet article.<\/p>\n<p>\ud83c\udfa7 Vous pouvez \u00e9galement vous abonner au format <strong>podcast<\/strong> des articles via votre plateforme favorite: <strong><a href=\"https:\/\/podcasts.apple.com\/us\/podcast\/philippe-silberzahn\/id1584162648\" target=\"_blank\" rel=\"noreferrer noopener nofollow\">Apple Podcast<\/a>\u00a0\u2013\u00a0<a href=\"https:\/\/www.youtube.com\/playlist?list=PLH0E2xCqpVJAedprE-mve5WywNMdYSFAy\" target=\"_blank\" rel=\"noreferrer noopener nofollow\">YouTube Music<\/a>\u00a0\u2013\u00a0<a href=\"https:\/\/open.spotify.com\/show\/1n2FcB1tL6VRliJJ802xbQ\" target=\"_blank\" rel=\"noreferrer noopener nofollow\">Spotify<\/a>\u00a0\u2013\u00a0<a href=\"https:\/\/music.amazon.com\/podcasts\/2b036063-1056-403c-8d94-69bd46d2187e\" target=\"_blank\" rel=\"noreferrer noopener nofollow\">Amazon Music\/Audible<\/a>\u00a0\u2013\u00a0<a href=\"https:\/\/deezer.com\/show\/2966182\" target=\"_blank\" rel=\"noreferrer noopener nofollow\">Deezer<\/a><\/strong><\/p>\n<p>\ud83c\udfa5 Je publie \u00e9galement r\u00e9guli\u00e8rement de courtes vid\u00e9os sur mon site <a href=\"https:\/\/www.tiktok.com\/@phsilberzahn\" rel=\"nofollow noopener\" target=\"_blank\">TikTok<\/a> et <a href=\"https:\/\/www.youtube.com\/@philippesilberzahn1216\/shorts\" rel=\"nofollow noopener\" target=\"_blank\">YouTube Shorts<\/a>.<\/p>\n<p>J\u2019aime \u00e7a\u00a0:<\/p>\n<p>J\u2019aime chargement\u2026<\/p>\n<p><a class=\"sd-link-color\"\/><\/p>\n<p>\n\tArticles similaires\n<\/p>\n<p>\tEn savoir plus sur Philippe Silberzahn<\/p>\n<p class=\"has-text-align-center\" style=\"margin-top:10px;margin-bottom:10px;font-size:15px\">Subscribe to get the latest posts sent to your email.<\/p>\n<p>\t\t\t<script async src=\"\/\/www.tiktok.com\/embed.js\"><\/script><\/p>\n","protected":false},"excerpt":{"rendered":"Qui se souvient du rapport Draghi? Il y a exactement un an, il sonnait l\u2019alarme sur le d\u00e9clin&hellip;\n","protected":false},"author":2,"featured_media":374648,"comment_status":"","ping_status":"","sticky":false,"template":"","format":"standard","meta":{"footnotes":""},"categories":[1586],"tags":[11,19610,1777,674,1779,1011,27,5701,12,25,1778,364],"class_list":{"0":"post-374647","1":"post","2":"type-post","3":"status-publish","4":"format-standard","5":"has-post-thumbnail","7":"category-europe","8":"tag-actualites","9":"tag-competitivite","10":"tag-eu","11":"tag-europe","12":"tag-european-union","13":"tag-fr","14":"tag-france","15":"tag-innovation","16":"tag-news","17":"tag-republique-francaise","18":"tag-ue","19":"tag-union-europeenne"},"share_on_mastodon":{"url":"https:\/\/pubeurope.com\/@fr\/115167340022988808","error":""},"_links":{"self":[{"href":"https:\/\/www.europesays.com\/fr\/wp-json\/wp\/v2\/posts\/374647","targetHints":{"allow":["GET"]}}],"collection":[{"href":"https:\/\/www.europesays.com\/fr\/wp-json\/wp\/v2\/posts"}],"about":[{"href":"https:\/\/www.europesays.com\/fr\/wp-json\/wp\/v2\/types\/post"}],"author":[{"embeddable":true,"href":"https:\/\/www.europesays.com\/fr\/wp-json\/wp\/v2\/users\/2"}],"replies":[{"embeddable":true,"href":"https:\/\/www.europesays.com\/fr\/wp-json\/wp\/v2\/comments?post=374647"}],"version-history":[{"count":0,"href":"https:\/\/www.europesays.com\/fr\/wp-json\/wp\/v2\/posts\/374647\/revisions"}],"wp:featuredmedia":[{"embeddable":true,"href":"https:\/\/www.europesays.com\/fr\/wp-json\/wp\/v2\/media\/374648"}],"wp:attachment":[{"href":"https:\/\/www.europesays.com\/fr\/wp-json\/wp\/v2\/media?parent=374647"}],"wp:term":[{"taxonomy":"category","embeddable":true,"href":"https:\/\/www.europesays.com\/fr\/wp-json\/wp\/v2\/categories?post=374647"},{"taxonomy":"post_tag","embeddable":true,"href":"https:\/\/www.europesays.com\/fr\/wp-json\/wp\/v2\/tags?post=374647"}],"curies":[{"name":"wp","href":"https:\/\/api.w.org\/{rel}","templated":true}]}}