{"id":374655,"date":"2025-09-08T06:53:19","date_gmt":"2025-09-08T06:53:19","guid":{"rendered":"https:\/\/www.europesays.com\/fr\/374655\/"},"modified":"2025-09-08T06:53:19","modified_gmt":"2025-09-08T06:53:19","slug":"rugby-top-14-lexploit-fondateur-de-la-section-paloise-a-castres","status":"publish","type":"post","link":"https:\/\/www.europesays.com\/fr\/374655\/","title":{"rendered":"Rugby &#8211; Top 14\u00a0: l\u2019exploit fondateur de la Section Paloise \u00e0 Castres"},"content":{"rendered":"<p>La saison pass\u00e9e, la Section Paloise avait attendu la 18e journ\u00e9e pour triompher loin du B\u00e9arn, lors d\u2019une victoire flamboyante dans le gymnase du Racing, le 1er\u00a0mars dernier. Samedi, \u00ab\u00a0les hommes\u00a0\u00bb de S\u00e9bastien Piqueronies ont frapp\u00e9 fort d\u2019entr\u00e9e, en faisant tomber d\u00e8s la 1re journ\u00e9e le Castres Olympique dans son antre si redout\u00e9. Un succ\u00e8s de prestige pour lancer l\u2019an V du mandat du Cantalou, qui doit emmener la Section Paloise dans le top 6 du championnat, apr\u00e8s 22\u00a0ans loin des phases finales.<\/p>\n<p>    La r\u00e9daction vous conseille<\/p>\n<p>La saison pass\u00e9e, la Section Paloise avait attendu la 18e journ\u00e9e pour triompher loin du B\u00e9arn, lors d\u2019une victoire flamboyante dans le gymnase du Racing, le 1er\u00a0mars dernier. Samedi, \u00ab\u00a0les hommes\u00a0\u00bb de S\u00e9bastien Piqueronies ont frapp\u00e9 fort d\u2019entr\u00e9e, en faisant tomber d\u00e8s la 1re journ\u00e9e le Castres Olympique dans son antre si redout\u00e9. Un succ\u00e8s de prestige pour lancer l\u2019an V du mandat du Cantalou, qui doit emmener la Section Paloise dans le top 6 du championnat, apr\u00e8s 22\u00a0ans loin des phases finales.<\/p>\n<p>    La r\u00e9daction vous conseille<\/p>\n<p>Au commencement \u00e9tait Castres\u00a0?<\/p>\n<p>M\u00eame si les Tarnais ont compl\u00e8tement rat\u00e9 leurs retrouvailles avec leur public, gagner \u00e0 Castres reste un exploit rarissime pour les B\u00e9arnais. Ce n\u2019est que la deuxi\u00e8me fois en 52\u00a0ans, apr\u00e8s la victoire du Pau de Colin Slade en 2018. Pau restait sur cinq d\u00e9faites bonifi\u00e9es dans le Tarn. \u00ab\u00a0On a toujours eu des matches serr\u00e9s ici, sans jamais arriver \u00e0 les faire basculer en notre faveur. Aujourd\u2019hui, c\u2019est pass\u00e9 gr\u00e2ce au combat\u00a0\u00bb, savourait le vice-capitaine Beka Gorgadze.<\/p>\n<p>Auteur d\u2019une prestation \u00e0 l\u2019image de son \u00e9quipe \u2013 discr\u00e8te, parfois confuse (un ballon perdu, une p\u00e9nalit\u00e9 conc\u00e9d\u00e9e sur occasion d\u2019essai), mais valeureuse (12 plaquages, 2 grattages) \u2013 le troisi\u00e8me ligne centre r\u00e9sumait\u00a0: \u00ab\u00a0C\u2019\u00e9tait un premier match f\u00e9roce, tr\u00e8s combattu, avec peu de jeu mais au final il fallait serrer les dents, \u00eatre durs.\u00a0\u00bb<\/p>\n<p>Sur l\u2019ann\u00e9e \u00e9coul\u00e9e, il s\u2019agit du troisi\u00e8me succ\u00e8s de suite \u00e0 l\u2019ext\u00e9rieur (Lyon, Vannes et d\u00e9sormais Castres) pour un effectif peu boulevers\u00e9 \u00e0 l\u2019intersaison. Les valeurs de combat et la solidit\u00e9 en conqu\u00eate, d\u00e9j\u00e0 visibles en fin de saison derni\u00e8re, ont de nouveau port\u00e9 la Section. \u00ab\u00a0La r\u00e9compense de deux mois de travail\u00a0\u00bb, soulignait Gorgadze. Le manager Piqueronies appuyait\u00a0: \u00ab\u00a0Nos ambitions de l\u2019\u00e9t\u00e9 font que l\u2019on se doit d\u2019\u00eatre durablement meilleur devant.\u00a0\u00bb<\/p>\n<p>    La r\u00e9daction vous conseille<\/p>\n<p>\u00ab\u00a0On s\u2019est battu comme des fous\u00a0\u00bb<\/p>\n<p>Souvent s\u00e9duisante mais trop souvent perdante depuis son retour dans l\u2019\u00e9lite, la Section a cette fois remport\u00e9 son bras de fer en assumant ses d\u00e9fauts\u00a0: maladresse, impr\u00e9cision, indiscipline. \u00ab\u00a0Surtout ces moments que l\u2019on a pass\u00e9s \u00e0 14. On a vu une \u00e9quipe soud\u00e9e, on s\u2019est battus comme des fous. Le ballon port\u00e9 que l\u2019on d\u00e9fend apr\u00e8s le carton jaune est l\u2019exemple parfait\u00a0\u00bb, illustrait encore Gorgadze. \u00ab\u00a0D\u00e9fendre notre ligne comme \u00e7a \u00e0 14, contre une \u00e9quipe aussi costaud, c\u2019est un vrai exploit\u00a0\u00bb, rench\u00e9rissait l\u2019ailier Aaron Grandidier.<\/p>\n<p>Le deuxi\u00e8me acte, point faible r\u00e9current de l\u2019exercice pr\u00e9c\u00e9dent, a \u00e9t\u00e9 mieux ma\u00eetris\u00e9 malgr\u00e9 les nombreux mauvais choix observ\u00e9s durant cette premi\u00e8re journ\u00e9e poussive, comme chaque rentr\u00e9e de Top 14. \u00ab\u00a0En 2e mi-temps contre le vent, on trouve une touche directe, on prend un carton jaune, on est globalement domin\u00e9s territorialement. Tout \u00e9tait r\u00e9uni pour un sc\u00e9nario cauchemar\u00a0\u00bb, notait Piqueronies. \u00ab\u00a0La saison derni\u00e8re, on a toujours pein\u00e9 en 2e mi-temps. L\u00e0, globalement, on a r\u00e9ussi \u00e0 maintenir notre niveau d\u2019\u00e9nergie. M\u00eame s\u2019il y a eu beaucoup de d\u00e9chets techniques, il faut valoriser l\u2019\u00e9tat d\u2019esprit des gar\u00e7ons, qui a fait la diff\u00e9rence.\u00a0\u00bb<\/p>\n<p>        <img decoding=\"async\" id=\"25820568\" src=\"https:\/\/www.europesays.com\/fr\/wp-content\/uploads\/2025\/09\/rep-613-hd15593.jpg\" alt=\"Castres a but\u00e9 sur le rideau d\u00e9fensif des B\u00e9arnais, magistraux d\u2019abn\u00e9gation pour d\u00e9crocher un premier succ\u00e8s dans le Tarn depuis 2018.\" itemprop=\"contentURL\"\/><\/p>\n<p>    Castres a but\u00e9 sur le rideau d\u00e9fensif des B\u00e9arnais, magistraux d\u2019abn\u00e9gation pour d\u00e9crocher un premier succ\u00e8s dans le Tarn depuis 2018.<\/p>\n<p>Rodolphe Martin<\/p>\n<p>    Oubli\u00e9es les critiques des amicaux<\/p>\n<p>Cette prestation prend d\u2019autant plus de relief que Pau restait sur deux lourdes d\u00e9faites en pr\u00e9paration, face \u00e0 Montpellier et La\u00a0Rochelle. De quoi installer le doute chez les supporters. \u00ab\u00a0Cette victoire, c\u2019est une \u00e9norme r\u00e9compense du travail de l\u2019\u00e9t\u00e9. On savait aussi que l\u2019on avait \u00e9t\u00e9 beaucoup critiqu\u00e9 apr\u00e8s les deux matches amicaux. C\u2019\u00e9tait un peu le but. Ce qui allait compter, c\u2019\u00e9tait la performance d\u2019aujourd\u2019hui\u00a0\u00bb, glissait un Gorgadze revanchard, mais d\u00e9j\u00e0 tourn\u00e9 vers la r\u00e9ception du Stade Fran\u00e7ais, large vainqueur du promu montalbanais (47-24). \u00ab\u00a0Il ne faut pas s\u2019emballer, c\u2019est une case de coch\u00e9e, mais il faut regarder devant.\u00a0\u00bb<\/p>\n<p>    La r\u00e9daction vous conseille<\/p>\n<p>Le prochain d\u00e9fi est clair\u00a0: confirmer au Hameau. \u00ab\u00a0Il faut que ce soit durable. Si cela ne l\u2019est pas, ce sera tr\u00e8s difficile pour nous\u00a0\u00bb, insistait Piqueronies. \u00ab\u00a0Mais il est \u00e9vident que sur les devoirs de l\u2019\u00e9t\u00e9, notamment sur la conqu\u00eate directe, la Section a \u00e9t\u00e9 au rendez-vous du Top 14.\u00a0\u00bb<\/p>\n<p>Sans plusieurs cadres<\/p>\n<p>Aaron Grandidier n\u2019oubliait pas de souligner les nombreuses failles dans le jeu palois samedi, entre maladresse, indiscipline, et pr\u00e9cipitation. \u00ab\u00a0Il nous manque quand m\u00eame de l\u2019efficacit\u00e9 surtout quand on a des grosses avanc\u00e9es mais c\u2019est s\u00fbr qu\u2019on a marqu\u00e9 beaucoup plus de points qu\u2019eux \u00e0 chaque entr\u00e9e dans les 22. C\u2019est super positif mais je pense qu\u2019il faut quand m\u00eame \u00eatre plus tueurs, surtout quand on franchit.\u00a0\u00bb<\/p>\n<p>\u00c0 Castres, la Section Paloise s\u2019est d\u00e9plac\u00e9e sans plusieurs cadres de son effectif, au repos (Daubagna, Attissogbe, Gailleton) ou en convalescence (Rey, Manu), ainsi que ses deux recrues argentines (Montoya, Isa) qui devraient rajouter un peu plus de puissance au paquet d\u2019avants b\u00e9arnais. \u00ab\u00a0Le Top 14 se joue sur tout un effectif. On a montr\u00e9 que m\u00eame sans les internationaux, on \u00e9tait capable de faire une perf\u2019. C\u2019est une concurrence saine aussi qui est importante pour la construction de la confiance d\u2019un groupe\u00a0\u00bb, jubilait Aaron Grandidier.<\/p>\n<p>En s\u2019imposant \u00e0 Pierre-Fabre, la Section a envoy\u00e9 un premier signal clair. Parfois brouillonne mais toujours f\u00e9roce, elle a b\u00e2ti une victoire peut-\u00eatre fondatrice, plus symbolique que comptable. Reste d\u00e9sormais \u00e0 transformer l\u2019exploit en habitude, car c\u2019est bien la r\u00e9gularit\u00e9 et non les coups d\u2019\u00e9clat isol\u00e9s qui ouvrira enfin la porte du top 6 tant convoit\u00e9.<\/p>\n","protected":false},"excerpt":{"rendered":"La saison pass\u00e9e, la Section Paloise avait attendu la 18e journ\u00e9e pour triompher loin du B\u00e9arn, lors d\u2019une&hellip;\n","protected":false},"author":2,"featured_media":374656,"comment_status":"","ping_status":"","sticky":false,"template":"","format":"standard","meta":{"footnotes":""},"categories":[1416],"tags":[1011,27,479,1468,60],"class_list":{"0":"post-374655","1":"post","2":"type-post","3":"status-publish","4":"format-standard","5":"has-post-thumbnail","7":"category-rugby","8":"tag-fr","9":"tag-france","10":"tag-rugby","11":"tag-rugby-football","12":"tag-sports"},"share_on_mastodon":{"url":"https:\/\/pubeurope.com\/@fr\/115167363310323487","error":""},"_links":{"self":[{"href":"https:\/\/www.europesays.com\/fr\/wp-json\/wp\/v2\/posts\/374655","targetHints":{"allow":["GET"]}}],"collection":[{"href":"https:\/\/www.europesays.com\/fr\/wp-json\/wp\/v2\/posts"}],"about":[{"href":"https:\/\/www.europesays.com\/fr\/wp-json\/wp\/v2\/types\/post"}],"author":[{"embeddable":true,"href":"https:\/\/www.europesays.com\/fr\/wp-json\/wp\/v2\/users\/2"}],"replies":[{"embeddable":true,"href":"https:\/\/www.europesays.com\/fr\/wp-json\/wp\/v2\/comments?post=374655"}],"version-history":[{"count":0,"href":"https:\/\/www.europesays.com\/fr\/wp-json\/wp\/v2\/posts\/374655\/revisions"}],"wp:featuredmedia":[{"embeddable":true,"href":"https:\/\/www.europesays.com\/fr\/wp-json\/wp\/v2\/media\/374656"}],"wp:attachment":[{"href":"https:\/\/www.europesays.com\/fr\/wp-json\/wp\/v2\/media?parent=374655"}],"wp:term":[{"taxonomy":"category","embeddable":true,"href":"https:\/\/www.europesays.com\/fr\/wp-json\/wp\/v2\/categories?post=374655"},{"taxonomy":"post_tag","embeddable":true,"href":"https:\/\/www.europesays.com\/fr\/wp-json\/wp\/v2\/tags?post=374655"}],"curies":[{"name":"wp","href":"https:\/\/api.w.org\/{rel}","templated":true}]}}