{"id":374657,"date":"2025-09-08T06:56:16","date_gmt":"2025-09-08T06:56:16","guid":{"rendered":"https:\/\/www.europesays.com\/fr\/374657\/"},"modified":"2025-09-08T06:56:16","modified_gmt":"2025-09-08T06:56:16","slug":"motogp-catalogne-ducati-entre-optimisme-et-doutes-la-remontee-de-bagnaia-etait-un-peu-longue-nous-attendons-la-confirmation-a-misano-dit-tardozzi","status":"publish","type":"post","link":"https:\/\/www.europesays.com\/fr\/374657\/","title":{"rendered":"MotoGP, Catalogne, Ducati entre optimisme et doutes : \u00ab\u00a0la remont\u00e9e de Bagnaia \u00e9tait un peu longue, nous attendons la confirmation \u00e0 Misano\u00a0\u00bb dit Tardozzi"},"content":{"rendered":"<p><strong>Le Grand Prix de Catalogne a offert \u00e0 Ducati un sixi\u00e8me<br \/>\ntitre cons\u00e9cutif de constructeur, mais aussi un week-end riche en<br \/>\nenseignements. Entre la victoire d\u2019Alex Marquez, la gestion<br \/>\nintelligente de Marc et la remont\u00e9e encourageante \u2013 mais<br \/>\ninsuffisante \u2013 de Pecco Bagnaia, la maison de Borgo Panigale a<br \/>\nlivr\u00e9 son analyse par la voix de Gigi Dall\u2019Igna et Davide Tardozzi,<br \/>\ntous deux au micro de Sky.<\/strong><\/p>\n<p><strong>Gigi Dall\u2019Igna<\/strong>, le directeur g\u00e9n\u00e9ral de<br \/>\n<strong>Ducati Corse<\/strong> a tenu \u00e0 remettre en perspective le<br \/>\nGrand Prix de Catalogne :<\/p>\n<p>\u00ab La s\u00e9rie de victoires de Marc devait prendre fin t\u00f4t ou<br \/>\ntard. Nous avons fait un excellent travail tout le week-end.<br \/>\n<strong>Pecco a fait une superbe course<\/strong>, maintenant nous<br \/>\ndevons capitaliser sur les bonnes choses que nous avons pu faire<br \/>\ndimanche et ce week-end. <strong>Je suis confiant<\/strong>,<br \/>\nconvaincu que nous pourrons faire de bonnes performances avec lui<br \/>\navant la fin de l\u2019ann\u00e9e. \u00bb<\/p>\n<p>Concernant la GP25 de <strong>Bagnaia<\/strong>, Dall\u2019Igna a<br \/>\nconfirm\u00e9 un choix technique important :<\/p>\n<p>\u00ab Nous avons utilis\u00e9 un bras oscillant l\u00e9g\u00e8rement diff\u00e9rent<br \/>\nde celui des courses pr\u00e9c\u00e9dentes ; <strong>c\u2019est un bras oscillant<br \/>\nque tout le monde utilise, et il est plus ou moins align\u00e9 avec<br \/>\ncelui des autres pilotes sur la GP25<\/strong>. Nous devons analyser<br \/>\nles donn\u00e9es et voir. \u00bb<\/p>\n<p>Le team manager Ducati <strong>Davide Tardozzi<\/strong> a quant<br \/>\n\u00e0 lui tenu \u00e0 saluer le week-end du plus jeune des fr\u00e8res<br \/>\n<strong>Marquez<\/strong> :<\/p>\n<p>\u00ab F\u00e9licitations bien m\u00e9rit\u00e9es \u00e0 Alex Marquez qui, malgr\u00e9 son<br \/>\nerreur d\u2019hier en course, a domin\u00e9 le week-end en termes de vitesse.<br \/>\n<strong>Il m\u00e9ritait la victoire. Les compliments viennent de toute<br \/>\nl\u2019\u00e9quipe Ducati<\/strong>. \u00bb<\/p>\n<p><img decoding=\"async\" class=\"aligncenter\" src=\"https:\/\/www.europesays.com\/fr\/wp-content\/uploads\/2025\/09\/Peccobagnaia4546_compressed.jpg\" alt=\"pecco bagnaia\"\/><\/p>\n<p><strong>Davide Tardozzi sur Marc<br \/>\nMarquez\u00a0: \u00ab\u00a0un grand champion sait aussi quand il est<br \/>\ntemps de perdre\u00a0\u00bb<\/strong><\/p>\n<p>Sur <a href=\"https:\/\/www.paddock-gp.com\/motogp-catalogne-championnat-marc-marquez-repousse-lecheance-apres-misano\/\" target=\"_blank\" rel=\"noopener\"><br \/>\n<strong>Marc Marquez<\/strong><\/a>, battu mais toujours solide<br \/>\nleader du <strong>championnat<\/strong> :<\/p>\n<p>\u00ab <strong>Marc a montr\u00e9 qu\u2019il s\u2019\u00e9tait am\u00e9lior\u00e9 dans la<br \/>\ngestion de la course<\/strong> : la vitesse est<br \/>\nindiscutable, un grand champion sait aussi quand il est temps de<br \/>\nperdre. Il a perdu contre un pilote rapide sur cette piste.<br \/>\n\u00bb<\/p>\n<p>Pour <strong>Tardozzi<\/strong>, la remont\u00e9e de<br \/>\n<strong>Bagnaia<\/strong> m\u00e9rite d\u2019\u00eatre reconnue, mais reste<br \/>\ninsuffisante :<\/p>\n<p>\u00ab <strong>Nous avons chang\u00e9 le bras oscillant de<br \/>\nPecco<\/strong> pour l\u2019aider \u00e0 gagner en adh\u00e9rence. Il a<br \/>\ntrouv\u00e9 un arri\u00e8re diff\u00e9rent et a termin\u00e9 cinqui\u00e8me au warm-up. Je<br \/>\npense que sa septi\u00e8me place, en partant de la vingt-et-uni\u00e8me<br \/>\nplace, est plut\u00f4t bonne, <strong>m\u00eame si nous nous attendons \u00e0 ce<br \/>\nqu\u2019il se batte pour le podium<\/strong>. La remont\u00e9e \u00e9tait un peu<br \/>\nlongue, nous attendons la confirmation \u00e0 Misano. \u00bb<\/p>\n<p>Le manager n\u2019a toutefois aucun doute sur le potentiel de son<br \/>\npilote :<\/p>\n<p>\u00ab Nous sommes convaincus que Pecco peut retrouver la vitesse<br \/>\nqu\u2019il nous a montr\u00e9e ces quatre derni\u00e8res ann\u00e9es, <strong>nous n\u2019en<br \/>\ndoutons pas<\/strong>. Le gel concerne le moteur, nous allons<br \/>\npoursuivre le d\u00e9veloppement : <strong>la GP26 sera une \u00e9volution de<br \/>\nla GP25<\/strong>. Pendant l\u2019hiver, Gigi et l\u2019\u00e9quipe r\u00e9fl\u00e9chiront \u00e0<br \/>\nune solution : <strong>\u00e0 Sepang, nous aurons une moto plus avanc\u00e9e<br \/>\nque celle que nous avons actuellement<\/strong>. \u00bb<\/p>\n<p>Si <strong><a href=\"https:\/\/www.paddock-gp.com\/motogp-catalogne-j1-guidotti-explose-le-mythe-il-ny-a-plus-de-domination-ducati\/\" target=\"_blank\" rel=\"noopener\"><br \/>\nDucati<\/a><\/strong> savoure son sixi\u00e8me titre constructeur<br \/>\ncons\u00e9cutif, l\u2019ombre du doute plane encore autour de <a href=\"https:\/\/www.paddock-gp.com\/motogp-catalogne-j1-davide-tardozzi-sonne-lalarme-bagnaia-doit-nous-aider-a-laider\/\" target=\"_blank\" rel=\"noopener\"><br \/>\n<strong>Bagnaia<\/strong><\/a>, triple champion du monde dont deux<br \/>\nfois en MotoGP avec la moto rouge, \u00a0en qu\u00eate de confiance.<br \/>\n<strong>Misano<\/strong> sera la prochaine \u00e9tape cruciale :<br \/>\nconfirmation du redressement ou nouvel \u00e9pisode d\u2019une saison sous<br \/>\ntension.<\/p>\n<p><img decoding=\"async\" class=\"aligncenter\" src=\"https:\/\/www.europesays.com\/fr\/wp-content\/uploads\/2025\/09\/WhatsApp-Image-2025-09-07-at-15.54.32-1024x768.jpeg\"\/><\/p>\n<p><strong>Course <a href=\"https:\/\/www.motogp.com\/en\" target=\"_blank\" rel=\"noopener\">MotoGP<\/a> GP de<br \/>\nCatalogne<\/strong><\/p>\n<p><img decoding=\"async\" class=\"aligncenter\" src=\"https:\/\/www.europesays.com\/fr\/wp-content\/uploads\/2025\/09\/CarrMotoGP.jpg\" alt=\"434343\"\/><\/p>\n<p><strong>Classement g\u00e9n\u00e9ral<br \/>\nMotoGP<\/strong><\/p>\n<p><img decoding=\"async\" class=\"aligncenter\" src=\"https:\/\/www.europesays.com\/fr\/wp-content\/uploads\/2025\/09\/generalmotogp454654.jpg\" alt=\"344343\"\/><\/p>\n<p>\u00a0<\/p>\n<p>\u00a0<\/p>\n","protected":false},"excerpt":{"rendered":"Le Grand Prix de Catalogne a offert \u00e0 Ducati un sixi\u00e8me titre cons\u00e9cutif de constructeur, mais aussi un&hellip;\n","protected":false},"author":2,"featured_media":374658,"comment_status":"","ping_status":"","sticky":false,"template":"","format":"standard","meta":{"footnotes":""},"categories":[1413],"tags":[1011,27,1457,1456,60],"class_list":{"0":"post-374657","1":"post","2":"type-post","3":"status-publish","4":"format-standard","5":"has-post-thumbnail","7":"category-moto","8":"tag-fr","9":"tag-france","10":"tag-moto","11":"tag-motocycle","12":"tag-sports"},"share_on_mastodon":{"url":"https:\/\/pubeurope.com\/@fr\/115167375215528502","error":""},"_links":{"self":[{"href":"https:\/\/www.europesays.com\/fr\/wp-json\/wp\/v2\/posts\/374657","targetHints":{"allow":["GET"]}}],"collection":[{"href":"https:\/\/www.europesays.com\/fr\/wp-json\/wp\/v2\/posts"}],"about":[{"href":"https:\/\/www.europesays.com\/fr\/wp-json\/wp\/v2\/types\/post"}],"author":[{"embeddable":true,"href":"https:\/\/www.europesays.com\/fr\/wp-json\/wp\/v2\/users\/2"}],"replies":[{"embeddable":true,"href":"https:\/\/www.europesays.com\/fr\/wp-json\/wp\/v2\/comments?post=374657"}],"version-history":[{"count":0,"href":"https:\/\/www.europesays.com\/fr\/wp-json\/wp\/v2\/posts\/374657\/revisions"}],"wp:featuredmedia":[{"embeddable":true,"href":"https:\/\/www.europesays.com\/fr\/wp-json\/wp\/v2\/media\/374658"}],"wp:attachment":[{"href":"https:\/\/www.europesays.com\/fr\/wp-json\/wp\/v2\/media?parent=374657"}],"wp:term":[{"taxonomy":"category","embeddable":true,"href":"https:\/\/www.europesays.com\/fr\/wp-json\/wp\/v2\/categories?post=374657"},{"taxonomy":"post_tag","embeddable":true,"href":"https:\/\/www.europesays.com\/fr\/wp-json\/wp\/v2\/tags?post=374657"}],"curies":[{"name":"wp","href":"https:\/\/api.w.org\/{rel}","templated":true}]}}