{"id":374661,"date":"2025-09-08T06:58:10","date_gmt":"2025-09-08T06:58:10","guid":{"rendered":"https:\/\/www.europesays.com\/fr\/374661\/"},"modified":"2025-09-08T06:58:10","modified_gmt":"2025-09-08T06:58:10","slug":"robin-lesne-et-enora-aveline-champions-de-bretagne-de-gravel-a-saint-herbot","status":"publish","type":"post","link":"https:\/\/www.europesays.com\/fr\/374661\/","title":{"rendered":"Robin Lesn\u00e9 et Enora Aveline champions de Bretagne de gravel \u00e0 Saint-Herbot"},"content":{"rendered":"<p>Championnats de Bretagne de gravel \u00e0 Saint-Herbot<\/p>\n<p>La seconde \u00e9dition du championnat de Bretagne de gravel a mobilis\u00e9 94 participants sur un parcours difficile trac\u00e9 autour de Saint-Herbot, \u00e0 Plon\u00e9vez-du-Faou. Le d\u00e9nivel\u00e9 n\u2019a pas tard\u00e9 \u00e0 mettre sur orbite les favoris. D\u00e8s les premiers kilom\u00e8tres, Robin Lesn\u00e9 (Dinan Sport Cycling) a pris les commandes. Un temps accompagn\u00e9 par le tenant du titre et \u00e9quipier, Killian Tharrut, Lesn\u00e9 a fini par triompher avec plus de trois minutes d\u2019avance.<\/p>\n<p>Robin Lesn\u00e9 dans un grand jour<\/p>\n<p>\u00ab\u00a0J\u2019\u00e9tais vraiment dans un grand jour, s\u00fbrement ma meilleure forme de la saison. J\u2019\u00e9tais s\u00fbr de moi au d\u00e9part. J\u2019ai fait un tour et demi avec Killian avant de le faire exploser\u00a0\u00bb, commentait le vainqueur. Tharrut devait ensuite c\u00e9der d\u00e9finitivement sur crevaison.<\/p>\n<p>Robin Lesn\u00e9 est un n\u00e9ophyte en gravel. \u00ab\u00a0Je n\u2019ai m\u00eame pas de v\u00e9lo, on m\u2019en a pr\u00eat\u00e9 un pour la course et je n\u2019avais fait que deux sorties avec, mais j\u2019ai une bonne exp\u00e9rience en VTT et en cyclo-cross\u00a0\u00bb, pr\u00e9cise le coureur de Noyal qui d\u00e9die sa victoire \u00e0 Paul, un copain affect\u00e9 par un cancer. \u00ab\u00a0J\u2019ai beaucoup pens\u00e9 \u00e0 lui pendant la course.\u00a0\u00bb<\/p>\n<p>Enora Aveline pr\u00eate pour le cyclo-cross<\/p>\n<p>Chez les femmes, Enora Aveline (Lanester Women Morbihan) a men\u00e9 toute la course avant de s\u2019imposer avec six minutes d\u2019avance. \u00ab\u00a0Je commence juste le gravel, je n\u2019avais fait que deux sorties. J\u2019adore le cyclo-cross, c\u2019est donc un type de course qui me va bien. J\u2019ai bien g\u00e9r\u00e9 mon effort et mes trajectoires car c\u2019\u00e9tait boueux\u00a0\u00bb, sourit la Finist\u00e9rienne qui a remport\u00e9 son premier titre r\u00e9gional. Elle est pr\u00eate pour la saison de cyclo-cross qu\u2019elle d\u00e9butera \u00e0 la fin du mois en Angleterre.<\/p>\n<p class=\"titre-tech\">Les classements<\/p>\n<p class=\"tech\"><strong class=\"tech\">Masculins\u00a0: <\/strong>1. Robin Lesn\u00e9 (Dinan Sport Cycling)\u00a0; 2. M. Gaultier (La Godasse)\u00a0; 3. K. Sadoudi (La Godasse)\u00a0; 4. P.-F. Jutel (Veloplaiz)\u00a0; 5. M. Jeann\u00e8s (CC Jeann\u00e8s)\u00a0; 6. B. Durand (VC Evron)\u00a0; 7. M. Rio (TP Briec)\u00a0; 8. L. Tanguy (VC Evron)\u00a0; 9. Q. Lesongeur (TP Briec)\u00a0; 10. A. Qu\u00e9r\u00e9 (TP Briec).<\/p>\n<p class=\"tech\"><strong class=\"tech\">U23\u00a0: <\/strong>1. Paul-Fran\u00e7ois Jutel (Veloplaiz)\u00a0; 2. L. Tanguy (VC Evron)\u00a0; 3. V. Perrot (TC Granit Rose).<\/p>\n<p class=\"tech\"><strong class=\"tech\">U17\u00a0: <\/strong>1. Ewen Chatelais (US Vern)\u00a0; 2. T. Nicol (CC Ergu\u00e9-Gab\u00e9ric)\u00a0; 3. B. Calvez (Sportbreizh).<\/p>\n<p class=\"tech\"><strong class=\"tech\">F\u00e9minines\u00a0:<\/strong> 1. Enora Aveline (Lanester Women Morbihan)\u00a0; 2. A. Jouault (CC Vitr\u00e9)\u00a0; 3. L. Coraboeuf (Lanester Women Morbihan)\u00a0; 4. J. Denieul (AS Romill\u00e9)\u00a0; 5. A. Rigaux (CC Moncontour).<\/p>\n","protected":false},"excerpt":{"rendered":"Championnats de Bretagne de gravel \u00e0 Saint-Herbot La seconde \u00e9dition du championnat de Bretagne de gravel a mobilis\u00e9&hellip;\n","protected":false},"author":2,"featured_media":374662,"comment_status":"","ping_status":"","sticky":false,"template":"","format":"standard","meta":{"footnotes":""},"categories":[1411],"tags":[1154,207,6159,3166,1011,27,46097,60],"class_list":{"0":"post-374661","1":"post","2":"type-post","3":"status-publish","4":"format-standard","5":"has-post-thumbnail","7":"category-cyclisme","8":"tag-cycling","9":"tag-cyclisme","10":"tag-cyclisme-amateurs","11":"tag-en-continu-sports","12":"tag-fr","13":"tag-france","14":"tag-plonevez-du-faou","15":"tag-sports"},"share_on_mastodon":{"url":"https:\/\/pubeurope.com\/@fr\/115167382987499385","error":""},"_links":{"self":[{"href":"https:\/\/www.europesays.com\/fr\/wp-json\/wp\/v2\/posts\/374661","targetHints":{"allow":["GET"]}}],"collection":[{"href":"https:\/\/www.europesays.com\/fr\/wp-json\/wp\/v2\/posts"}],"about":[{"href":"https:\/\/www.europesays.com\/fr\/wp-json\/wp\/v2\/types\/post"}],"author":[{"embeddable":true,"href":"https:\/\/www.europesays.com\/fr\/wp-json\/wp\/v2\/users\/2"}],"replies":[{"embeddable":true,"href":"https:\/\/www.europesays.com\/fr\/wp-json\/wp\/v2\/comments?post=374661"}],"version-history":[{"count":0,"href":"https:\/\/www.europesays.com\/fr\/wp-json\/wp\/v2\/posts\/374661\/revisions"}],"wp:featuredmedia":[{"embeddable":true,"href":"https:\/\/www.europesays.com\/fr\/wp-json\/wp\/v2\/media\/374662"}],"wp:attachment":[{"href":"https:\/\/www.europesays.com\/fr\/wp-json\/wp\/v2\/media?parent=374661"}],"wp:term":[{"taxonomy":"category","embeddable":true,"href":"https:\/\/www.europesays.com\/fr\/wp-json\/wp\/v2\/categories?post=374661"},{"taxonomy":"post_tag","embeddable":true,"href":"https:\/\/www.europesays.com\/fr\/wp-json\/wp\/v2\/tags?post=374661"}],"curies":[{"name":"wp","href":"https:\/\/api.w.org\/{rel}","templated":true}]}}