{"id":374663,"date":"2025-09-08T06:59:13","date_gmt":"2025-09-08T06:59:13","guid":{"rendered":"https:\/\/www.europesays.com\/fr\/374663\/"},"modified":"2025-09-08T06:59:13","modified_gmt":"2025-09-08T06:59:13","slug":"michael-gerlinger-evoque-le-contentieux-entre-lol-et-botafogo","status":"publish","type":"post","link":"https:\/\/www.europesays.com\/fr\/374663\/","title":{"rendered":"Michael Gerlinger \u00e9voque le contentieux entre l&rsquo;OL et Botafogo"},"content":{"rendered":"<p>                            <img width=\"770\" height=\"433\" src=\"https:\/\/www.europesays.com\/fr\/wp-content\/uploads\/2025\/09\/Gerlinger-770x433.jpg\" class=\"attachment-article size-article wp-post-image\" alt=\"Michael Gerlinger, dirigeant de l'OL\" decoding=\"async\" fetchpriority=\"high\"  \/><\/p>\n<p>Michael Gerlinger, dirigeant de l\u2019OL (Photo by OLIVIER CHASSIGNOLE \/ AFP)<\/p>\n<p>Pourtant appartenant \u00e0 la m\u00eame holding, l&rsquo;OL et Botafogo se livrent une guerre comptable \u00e0 propos de plusieurs op\u00e9rations. Michael Gerlinger en a dit un peu plus sur la situation.<\/p>\n<p>Cela a commenc\u00e9 <a href=\"https:\/\/www.olympique-et-lyonnais.com\/la-bataille-continue-entre-eagle-football-holdings-et-textor,374308.html\" rel=\"nofollow noopener\" target=\"_blank\">bien avant<\/a>, mais en juillet, Botafogo a ouvertement lanc\u00e9 les hostilit\u00e9s en r\u00e9clament publiquement une grosse somme \u00e0 l&rsquo;Olympique lyonnais. La raison \u00e9voqu\u00e9 ? Le club br\u00e9silien s&rsquo;estime\u00a0l\u00e9s\u00e9 sur certains dossiers de ventes de droits \u00e9conomiques de joueurs. Les dirigeants cariocas demandent <a href=\"https:\/\/www.olympique-et-lyonnais.com\/mercato-botafogo-reclame-une-somme-folle-a-lol,374310.html\" rel=\"nofollow noopener\" target=\"_blank\">plusieurs dizaines<\/a> de millions d&rsquo;euros.<\/p>\n<p>\u00ab\u00a0Cela ne concerne pas directement l\u2019OL\u00a0\u00bb<\/p>\n<p>De longues tractations sont \u00e0 pr\u00e9sent op\u00e9r\u00e9es afin de d\u00e9m\u00ealer une situation complexe. Elles prendront sans doute du temps, comme l&rsquo;a expliqu\u00e9 Michael <strong>Gelringer<\/strong>. \u00ab\u00a0C\u2019est une discussion en cours au sein d\u2019Eagle, avec une armada de comptables. Cela ne concerne pas directement l\u2019OL, ce sont les actionnaires qui analysent tout \u00e7a, a indiqu\u00e9 le directeur g\u00e9n\u00e9ral. Nous avons pris en consid\u00e9ration dans le budget quelques transferts effectu\u00e9 entre nous et Botafogo. On reste sur la situation contractuelle comme elle est maintenant.\u00a0\u00bb<\/p>\n<p>Rappelons qu&rsquo;aujourd&rsquo;hui, Fogo&rsquo; affiche un bilan <a href=\"https:\/\/www.olympique-et-lyonnais.com\/comme-a-lol-la-situation-financiere-est-critique-a-botafogo,375049.html\" rel=\"nofollow noopener\" target=\"_blank\">\u00e9conomique \u00ab\u00a0critique\u00a0\u00bb<\/a>, d&rsquo;apr\u00e8s l&rsquo;analyse du cabinet d\u2019audit BDO qui a observ\u00e9 les comptes de la formation de Rio de Janeiro. Apr\u00e8s son d\u00e9part de la gouvernance de l&rsquo;OL, John Textor conserve du pouvoir au Br\u00e9sil, mais les tours de passe-passe semblent aujourd&rsquo;hui avoir leurs<a href=\"https:\/\/www.olympique-et-lyonnais.com\/eagle-football-bidco-pointe-la-gestion-de-textor-a-lol,376767.html\" rel=\"nofollow noopener\" target=\"_blank\"> limite<\/a>s. Les septuples champions de France (2002-2008) en font les frais, mais ils ne sont pas seuls.<\/p>\n<p>\t\t\t\t\t<a href=\"https:\/\/www.olympique-et-lyonnais.com\/ol-une-direction-enfin-alignee,379071.html\" title=\"OL : une direction enfin &quot;align\u00e9e&quot; ?\" rel=\"nofollow noopener\" target=\"_blank\"><img loading=\"lazy\" width=\"580\" height=\"326\" src=\"https:\/\/www.europesays.com\/fr\/wp-content\/uploads\/2025\/09\/AFP__20250709__66BQ3VC__v1__HighRes__FblFraLyon-580x326.jpg\" class=\"attachment-actularge size-actularge wp-post-image\" alt=\"Michael Gerlinger, directeur g\u00e9n\u00e9ral de l'OL, et sa pr\u00e9sidente Michele Kang\" decoding=\"async\"  \/>\t\t\t\t\t<\/a><\/p>\n","protected":false},"excerpt":{"rendered":"Michael Gerlinger, dirigeant de l\u2019OL (Photo by OLIVIER CHASSIGNOLE \/ AFP) Pourtant appartenant \u00e0 la m\u00eame holding, l&rsquo;OL&hellip;\n","protected":false},"author":2,"featured_media":374664,"comment_status":"","ping_status":"","sticky":false,"template":"","format":"standard","meta":{"footnotes":""},"categories":[1410],"tags":[31182,63,1011,27,241,60],"class_list":{"0":"post-374663","1":"post","2":"type-post","3":"status-publish","4":"format-standard","5":"has-post-thumbnail","7":"category-football","8":"tag-botafogo","9":"tag-football","10":"tag-fr","11":"tag-france","12":"tag-ol","13":"tag-sports"},"share_on_mastodon":{"url":"https:\/\/pubeurope.com\/@fr\/115167386968578442","error":""},"_links":{"self":[{"href":"https:\/\/www.europesays.com\/fr\/wp-json\/wp\/v2\/posts\/374663","targetHints":{"allow":["GET"]}}],"collection":[{"href":"https:\/\/www.europesays.com\/fr\/wp-json\/wp\/v2\/posts"}],"about":[{"href":"https:\/\/www.europesays.com\/fr\/wp-json\/wp\/v2\/types\/post"}],"author":[{"embeddable":true,"href":"https:\/\/www.europesays.com\/fr\/wp-json\/wp\/v2\/users\/2"}],"replies":[{"embeddable":true,"href":"https:\/\/www.europesays.com\/fr\/wp-json\/wp\/v2\/comments?post=374663"}],"version-history":[{"count":0,"href":"https:\/\/www.europesays.com\/fr\/wp-json\/wp\/v2\/posts\/374663\/revisions"}],"wp:featuredmedia":[{"embeddable":true,"href":"https:\/\/www.europesays.com\/fr\/wp-json\/wp\/v2\/media\/374664"}],"wp:attachment":[{"href":"https:\/\/www.europesays.com\/fr\/wp-json\/wp\/v2\/media?parent=374663"}],"wp:term":[{"taxonomy":"category","embeddable":true,"href":"https:\/\/www.europesays.com\/fr\/wp-json\/wp\/v2\/categories?post=374663"},{"taxonomy":"post_tag","embeddable":true,"href":"https:\/\/www.europesays.com\/fr\/wp-json\/wp\/v2\/tags?post=374663"}],"curies":[{"name":"wp","href":"https:\/\/api.w.org\/{rel}","templated":true}]}}