{"id":374673,"date":"2025-09-08T07:05:14","date_gmt":"2025-09-08T07:05:14","guid":{"rendered":"https:\/\/www.europesays.com\/fr\/374673\/"},"modified":"2025-09-08T07:05:14","modified_gmt":"2025-09-08T07:05:14","slug":"disney-le-recap-de-la-d23-2025-et-le-calendrier-des-prochaines-sorties","status":"publish","type":"post","link":"https:\/\/www.europesays.com\/fr\/374673\/","title":{"rendered":"Disney : le r\u00e9cap&rsquo; de la D23 2025 et le calendrier des prochaines sorties"},"content":{"rendered":"<p>Lors du week-end du 30 ao\u00fbt au 1er septembre 2025, de nombreux cr\u00e9ateurs de projets d\u00e9velopp\u00e9s par The Walt Disney Company se sont r\u00e9unis \u00e0 Orlando pour la tr\u00e8s attendue Destination D23. Cet \u00e9v\u00e9nement incontournable a \u00e9t\u00e9 l&rsquo;occasion pour les studios de Mickey de d\u00e9voiler ses productions \u00e0 venir. Entre nouveaut\u00e9s, retour de franchises cultes et films originaux, d\u00e9couvrez le calendrier des prochaines sorties de la maison aux grandes oreilles.<\/p>\n<p>Lors de l&rsquo;\u00e9dition 2025 de la convention Destination D23, qui se tenait \u00e0 Orlando du 30 ao\u00fbt au 1er septembre derniers, <a href=\"https:\/\/actus.sfr.fr\/cine-series\/disney_DN-201911070006.html\" title=\"Disney\" class=\"internal_link\" rel=\"nofollow noopener\" target=\"_blank\">Disney<\/a> a lev\u00e9 le rideau sur plusieurs programmes \u00e0 venir. Films d&rsquo;animation in\u00e9dits, suites tr\u00e8s attendues, s\u00e9ries originales Disney+&#8230; les fans de la marque aux grandes oreilles ne sauront plus o\u00f9 donner de la t\u00eate. Durant l&rsquo;\u00e9v\u00e9nement phare, le studio d&rsquo;animation a d\u00e9voil\u00e9 en avant-premi\u00e8re des bandes annonces, dates de sortie et autres informations exclusives sur tous ces projets ambitieux. Voici le r\u00e9cap&rsquo; des annonces faites durant l&rsquo;\u00e9v\u00e9nement.<\/p>\n<p>Les annonces PixarToy Story 5<\/p>\n<p>L&rsquo;ann\u00e9e 2026 sonnera le retour de l&rsquo;une des sagas f\u00e9tiches de <a href=\"https:\/\/actus.sfr.fr\/divertissement\/jeunesse\/pixar_DN-202303240007.html\" title=\"Pixar\" class=\"internal_link\" rel=\"nofollow noopener\" target=\"_blank\">Pixar<\/a> : Toy Story. Apr\u00e8s le succ\u00e8s du <a href=\"https:\/\/actus.sfr.fr\/cine-series\/cinema\/3-bonnes-raisons-de-re-voir-toy-story-4-sur-disney_AN-202206270003.html\" title=\"3 bonnes raisons de (re)voir Toy Story 4 sur Disney+\" class=\"internal_link\" rel=\"nofollow noopener\" target=\"_blank\">quatri\u00e8me opus<\/a>, le studio rel\u00e8ve le d\u00e9fi de poursuivre l&rsquo;aventure avec<a href=\"https:\/\/actus.sfr.fr\/cine-series\/cinema\/toy-story-la-reine-des-neiges-zootopie-les-suites-confirmees-par-disney_AN-202302110005.html\" title=\"Toy Story, La Reine des Neiges, Zootopie : les suites confirm\u00e9es par Disney\" class=\"internal_link\" rel=\"nofollow noopener\" target=\"_blank\"> Toy Story 5<\/a>. Le public pr\u00e9sent lors de la D23 a pu d\u00e9couvrir en avant-premi\u00e8re le nouveau personnage de ce cinqui\u00e8me film, Smarty Pants, qui sera doubl\u00e9 par le com\u00e9dien Conan O&rsquo;Brien. Dans ce chapitre in\u00e9dit, Buzz, Woody, Jessie et le reste de la joyeuse bande de jouets verront leur r\u00f4le et leur travail remis en question \u00e0 cause d&rsquo;une nouvelle obsession qui subjugue les enfants : l&rsquo;\u00e9lectronique. <strong>Le film, actuellement en pr\u00e9paration, est attendu dans les salles obscures le 17 juin 2025.<\/strong><\/p>\n<p>Jumpers<\/p>\n<p>Jumpers, ou Hoppers en version originale, est un <a href=\"https:\/\/actus.sfr.fr\/cine-series\/animation_DN-202312060006.html\" title=\"Animation\" class=\"internal_link\" rel=\"nofollow noopener\" target=\"_blank\">film d&rsquo;animation<\/a> sous forme d&rsquo;odyss\u00e9e fantastique, o\u00f9 l&rsquo;on d\u00e9couvre Mabel, une \u00e9tudiante amoureuse de la nature qui pr\u00e9serve les animaux en les r\u00e9unissant dans une clairi\u00e8re prot\u00e9g\u00e9e. Elle met au point une technologie innovante qui lui permet de \u00ab\u00a0sauter\u00a0\u00bb dans le corps d&rsquo;un castor robotis\u00e9, afin d&rsquo;infiltrer leur monde et d\u00e9couvrir leur r\u00e8gne animal. En parall\u00e8le, le maire de la ville souhaite faire passer un plan pour construire une nouvelle autoroute. La jeune fille va alors devoir s&rsquo;allier \u00e0 ses nouveaux amis les animaux, pour les prot\u00e9ger. <strong>Jumpers<\/strong> sortira le 4 mars 2026 en France.<\/p>\n<\/p>\n<p>Les annonces DisneyTron : Ares<\/p>\n<p>Apr\u00e8s Tron : Legacy, Tron : Ares est un nouvel opus prometteur pour l&rsquo;univers de science-fiction d\u00e9velopp\u00e9 par Walt Disney Pictures d\u00e8s les ann\u00e9es 1980. Il promet un savant m\u00e9lange entre s\u00e9quences spectaculaires et une atmosph\u00e8re int\u00e9gralement repens\u00e9e par Joachim R\u00f8nning. L&rsquo;histoire suit la surprenante aventure d&rsquo;un programme hautement sophistiqu\u00e9 nomm\u00e9 Ares, envoy\u00e9 du monde num\u00e9rique vers le monde r\u00e9el. Il doit mener une mission des plus dangereuses qui scellera la premi\u00e8re rencontre de l&rsquo;humanit\u00e9 avec des \u00eatres pourvus d&rsquo;une <a href=\"https:\/\/actus.sfr.fr\/tech\/news\/intelligence-artificielle_DN-202304120004.html\" title=\"Intelligence artificielle\" class=\"internal_link\" rel=\"nofollow noopener\" target=\"_blank\">intelligence artificielle<\/a>. On y retrouve un casting ambitieux compos\u00e9 de Jared Leto, Greta Lee, Evan Peters, Jodie Turner-Smith, Hasan Minhaj, Arturo Castro, Cameron Monaghan, Gillian Anderson\u00a0et Jeff Bridges. <strong>Tron : Ares<\/strong> est attendu le 8 octobre 2025 au cin\u00e9ma.<\/p>\n<\/p>\n<p>Zootopie 2<\/p>\n<p>L&rsquo;annonce du <a href=\"https:\/\/actus.sfr.fr\/divertissement\/jeunesse\/zootopie-2-le-film-se-devoile-dans-un-trailer_AN-202508020002.html\" title=\"Zootopie 2 : le film se d\u00e9voile dans un trailer\" class=\"internal_link\" rel=\"nofollow noopener\" target=\"_blank\">retour de Zootopie<\/a> a g\u00e9n\u00e9re un certain enthousiasme chez les fans, impatients de retrouver le duo form\u00e9 par Judy Hopps et Nick Wilde dans une nouvelle enqu\u00eate pleine de rebondissements. Dans cette aventure in\u00e9dite, leur collaboration va \u00eatre mise \u00e0 rude \u00e9preuve lorsqu&rsquo;ils vont devoir participer \u00e0 une th\u00e9rapie r\u00e9serv\u00e9e aux co\u00e9quipiers en crise. En parall\u00e8le, une nouvelle enqu\u00eate palpitante les attend. Plusieurs nouveaut\u00e9s seront au programme, comme l&rsquo;arriv\u00e9e de nouveaux personnages tels que le maire Winddancer, un \u00e9talon aussi charismatique que na\u00cff. <strong>Rendez-vous le 26 novembre 2025 pour d\u00e9couvrir Zootopie 2 au cin\u00e9ma.<\/strong><\/p>\n<\/p>\n<p>Hexed<\/p>\n<p>Hexed est un film d&rsquo;animation sign\u00e9 Josie Trinidad (Zootopie, Les Mondes de Ralph) et Jason Hand (<a href=\"https:\/\/actus.sfr.fr\/cine-series\/cinema\/en-video-jose-garcia-et-juan-arbelaez-nous-racontent-encanto_AN-202111260003.html\" title=\"En vid\u00e9o - Jos\u00e9 Garcia et Juan Arbelaez nous racontent Encanto\" class=\"internal_link\" rel=\"nofollow noopener\" target=\"_blank\">Encanto : La fantastique famille Madrigal<\/a>, <a href=\"https:\/\/actus.sfr.fr\/divertissement\/jeunesse\/vaiana-2-les-realisateurs-nous-racontent-la-nouvelle-aventure-des-studios-disney_AN-202412010004.html\" title=\"Vaiana 2 : les r\u00e9alisateurs nous racontent la nouvelle aventure des studios Disney\" class=\"internal_link\" rel=\"nofollow noopener\" target=\"_blank\">Vaiana 2<\/a>), qui nous plonge dans l&rsquo;histoire d&rsquo;un adolescent un peu gauche et de sa m\u00e8re supra-organis\u00e9e. Ensemble, ils d\u00e9couvrent que le gar\u00e7on tire sa singularit\u00e9 de pouvoirs magiques, capables d&rsquo;une part de bouleverser leur vie mais \u00e9galement le monde secret des sortil\u00e8ges. <strong>Il faudra n\u00e9anmoins patienter un peu avant de d\u00e9couvrir cette cr\u00e9ation, qui fera son arriv\u00e9e dans les salles obsucres le 25 novembre 2026.<\/strong><\/p>\n<p>Les annonces Disney+Le Journal d&rsquo;un d\u00e9gonfl\u00e9<\/p>\n<p>Greg Heffley revient tr\u00e8s bient\u00f4t sur <a href=\"https:\/\/actus.sfr.fr\/cine-series\/disney_DN-202012300004.html\" title=\"Disney+\" class=\"internal_link\" rel=\"nofollow noopener\" target=\"_blank\">Disney+<\/a> dans la saga Le Journal d&rsquo;un d\u00e9gonfl\u00e9 ! Dans ce nouveau film, le jeune adolescent est en d\u00e9saccord avec les projections de son p\u00e8re sur lui et son avenir. Contraint par ce dernier de devoir changer de comportement, Greg encha\u00eene les quasi catastrophes hilarantes, jusqu&rsquo;\u00e0 franchir la limite qui entraine un d\u00e9but de remise en question chez le gar\u00e7on&#8230; <strong>Le film sera prochainement disponible sur la plateforme aux grandes oreilles.<\/strong><\/p>\n<p><img loading=\"lazy\" decoding=\"async\" width=\"1920\" height=\"1080\" src=\"https:\/\/www.europesays.com\/fr\/wp-content\/uploads\/2025\/09\/Le-journal-d-un-degonfle-14723.jpg\"  alt=\"La saga &quot;Le Journal d'un d\u00e9gonfl\u00e9&quot; s'agrandit avec un nouveau film bient\u00f4t sur Disney+.\" title=\"La saga &quot;Le Journal d'un d\u00e9gonfl\u00e9&quot; s'agrandit avec un nouveau film bient\u00f4t sur Disney+.\"\/>La saga \u00ab\u00a0Le Journal d&rsquo;un d\u00e9gonfl\u00e9\u00a0\u00bb s&rsquo;agrandit avec un nouveau film bient\u00f4t sur Disney+. \u00a9 Walt Disney Studios<a href=\"https:\/\/www.sfr.fr\/tv-sfr\/disneyplus-bouquet-famille#sfrintid=SFRACTUS_BS_article_recap_annonces_D23_2025\" title=\"S&#039;abonner \u00e0 Disney+\" rel=\"nofollow noopener\" target=\"_blank\"><\/p>\n<p>S&rsquo;abonner \u00e0 Disney+<\/p>\n<p><\/a><\/p>\n<p><strong>En attendant de d\u00e9couvrir toutes ces jolies nouveaut\u00e9s, rendez-vous sur la plateforme Disney+ pour plonger d\u00e8s \u00e0 pr\u00e9sent dans les merveilleux univers de Disney et Pixar !<\/strong><\/p>\n<p><strong>Source : <\/strong>The Walt Disney Company<\/p>\n","protected":false},"excerpt":{"rendered":"Lors du week-end du 30 ao\u00fbt au 1er septembre 2025, de nombreux cr\u00e9ateurs de projets d\u00e9velopp\u00e9s par The&hellip;\n","protected":false},"author":2,"featured_media":374674,"comment_status":"","ping_status":"","sticky":false,"template":"","format":"standard","meta":{"footnotes":""},"categories":[1354],"tags":[58,59,1346,1011,27,1360],"class_list":{"0":"post-374673","1":"post","2":"type-post","3":"status-publish","4":"format-standard","5":"has-post-thumbnail","7":"category-films","8":"tag-divertissement","9":"tag-entertainment","10":"tag-films","11":"tag-fr","12":"tag-france","13":"tag-movies"},"share_on_mastodon":{"url":"https:\/\/pubeurope.com\/@fr\/115167410483997284","error":""},"_links":{"self":[{"href":"https:\/\/www.europesays.com\/fr\/wp-json\/wp\/v2\/posts\/374673","targetHints":{"allow":["GET"]}}],"collection":[{"href":"https:\/\/www.europesays.com\/fr\/wp-json\/wp\/v2\/posts"}],"about":[{"href":"https:\/\/www.europesays.com\/fr\/wp-json\/wp\/v2\/types\/post"}],"author":[{"embeddable":true,"href":"https:\/\/www.europesays.com\/fr\/wp-json\/wp\/v2\/users\/2"}],"replies":[{"embeddable":true,"href":"https:\/\/www.europesays.com\/fr\/wp-json\/wp\/v2\/comments?post=374673"}],"version-history":[{"count":0,"href":"https:\/\/www.europesays.com\/fr\/wp-json\/wp\/v2\/posts\/374673\/revisions"}],"wp:featuredmedia":[{"embeddable":true,"href":"https:\/\/www.europesays.com\/fr\/wp-json\/wp\/v2\/media\/374674"}],"wp:attachment":[{"href":"https:\/\/www.europesays.com\/fr\/wp-json\/wp\/v2\/media?parent=374673"}],"wp:term":[{"taxonomy":"category","embeddable":true,"href":"https:\/\/www.europesays.com\/fr\/wp-json\/wp\/v2\/categories?post=374673"},{"taxonomy":"post_tag","embeddable":true,"href":"https:\/\/www.europesays.com\/fr\/wp-json\/wp\/v2\/tags?post=374673"}],"curies":[{"name":"wp","href":"https:\/\/api.w.org\/{rel}","templated":true}]}}