{"id":374675,"date":"2025-09-08T07:07:12","date_gmt":"2025-09-08T07:07:12","guid":{"rendered":"https:\/\/www.europesays.com\/fr\/374675\/"},"modified":"2025-09-08T07:07:12","modified_gmt":"2025-09-08T07:07:12","slug":"anne-sophie-lapix-rame-face-a-kylian-mbappe-pour-sa-premiere-du-20-20","status":"publish","type":"post","link":"https:\/\/www.europesays.com\/fr\/374675\/","title":{"rendered":"Anne-Sophie Lapix rame face \u00e0 Kylian Mbapp\u00e9 pour sa premi\u00e8re du \u00ab20 20\u00bb"},"content":{"rendered":"<p>    Anne-Sophie Lapix face \u00e0 Kylian Mbapp\u00e9 dans le \u00ab20 20\u00bb<br \/>\n                Capture \u00e9cran M6.<\/p>\n<p><strong>ON A REGARD\u00c9 POUR VOUS &#8211;<\/strong> En plus de son \u00e9mission en semaine sur RTL, la journaliste propose chaque dimanche soir sur M6 l\u2019interview d\u2019une personnalit\u00e9 tourn\u00e9e dans les conditions du direct.<\/p>\n<p class=\"fig-paragraph\">TF1 a son portrait de la semaine dans \u00abSept \u00e0 huit\u00bb chaque dimanche, M6 a d\u00e9sormais son \u00ab20 20\u00bb dont le premier num\u00e9ro est propos\u00e9 ce soir. Au contraire d\u2019<a href=\"http:\/\/tvmag.lefigaro.fr\/programme-tv\/people\/une-sedation-profonde-audrey-crespo-mara-raconte-les-derniers-instants-de-thierry-ardisson-dans-quotidien-20250902\" target=\"_blank\" data-fig-type=\"Article\" rel=\"noopener\" data-gtm-custom-categorie=\"navigation\" data-gtm-custom-action=\"crossclick\" data-gtm-custom-label=\"Contextuel\" data-gtm-event=\"customEventSPE\" data-fig-domain=\"TVMAG\">Audrey Crespo-Mara<\/a>\u00a0qui a recours au montage,\u00a0<a href=\"http:\/\/tvmag.lefigaro.fr\/programme-tv\/actu-tele\/anne-sophie-lapix-c-etait-le-bon-moment-pour-me-lancer-dans-autre-chose-20250821\" target=\"_blank\" data-fig-type=\"Article\" rel=\"noopener\" data-gtm-custom-categorie=\"navigation\" data-gtm-custom-action=\"crossclick\" data-gtm-custom-label=\"Contextuel\" data-gtm-event=\"customEventSPE\" data-fig-domain=\"TVMAG\"><strong>Anne-Sophie Lapix<\/strong><\/a> \u00a0enregistre son interview dans les conditions du direct. Mais le programme est loin d\u2019\u00eatre r\u00f4d\u00e9.<\/p>\n<p class=\"fig-paragraph\">Le format est court, dix minutes, diffus\u00e9 juste apr\u00e8s le JT du \u00ab19.45\u00bb et avant l\u2019\u00e9mission de vulgarisation scientifique \u00abE=M6\u00bb. Pourtant, c\u2019est plus t\u00f4t que pr\u00e9vu, \u00e0 20H13, que d\u00e9bute le \u00ab20 20\u00bb pour terminer \u00e0 l\u2019heure o\u00f9 il aurait d\u00fb commencer. Difficile d\u2019installer un rendez-vous qui ne respecte pas l\u2019horaire annonc\u00e9 dans son propre titre.<\/p>\n<p>                                    <a class=\"fig-a11y-skip a11y-hidden\" href=\"#fig-a11y-skip-main-inarticle\"><br \/>\n        Passer la publicit\u00e9<br \/>\n    <\/a><\/p>\n<p class=\"fig-paragraph\">Un joli coup avait \u00e9t\u00e9 annonc\u00e9 lors de la promotion. Le premier invit\u00e9 est\u00a0<a href=\"http:\/\/tvmag.lefigaro.fr\/programme-tv\/actu-tele\/kylian-mbappe-sera-le-premier-invite-d-anne-sophie-lapix-sur-m6-20250905\" target=\"_blank\" data-fig-type=\"Article\" rel=\"noopener\" data-gtm-custom-categorie=\"navigation\" data-gtm-custom-action=\"crossclick\" data-gtm-custom-label=\"Contextuel\" data-gtm-event=\"customEventSPE\" data-fig-domain=\"TVMAG\"><strong>Kylian Mbapp\u00e9<\/strong><\/a> . \u00abNous voulions une personnalit\u00e9 exceptionnelle, dont la parole est rare et qui rassemble les g\u00e9n\u00e9rations pour ce premier num\u00e9ro du \u201c20 20\u201d\u00bb, d\u00e9clarait vendredi Anne-Sophie Lapix avec enthousiasme dans un communiqu\u00e9 transmis \u00e0 l\u2019AFP. C\u2019\u00e9tait avant que TF1 ne\u00a0<a href=\"http:\/\/tvmag.lefigaro.fr\/programme-tv\/actu-tele\/tf1-grille-l-exclusivite-de-m6-et-diffuse-une-interview-de-kylian-mbappe-avant-celle-d-anne-sophie-lapix-ce-soir-20250907\" target=\"_blank\" data-fig-type=\"Article\" rel=\"noopener\" data-gtm-custom-categorie=\"navigation\" data-gtm-custom-action=\"crossclick\" data-gtm-custom-label=\"Contextuel\" data-gtm-event=\"customEventSPE\" data-fig-domain=\"TVMAG\">lui grille l\u2019exclusivit\u00e9<\/a>\u00a0en proposant \u00e0 ses t\u00e9l\u00e9spectateurs une interview du capitaine de l\u2019\u00e9quipe de France de football ce matin, dans \u00abT\u00e9l\u00e9foot\u00bb. D\u00e9cid\u00e9ment ce \u00ab20 20\u00bb ne d\u00e9marre pas sous les meilleurs auspices.<\/p>\n<p>Un sommaire d\u00e9connect\u00e9<\/p>\n<p class=\"fig-paragraph\">\u00abChaque soir je confronte une personnalit\u00e9 \u00e0 une actualit\u00e9 marquante de la semaine. Cette semaine il n\u2019y a pas que la politique, il y a le foot, puisque les Bleus viennent d\u2019entamer les phases \u00e9liminatoires de la Coupe du monde qui aura lieu aux \u00c9tats-Unis\u00bb, d\u00e9bute ce soir sur M6 la journaliste. Au vu de l\u2019actualit\u00e9 br\u00fblante, la veille du vote de confiance provoqu\u00e9 par le premier ministre\u00a0<a href=\"http:\/\/tvmag.lefigaro.fr\/programme-tv\/actu-tele\/je-vous-trouve-gonfle-mohamed-bouhafsi-malmene-en-direct-par-francois-bayrou-dans-c-a-vous-20250906\" target=\"_blank\" data-fig-type=\"Article\" rel=\"noopener\" data-gtm-custom-categorie=\"navigation\" data-gtm-custom-action=\"crossclick\" data-gtm-custom-label=\"Contextuel\" data-gtm-event=\"customEventSPE\" data-fig-domain=\"TVMAG\">Fran\u00e7ois Bayrou<\/a>, le sommaire parait en d\u00e9calage. Mais il a la qualit\u00e9 de promouvoir le groupe puisque les matches seront retransmis sur M6 en juillet 2026. Sans oublier la plateforme M6+ o\u00f9 les abonn\u00e9s pourront avoir acc\u00e8s \u00e0 une s\u00e9quence suppl\u00e9mentaire de l\u2019entretien.<\/p>\n<p class=\"fig-body-link\">\n            \u00c0 lire aussi<br \/>\n        <a class=\"fig-body-link__link fig-premium-mark\" href=\"http:\/\/tvmag.lefigaro.fr\/programme-tv\/actu-tele\/anne-sophie-lapix-c-etait-le-bon-moment-pour-me-lancer-dans-autre-chose-20250821\" target=\"_blank\" data-fig-type=\"Article\" rel=\"noopener\" data-gtm-custom-categorie=\"navigation\" data-gtm-custom-action=\"crossclick\" data-gtm-custom-label=\"Contextuel\" data-gtm-event=\"customEventSPE\" data-fig-domain=\"TVMAG\">Anne-Sophie Lapix\u00a0: \u00abC\u2019\u00e9tait le bon moment pour me lancer dans autre chose\u00bb<br \/>\n    <\/a>\n<\/p>\n<p class=\"fig-paragraph\">Le ton est d\u00e9tendu, mais l\u2019\u00e9change peu loquace. Quand il est invit\u00e9 \u00e0 r\u00e9agir sur les cris racistes \u00e9mis \u00e0 son encontre tandis qu\u2019il marquait un but pour le Real Madrid en ao\u00fbt dernier, Kylian Mbapp\u00e9 d\u00e9clare\u00a0: \u00abJe n\u2019ai rien ressenti, car je n\u2019ai rien entendu\u00bb. Le rebond est difficile \u00e0 faire pour la journaliste. Le sportif estime tout de m\u00eame que c\u2019est un \u00e9v\u00e9nement \u00abaffligeant\u00bb et qu\u2019il est du devoir pour \u00ables joueurs influents de continuer d\u2019en parler\u00bb.<\/p>\n<p class=\"fig-paragraph\">Anne-Sophie Lapix avait mieux r\u00e9ussi\u00a0<a href=\"http:\/\/tvmag.lefigaro.fr\/programme-tv\/actu-tele\/je-suis-tres-heureuse-de-rejoindre-l-equipe-anne-sophie-lapix-fait-sa-rentree-sur-rtl-20250825\" target=\"_blank\" data-fig-type=\"Article\" rel=\"noopener\" data-gtm-custom-categorie=\"navigation\" data-gtm-custom-action=\"crossclick\" data-gtm-custom-label=\"Contextuel\" data-gtm-event=\"customEventSPE\" data-fig-domain=\"TVMAG\">sa rentr\u00e9e sur RTL<\/a>. La journaliste a d\u00e9j\u00e0 pris ses quartiers face au micro depuis le 25 ao\u00fbt. Elle occupe la case 18H\/20H, du lundi au jeudi. Joli clin d\u2019\u0153il \u00e0 la station, elle avait arbor\u00e9 une chemise du m\u00eame rouge que le logo de la radio.<\/p>\n","protected":false},"excerpt":{"rendered":"Anne-Sophie Lapix face \u00e0 Kylian Mbapp\u00e9 dans le \u00ab20 20\u00bb Capture \u00e9cran M6. ON A REGARD\u00c9 POUR VOUS&hellip;\n","protected":false},"author":2,"featured_media":374676,"comment_status":"","ping_status":"","sticky":false,"template":"","format":"standard","meta":{"footnotes":""},"categories":[9],"tags":[21313,1011,27,6477,494,60],"class_list":{"0":"post-374675","1":"post","2":"type-post","3":"status-publish","4":"format-standard","5":"has-post-thumbnail","7":"category-sports","8":"tag-anne-sophie-lapix","9":"tag-fr","10":"tag-france","11":"tag-kylian-mbappe","12":"tag-m6","13":"tag-sports"},"share_on_mastodon":{"url":"https:\/\/pubeurope.com\/@fr\/115167418569874974","error":""},"_links":{"self":[{"href":"https:\/\/www.europesays.com\/fr\/wp-json\/wp\/v2\/posts\/374675","targetHints":{"allow":["GET"]}}],"collection":[{"href":"https:\/\/www.europesays.com\/fr\/wp-json\/wp\/v2\/posts"}],"about":[{"href":"https:\/\/www.europesays.com\/fr\/wp-json\/wp\/v2\/types\/post"}],"author":[{"embeddable":true,"href":"https:\/\/www.europesays.com\/fr\/wp-json\/wp\/v2\/users\/2"}],"replies":[{"embeddable":true,"href":"https:\/\/www.europesays.com\/fr\/wp-json\/wp\/v2\/comments?post=374675"}],"version-history":[{"count":0,"href":"https:\/\/www.europesays.com\/fr\/wp-json\/wp\/v2\/posts\/374675\/revisions"}],"wp:featuredmedia":[{"embeddable":true,"href":"https:\/\/www.europesays.com\/fr\/wp-json\/wp\/v2\/media\/374676"}],"wp:attachment":[{"href":"https:\/\/www.europesays.com\/fr\/wp-json\/wp\/v2\/media?parent=374675"}],"wp:term":[{"taxonomy":"category","embeddable":true,"href":"https:\/\/www.europesays.com\/fr\/wp-json\/wp\/v2\/categories?post=374675"},{"taxonomy":"post_tag","embeddable":true,"href":"https:\/\/www.europesays.com\/fr\/wp-json\/wp\/v2\/tags?post=374675"}],"curies":[{"name":"wp","href":"https:\/\/api.w.org\/{rel}","templated":true}]}}