{"id":374677,"date":"2025-09-08T07:08:13","date_gmt":"2025-09-08T07:08:13","guid":{"rendered":"https:\/\/www.europesays.com\/fr\/374677\/"},"modified":"2025-09-08T07:08:13","modified_gmt":"2025-09-08T07:08:13","slug":"il-ne-faut-pas-inverser-les-responsabilites-isabelle-ithurburu-reagit-aux-attaques-de-pierre-menes-contre-marie-portolano","status":"publish","type":"post","link":"https:\/\/www.europesays.com\/fr\/374677\/","title":{"rendered":"\u00ab\u00a0Il ne faut pas inverser les responsabilit\u00e9s\u00a0\u00bb : Isabelle Ithurburu r\u00e9agit aux attaques de Pierre M\u00e9n\u00e8s contre Marie Portolano"},"content":{"rendered":"<p>            <img loading=\"lazy\" decoding=\"async\" src=\"https:\/\/www.europesays.com\/fr\/wp-content\/uploads\/2025\/04\/82-65703a09b7c5d-35x35-1.jpg\" class=\"author-article-picture\" width=\"35\" height=\"35\"\/><\/p>\n<p>                Par<br \/>\n                                    <a class=\"author-article-bio-link\" href=\"https:\/\/www.ozap.com\/auteur\/bruna-fernandez_a82\" rel=\"nofollow noopener\" target=\"_blank\">Bruna Fernandez<\/a><br \/>\n                                                    | Journaliste<\/p>\n<p>\n                N\u00e9e \u00e0 l\u2019\u00e9poque des \u201cInconnus\u201d, Bruna grandit entre le Br\u00e9sil et la France. Enfant, elle enrichit son imaginaire devant le grand et le petit \u00e9cran. Devenue journaliste, elle passe derri\u00e8re la cam\u00e9ra et travaille pour plusieurs \u00e9missions. Un petit monde qu\u2019elle se pla\u00eet \u00e0 d\u00e9cortiquer pour puremedias.\n            <\/p>\n<p>\n    La journaliste, qui avait t\u00e9moign\u00e9 dans le documentaire \u00ab\u00a0Je ne suis pas une salope, je suis une journaliste\u00a0\u00bb a tenu \u00e0 d\u00e9fendre sa cons\u0153ur, qui est accus\u00e9e de diffamation par l&rsquo;ancien chroniqueur star du \u00ab\u00a0Canal Football Club\u00a0\u00bb.\n<\/p>\n<p>                            <img loading=\"lazy\" decoding=\"async\" class=\"player-thumbnail\" src=\"https:\/\/www.europesays.com\/fr\/wp-content\/uploads\/2025\/09\/15926f9669414505-580x326-1.jpg\" width=\"580\" height=\"326\"\/><\/p>\n<p>                    Isabelle Ithurburu pr\u00e9sente le \u00ab\u00a013 Heures\u00a0\u00bb de TF1, le lundi 21 juillet 2025. \u00a9 TF1<\/p>\n<p>La suite apr\u00e8s la publicit\u00e9<\/p>\n<p>Figure montante de TF1, elle vient elle aussi, du journalisme sportif. Dans un entretien accord\u00e9 \u00e0 \u00ab\u00a0Sateliffacts\u00a0\u00bb et mis en ligne ce vendredi 5 septembre, <a href=\"https:\/\/www.ozap.com\/personnalite\/isabelle-ithurburu_e200614\" rel=\"nofollow noopener\" target=\"_blank\">Isabelle Ithurburu<\/a> revient sur sa rentr\u00e9e m\u00e9diatique charg\u00e9e sur TF1, apr\u00e8s avoir <a href=\"https:\/\/www.ozap.com\/actu\/je-suis-soulagee-que-le-public-du-13-heures-soit-reste-isabelle-ithurburu-dresse-le-bilan-de-ses-debuts-au-jt-de-tf1\/651209\" rel=\"nofollow noopener\" target=\"_blank\">pris le fauteuil de joker du \u00ab\u00a013H\u00a0\u00bb de TF1 avec succ\u00e8s<\/a>. \u00c0 l&rsquo;occasion de cette interview, la journaliste a \u00e9galement \u00e9t\u00e9 interrog\u00e9e sur l&rsquo;affaire qui oppose <a href=\"https:\/\/www.ozap.com\/personnalite\/marie-portolano_e551047\" rel=\"nofollow noopener\" target=\"_blank\">Marie Portolano<\/a> \u00e0 <a href=\"https:\/\/www.ozap.com\/personnalite\/pierre-menes_e1936\" rel=\"nofollow noopener\" target=\"_blank\">Pierre M\u00e9n\u00e8s<\/a>.\u00a0<\/p>\n<p>\u00ab\u00a0Il y a encore des femmes qui n&rsquo;osent pas parler\u00a0\u00bb<\/p>\n<p>Isabelle Ithurburu avait en effet t\u00e9moign\u00e9 dans le documentaire de sa cons\u0153ur <a href=\"https:\/\/www.ozap.com\/actu\/-je-ne-suis-pas-une-salope-le-doc-de-marie-portolano-sur-le-sexisme-dans-le-journalisme-sportif-a-18h-sur-canal\/602832\" rel=\"nofollow noopener\" target=\"_blank\">\u00ab\u00a0Je ne suis pas une salope, je suis une journaliste\u00a0\u00bb<\/a>, diffus\u00e9 en 2021 sur Canal+.\u00a0\u00ab\u00a0J&rsquo;ai h\u00e9sit\u00e9 \u00e0 y participer parce que je n&rsquo;ai jamais eu ce genre de probl\u00e8me. J&rsquo;ai eu beaucoup de chance\u00a0\u00bb, se rappelle celle qui a \u00ab\u00a0pr\u00e9sent\u00e9 &lsquo;Jour de rugby &lsquo;et cr\u00e9\u00e9 le &lsquo;Canal Rugby Club'\u00a0\u00bb. \u00ab\u00a0Dans un milieu encore tr\u00e8s masculin, je n&rsquo;ai jamais \u00e9t\u00e9 un faire-valoir\u00a0\u00bb, assure-t-elle. \u00ab\u00a0Et en m\u00eame temps, ce documentaire a permis aux hommes de prendre conscience et de casser certains mauvais comportements au quotidien\u00a0\u00bb, conc\u00e8de-t-elle.\u00a0<\/p>\n<p>Mais c&rsquo;est surtout sur les attaques de Pierre M\u00e9n\u00e8s que la journaliste a tenu \u00e0 r\u00e9agir. L&rsquo;ancien consultant du \u00ab\u00a0Canal Football Club\u00a0\u00bb <a href=\"https:\/\/www.ozap.com\/actu\/jai-tout-perdu-avec-cette-histoire-pierre-menes-porte-plainte-pour-diffamation-contre-marie-portolano-quil-accuse-davoir-brise-sa-carriere\/647873\" rel=\"nofollow noopener\" target=\"_blank\">estime que Marie Portolano a \u00ab\u00a0bris\u00e9 sa vie\u00a0\u00bb<\/a> pour faire carri\u00e8re. Une accusation qu&rsquo;Isabelle Ithurburu rejette fermement : \u00ab\u00a0Je ne pense pas qu&rsquo;elle ait bris\u00e9 sa vie, il ne faut pas inverser les responsabilit\u00e9s. Dans ce milieu comme dans d&rsquo;autres, je pense qu&rsquo;on est loin d&rsquo;\u00eatre all\u00e9 trop loin. Il y a encore <a href=\"https:\/\/www.ozap.com\/actu\/quand-tu-le-quittes-il-est-cache-dans-ton-parking-le-temoignage-poignant-d-alexandra-rosenfeld-dans-quotidien-qui-accuse-jean-imbert-de-violences-conjugales\/651454\" rel=\"nofollow noopener\" target=\"_blank\">des femmes qui n&rsquo;osent pas parler.<\/a> Il faut continuer\u2026\u00a0\u00bb<\/p>\n<p>Co\u00efncidence du calendrier, ce jeudi 4 septembre, le m\u00e9dia \u00ab\u00a0Les Jours\u00a0\u00bb a r\u00e9v\u00e9l\u00e9 que Marie Portolano a \u00e9t\u00e9 mise en examen pour complicit\u00e9 de diffamation aux c\u00f4t\u00e9s de Manuel Carcassonne, directeur des \u00e9ditions Stock, depuis le 15 ao\u00fbt dernier, apr\u00e8s une plainte d\u00e9pos\u00e9e par Pierre M\u00e9n\u00e8s. L&rsquo;ancien chroniqueur du \u00ab\u00a0Canal Football Club\u00a0\u00bb accuse la journaliste de l&rsquo;avoir vis\u00e9 dans son livre \u00ab\u00a0Je suis la femme du plateau\u00a0\u00bb, publi\u00e9 en mars 2024 aux \u00e9ditions Stock.\u00a0<\/p>\n<p><a href=\"https:\/\/www.ozap.com\/actu\/marie-portolano-mise-en-examen-pour-diffamation-apres-une-plainte-deposee-par-pierre-menes\/651472\" rel=\"nofollow noopener\" target=\"_blank\"><strong>\u00c0 LIRE AUSSI : Marie Portolano mise en examen pour diffamation apr\u00e8s une plainte d\u00e9pos\u00e9e par Pierre M\u00e9n\u00e8s<\/strong><\/a><\/p>\n<p>\u00c0 noter que dans ce type d&rsquo;affaires, la mise en examen est quasi-automatique \u00e0 l&rsquo;issue d&rsquo;une plainte avec constitution de partie civile. Dans le livre, la pr\u00e9sentatrice raconte notamment une agression sexuelle pr\u00e9sum\u00e9e en ao\u00fbt 2016, \u00e0 l&rsquo;issue d&rsquo;une \u00e9mission sur Canal+. Si elle ne cite jamais le nom de Pierre M\u00e9n\u00e8s, l&rsquo;int\u00e9ress\u00e9 estime \u00eatre \u00ab\u00a0tout \u00e0 fait identifiable\u00a0\u00bb et a d\u00e9pos\u00e9 plainte le 11 juin dernier. Dans un autre extrait jug\u00e9 diffamatoire, elle affirme : \u00ab\u00a0On a dit de lui qu&rsquo;il avait un &lsquo;droit de cuissage'\u00a0\u00bb.\u00a0<\/p>\n<p>L&rsquo;affaire remonte \u00e0 la diffusion du documentaire. Rapidement, la pol\u00e9mique avait enfl\u00e9 <a href=\"https:\/\/www.ozap.com\/actu\/-je-ne-suis-pas-une-salope-je-suis-une-journaliste-des-scenes-avec-pierre-menes-coupees-au-montage\/602853\" rel=\"nofollow noopener\" target=\"_blank\">apr\u00e8s la r\u00e9v\u00e9lation par \u00ab\u00a0Les Jours\u00a0\u00bb de la censure d&rsquo;une s\u00e9quence o\u00f9 Pierre M\u00e9n\u00e8s \u00e9tait mis en cause<\/a> pour avoir soulev\u00e9 la jupe de Marie Portolano en plateau. En mars 2022, <a href=\"https:\/\/www.ozap.com\/actu\/marie-portolano-au-sujet-de-pierre-menes-j-avais-envie-d-aider-les-femmes-pas-de-detruire-un-homme\/614718\" rel=\"nofollow noopener\" target=\"_blank\">dans une interview accord\u00e9e \u00e0 \u00ab\u00a0L&rsquo;\u00c9quipe\u00a0\u00bb, la journaliste pr\u00e9cisait<\/a> : \u00ab\u00a0Le doc voulait s&rsquo;attaquer \u00e0 un syst\u00e8me (&#8230;)\u00a0 Je ne voulais pas raconter un homme, un agissement, mais tout ce qui a permis \u00e0 certains hommes de se comporter ainsi pendant des ann\u00e9es\u00a0\u00bb, avant d&rsquo;ajouter \u00ab\u00a0J&rsquo;avais envie d&rsquo;aider les femmes, pas de d\u00e9truire un homme\u00a0\u00bb.<\/p>\n<p>Du c\u00f4t\u00e9 de Pierre M\u00e9n\u00e8s, EA Sports a rompu leur collaboration, et plusieurs enqu\u00eates internes ont \u00e9t\u00e9 ouvertes chez Canal+, Radio France et RMC Sport. \u00ab\u00a0J&rsquo;ai tout perdu avec cette histoire. \u00c7a fait trois ans que mon t\u00e9l\u00e9phone ne sonne plus. J&rsquo;y ai laiss\u00e9 mon honneur, mon travail, ma sant\u00e9\u00a0\u00bb, a-t-il d\u00e9clar\u00e9 dans \u00ab\u00a0Le Parisien\u00a0\u00bb en d\u00e9cembre 2024.\u00a0En avril 2023, il a par ailleurs \u00e9t\u00e9 condamn\u00e9 pour agression sexuelle sur une vendeuse en 2018, mais relax\u00e9 pour deux autres affaires similaires. Depuis 2022, il est vis\u00e9 par une enqu\u00eate pr\u00e9liminaire du parquet de Nanterre pour des faits pr\u00e9sum\u00e9s de harc\u00e8lement sexuel et d&rsquo;agression sexuelle.\u00a0<\/p>\n","protected":false},"excerpt":{"rendered":"Par Bruna Fernandez | Journaliste N\u00e9e \u00e0 l\u2019\u00e9poque des \u201cInconnus\u201d, Bruna grandit entre le Br\u00e9sil et la France.&hellip;\n","protected":false},"author":2,"featured_media":374678,"comment_status":"","ping_status":"","sticky":false,"template":"","format":"standard","meta":{"footnotes":""},"categories":[8],"tags":[58,59,1011,27],"class_list":{"0":"post-374677","1":"post","2":"type-post","3":"status-publish","4":"format-standard","5":"has-post-thumbnail","7":"category-divertissement","8":"tag-divertissement","9":"tag-entertainment","10":"tag-fr","11":"tag-france"},"share_on_mastodon":{"url":"https:\/\/pubeurope.com\/@fr\/115167422333007959","error":""},"_links":{"self":[{"href":"https:\/\/www.europesays.com\/fr\/wp-json\/wp\/v2\/posts\/374677","targetHints":{"allow":["GET"]}}],"collection":[{"href":"https:\/\/www.europesays.com\/fr\/wp-json\/wp\/v2\/posts"}],"about":[{"href":"https:\/\/www.europesays.com\/fr\/wp-json\/wp\/v2\/types\/post"}],"author":[{"embeddable":true,"href":"https:\/\/www.europesays.com\/fr\/wp-json\/wp\/v2\/users\/2"}],"replies":[{"embeddable":true,"href":"https:\/\/www.europesays.com\/fr\/wp-json\/wp\/v2\/comments?post=374677"}],"version-history":[{"count":0,"href":"https:\/\/www.europesays.com\/fr\/wp-json\/wp\/v2\/posts\/374677\/revisions"}],"wp:featuredmedia":[{"embeddable":true,"href":"https:\/\/www.europesays.com\/fr\/wp-json\/wp\/v2\/media\/374678"}],"wp:attachment":[{"href":"https:\/\/www.europesays.com\/fr\/wp-json\/wp\/v2\/media?parent=374677"}],"wp:term":[{"taxonomy":"category","embeddable":true,"href":"https:\/\/www.europesays.com\/fr\/wp-json\/wp\/v2\/categories?post=374677"},{"taxonomy":"post_tag","embeddable":true,"href":"https:\/\/www.europesays.com\/fr\/wp-json\/wp\/v2\/tags?post=374677"}],"curies":[{"name":"wp","href":"https:\/\/api.w.org\/{rel}","templated":true}]}}