{"id":374681,"date":"2025-09-08T07:10:09","date_gmt":"2025-09-08T07:10:09","guid":{"rendered":"https:\/\/www.europesays.com\/fr\/374681\/"},"modified":"2025-09-08T07:10:09","modified_gmt":"2025-09-08T07:10:09","slug":"trams-metros-et-bus-au-ralenti-avec-la-greve-des-tcl-plus-de-60-km-de-bouchons-matinee-galere-dans-les-transports-le-progres","status":"publish","type":"post","link":"https:\/\/www.europesays.com\/fr\/374681\/","title":{"rendered":"Trams, m\u00e9tros et bus au ralenti avec la gr\u00e8ve des TCL, plus de 60 km de bouchons : matin\u00e9e gal\u00e8re dans les transports &#8211; Le Progr\u00e8s"},"content":{"rendered":"<ol>\n<li><a href=\"https:\/\/news.google.com\/rss\/articles\/CBMi1gFBVV95cUxOeFB0QmtzeEFFOF9PTE9WVmVhbldXMUZrSEJ2NDFDTVhWVVBDc25HTUZTYXRfb2t5U01mQmJCcXVJdmZOWjR1Wnk4VzRNcjIwZXFwcVloZlo4ZzhnT2FEZ3J0VFNVWGpOV1hoTVlsTzB4ZzBlSmI2VklmOHI1YzlSbnZ0V25WZnNCSjBVMmluRmNGdXpvaU1DZWppSDItN3ZBaE53Z3ZFLWZmZzdXLTlabnpHWldUZW1Qam9FNjRGT04zcHF1bkw2aFdncG5lY0FUbThNakh3?oc=5\" target=\"_blank\" rel=\"noopener\">Trams, m\u00e9tros et bus au ralenti avec la gr\u00e8ve des TCL, plus de 60 km de bouchons : matin\u00e9e gal\u00e8re dans les transports<\/a>&nbsp;&nbsp;Le Progr\u00e8s<\/li>\n<li><a href=\"https:\/\/news.google.com\/rss\/articles\/CBMipAFBVV95cUxPWkpEWl9ibXVuOVhJUnNMSmRIU19iNG9nQ0I5QjNTckdnbGtHQkJYMEhLUm9ZOUc5eURmelhSd0loSFB1VjZCT2h5NW5EWC1JWG1IZnRWNmkxdmZZSzZzcVA0YjJPUHBVYi1aWmR0Ri1fM2hUdHVCWXdhODhnMjZGRmlvek9VVGVmUUpfMjRoemZKUTlCdUZmQmtueWszVElEV2Flbw?oc=5\" target=\"_blank\" rel=\"noopener\">Gr\u00e8ve du 8 septembre : le r\u00e9seau TCL fortement perturb\u00e9 ce lundi<\/a>&nbsp;&nbsp;Radio SCOOP<\/li>\n<li><a href=\"https:\/\/news.google.com\/rss\/articles\/CBMi2gFBVV95cUxPbXRKQkczeTZUYU0yNGRnOVFhRG9VY3RIcUFFbFU0SGtHZElfbFBUajJUOXR3N0duRUNLeDBPZVo2bzVLYWYzdzlkWFVnZW0td1pwMmw5UXJseDJaT0szY19XRmQxWXlBaTBfUjRBdllaRVdrQU9POWFJVEtiZkcwdkwybWVrb1JJdDNJMGJjT1JVN2o1ckxoVHVFNHVIZF9TZTA0THBRYUZvRXYxaUJPMklPNDA5VWNtSVBoTWZiRU5iS0xINGlHdnZHMDI3TnRfcmw4eEw4R0U0Zw?oc=5\" target=\"_blank\" rel=\"noopener\">Les transports en commun tr\u00e8s perturb\u00e9s \u00e0 Lyon le 8 septembre, 700 agents du r\u00e9seau TCL en gr\u00e8ve<\/a>&nbsp;&nbsp;BFMTV<\/li>\n<li><a href=\"https:\/\/news.google.com\/rss\/articles\/CBMingFBVV95cUxQNnRaMjdrajRLMEJkRkdRYWtQS3p1UHlaM3JScW1na3hKRnIzTGlGZmQtdjhaajNiQ0wzWWV4SXUxbW4yQVVkcktaN2hKaVNzaEpzU1VPSUhQSnFiS3pKQVlTMFNQOHU5RUkxek13SS00Sk5LY3BnNHNTYnBRSDBtNjl5V3J3aGRBT19TZWhITm9JVG1lVEh1Qnc5ZU9IUQ?oc=5\" target=\"_blank\" rel=\"noopener\">Gr\u00e8ve TCL \u00e0 Lyon : quelles perturbations sur le r\u00e9seau demain ?<\/a>&nbsp;&nbsp;Lyon Capitale<\/li>\n<li><a href=\"https:\/\/news.google.com\/rss\/articles\/CBMilwJBVV95cUxQTkRPMXRCWUY5YkJra3h3TkRQRWdxdFNLQW5BRHFUQ1lPbnljVXVBZkVQT1VYenhPUDc3b3plV1NiUnhLVlZTeF9tVS1TeXpNUzN2VWdRczZjNVA1alZ2RWNNM211RmI5Q1BOTWlpR1gyMzNmQmtaR25YU2d4T1daN0FJeFJJbmp6Wl8xQ0hzN2pSOFFYMTVSWGlNWHFBclNfdExJeF83NlNfbXBBRlJWeEY0NlVWMXpuQUtHTEtqVXVHSVM1ZlFzbzVUZGhkVXhzcC1ENHhLZ25jeXlnak42MnhRX2QzOElEMGxoajl1dEN0QlFzQ3FzbkMwbHNCcUF6cDFJcWVEM0J1OXZodWxhMU52Vl9LWnc?oc=5\" target=\"_blank\" rel=\"noopener\">Gr\u00e8ve TCL : journ\u00e9e noire dans les transports en commun \u00e0 Lyon, quelles perturbations sur le r\u00e9seau ce lundi ?<\/a>&nbsp;&nbsp;France 3 R\u00e9gions<\/li>\n<\/ol>\n","protected":false},"excerpt":{"rendered":"Trams, m\u00e9tros et bus au ralenti avec la gr\u00e8ve des TCL, plus de 60 km de bouchons :&hellip;\n","protected":false},"author":2,"featured_media":374682,"comment_status":"","ping_status":"","sticky":false,"template":"","format":"standard","meta":{"footnotes":""},"categories":[6],"tags":[119,35,3542,33,34,3152,2757,3153,3154,3155,3156,107,1011,27,2429,1097],"class_list":{"0":"post-374681","1":"post","2":"type-post","3":"status-publish","4":"format-standard","5":"has-post-thumbnail","7":"category-economie","8":"tag-accident","9":"tag-business","10":"tag-circulation","11":"tag-economie","12":"tag-economy","13":"tag-edition-est-lyonnais","14":"tag-edition-lyon-villeurbanne","15":"tag-edition-ouest-lyonnais","16":"tag-edition-sud-lyonnais","17":"tag-edition-tarare","18":"tag-edition-villefranche","19":"tag-fil-info","20":"tag-fr","21":"tag-france","22":"tag-rhone","23":"tag-trafic"},"share_on_mastodon":{"url":"https:\/\/pubeurope.com\/@fr\/115167430333929423","error":""},"_links":{"self":[{"href":"https:\/\/www.europesays.com\/fr\/wp-json\/wp\/v2\/posts\/374681","targetHints":{"allow":["GET"]}}],"collection":[{"href":"https:\/\/www.europesays.com\/fr\/wp-json\/wp\/v2\/posts"}],"about":[{"href":"https:\/\/www.europesays.com\/fr\/wp-json\/wp\/v2\/types\/post"}],"author":[{"embeddable":true,"href":"https:\/\/www.europesays.com\/fr\/wp-json\/wp\/v2\/users\/2"}],"replies":[{"embeddable":true,"href":"https:\/\/www.europesays.com\/fr\/wp-json\/wp\/v2\/comments?post=374681"}],"version-history":[{"count":0,"href":"https:\/\/www.europesays.com\/fr\/wp-json\/wp\/v2\/posts\/374681\/revisions"}],"wp:featuredmedia":[{"embeddable":true,"href":"https:\/\/www.europesays.com\/fr\/wp-json\/wp\/v2\/media\/374682"}],"wp:attachment":[{"href":"https:\/\/www.europesays.com\/fr\/wp-json\/wp\/v2\/media?parent=374681"}],"wp:term":[{"taxonomy":"category","embeddable":true,"href":"https:\/\/www.europesays.com\/fr\/wp-json\/wp\/v2\/categories?post=374681"},{"taxonomy":"post_tag","embeddable":true,"href":"https:\/\/www.europesays.com\/fr\/wp-json\/wp\/v2\/tags?post=374681"}],"curies":[{"name":"wp","href":"https:\/\/api.w.org\/{rel}","templated":true}]}}