{"id":374687,"date":"2025-09-08T07:13:13","date_gmt":"2025-09-08T07:13:13","guid":{"rendered":"https:\/\/www.europesays.com\/fr\/374687\/"},"modified":"2025-09-08T07:13:13","modified_gmt":"2025-09-08T07:13:13","slug":"avec-6-grands-chelems-a-22-ans-apres-son-titre-a-lus-open-alcaraz-plus-precoce-que-djokovic-nadal-et-federer","status":"publish","type":"post","link":"https:\/\/www.europesays.com\/fr\/374687\/","title":{"rendered":"Avec 6 Grands Chelems \u00e0 22\u00a0ans apr\u00e8s son titre \u00e0 l&rsquo;US Open, Alcaraz plus pr\u00e9coce que Djokovic, Nadal et Federer"},"content":{"rendered":"<p>2<\/p>\n<p>\u00c0 22\u00a0ans et 125 jours, Carlos Alcaraz est devenu le deuxi\u00e8me plus jeune joueur dans l&rsquo;\u00e8re Open (1968) \u00e0 remporter 6 titres du Grand Chelem. Seul Bj\u00f6rn Borg a fait mieux que lui en remportant son 6e Majeur, Wimbledon 1978, \u00e0 22\u00a0ans et 32 jours. Alcaraz (22\u00a0ans et 4 mois) devance notamment Rafael Nadal (22\u00a0ans et 8 mois, 22 Grands Chelems), Pete Sampras (23\u00a0ans et 11 mois, 14 Grands Chelems), Roger Federer (24\u00a0ans et 1 mois, 20 Grands Chelems) et Novak Djokovic (25\u00a0ans et 8 mois, 24 Grands Chelems).<\/p>\n","protected":false},"excerpt":{"rendered":"2 \u00c0 22\u00a0ans et 125 jours, Carlos Alcaraz est devenu le deuxi\u00e8me plus jeune joueur dans l&rsquo;\u00e8re Open&hellip;\n","protected":false},"author":2,"featured_media":374688,"comment_status":"","ping_status":"","sticky":false,"template":"","format":"standard","meta":{"footnotes":""},"categories":[2],"tags":[11,1011,27,12],"class_list":{"0":"post-374687","1":"post","2":"type-post","3":"status-publish","4":"format-standard","5":"has-post-thumbnail","7":"category-actualites","8":"tag-actualites","9":"tag-fr","10":"tag-france","11":"tag-news"},"share_on_mastodon":{"url":"https:\/\/pubeurope.com\/@fr\/115167441917398881","error":""},"_links":{"self":[{"href":"https:\/\/www.europesays.com\/fr\/wp-json\/wp\/v2\/posts\/374687","targetHints":{"allow":["GET"]}}],"collection":[{"href":"https:\/\/www.europesays.com\/fr\/wp-json\/wp\/v2\/posts"}],"about":[{"href":"https:\/\/www.europesays.com\/fr\/wp-json\/wp\/v2\/types\/post"}],"author":[{"embeddable":true,"href":"https:\/\/www.europesays.com\/fr\/wp-json\/wp\/v2\/users\/2"}],"replies":[{"embeddable":true,"href":"https:\/\/www.europesays.com\/fr\/wp-json\/wp\/v2\/comments?post=374687"}],"version-history":[{"count":0,"href":"https:\/\/www.europesays.com\/fr\/wp-json\/wp\/v2\/posts\/374687\/revisions"}],"wp:featuredmedia":[{"embeddable":true,"href":"https:\/\/www.europesays.com\/fr\/wp-json\/wp\/v2\/media\/374688"}],"wp:attachment":[{"href":"https:\/\/www.europesays.com\/fr\/wp-json\/wp\/v2\/media?parent=374687"}],"wp:term":[{"taxonomy":"category","embeddable":true,"href":"https:\/\/www.europesays.com\/fr\/wp-json\/wp\/v2\/categories?post=374687"},{"taxonomy":"post_tag","embeddable":true,"href":"https:\/\/www.europesays.com\/fr\/wp-json\/wp\/v2\/tags?post=374687"}],"curies":[{"name":"wp","href":"https:\/\/api.w.org\/{rel}","templated":true}]}}