{"id":374689,"date":"2025-09-08T07:14:10","date_gmt":"2025-09-08T07:14:10","guid":{"rendered":"https:\/\/www.europesays.com\/fr\/374689\/"},"modified":"2025-09-08T07:14:10","modified_gmt":"2025-09-08T07:14:10","slug":"la-dub-inc-remplit-le-zenith-de-saint-etienne-en-48h","status":"publish","type":"post","link":"https:\/\/www.europesays.com\/fr\/374689\/","title":{"rendered":"La Dub Inc remplit le Z\u00e9nith de Saint-\u00c9tienne en 48h"},"content":{"rendered":"<p>7000 places \u00e9coul\u00e9es en deux jours : objectif atteint pour la Dub Inc. Face \u00e0 ce succ\u00e8s, le groupe annonce une nouvelle date fin 2026.<\/p>\n<p>\u00ab Le groupe savait que ce concert \u00e9tait tr\u00e8s attendu, mais il n\u2019aurait jamais imagin\u00e9 qu\u2019il se remplirait aussi vite ! \u00bb a r\u00e9agi la formation st\u00e9phanoise dans un communiqu\u00e9. Les billets pour le Z\u00e9nith de Saint-\u00c9tienne, pr\u00e9vu le 5 d\u00e9cembre 2026, sont partis en seulement 48 heures. Ce concert devait initialement clore la tourn\u00e9e du groupe de Reggae.<\/p>\n<p>Mais bonne nouvelle pour les retardataires : une seconde date est programm\u00e9e. Le lendemain, le 6 d\u00e9cembre, la Dub Inc se produira de nouveau dans la m\u00eame salle. Les places sont d\u00e9j\u00e0 disponibles.<\/p>\n<p><strong>Une tourn\u00e9e d\u00e9j\u00e0 r\u00e9ussie<\/strong><\/p>\n<p>Les Lig\u00e9riens affichent complet sur plusieurs concerts de 2026 : Bordeaux (24 janvier), Lyon (28 janvier) ou encore Paris \u00e0 l\u2019Olympia (16 avril). L\u2019Olympia (le 16 avril et le 06 novembre 2026) et le Z\u00e9nith (05 et 06 d\u00e9cembre 2026) seront d\u2019ailleurs les deux seules salles o\u00f9 la Dub Inc jouera \u00e0 deux reprises.<\/p>\n<p style=\"text-align: left;\">T.Rivi\u00e8re<\/p>\n","protected":false},"excerpt":{"rendered":"7000 places \u00e9coul\u00e9es en deux jours : objectif atteint pour la Dub Inc. Face \u00e0 ce succ\u00e8s, le&hellip;\n","protected":false},"author":2,"featured_media":374690,"comment_status":"","ping_status":"","sticky":false,"template":"","format":"standard","meta":{"footnotes":""},"categories":[9653],"tags":[1111,11,2430,1777,674,1011,27,12,25,4001],"class_list":{"0":"post-374689","1":"post","2":"type-post","3":"status-publish","4":"format-standard","5":"has-post-thumbnail","7":"category-saint-etienne","8":"tag-actu","9":"tag-actualites","10":"tag-auvergne-rhone-alpes","11":"tag-eu","12":"tag-europe","13":"tag-fr","14":"tag-france","15":"tag-news","16":"tag-republique-francaise","17":"tag-saint-etienne"},"share_on_mastodon":{"url":"https:\/\/pubeurope.com\/@fr\/115167445936207371","error":""},"_links":{"self":[{"href":"https:\/\/www.europesays.com\/fr\/wp-json\/wp\/v2\/posts\/374689","targetHints":{"allow":["GET"]}}],"collection":[{"href":"https:\/\/www.europesays.com\/fr\/wp-json\/wp\/v2\/posts"}],"about":[{"href":"https:\/\/www.europesays.com\/fr\/wp-json\/wp\/v2\/types\/post"}],"author":[{"embeddable":true,"href":"https:\/\/www.europesays.com\/fr\/wp-json\/wp\/v2\/users\/2"}],"replies":[{"embeddable":true,"href":"https:\/\/www.europesays.com\/fr\/wp-json\/wp\/v2\/comments?post=374689"}],"version-history":[{"count":0,"href":"https:\/\/www.europesays.com\/fr\/wp-json\/wp\/v2\/posts\/374689\/revisions"}],"wp:featuredmedia":[{"embeddable":true,"href":"https:\/\/www.europesays.com\/fr\/wp-json\/wp\/v2\/media\/374690"}],"wp:attachment":[{"href":"https:\/\/www.europesays.com\/fr\/wp-json\/wp\/v2\/media?parent=374689"}],"wp:term":[{"taxonomy":"category","embeddable":true,"href":"https:\/\/www.europesays.com\/fr\/wp-json\/wp\/v2\/categories?post=374689"},{"taxonomy":"post_tag","embeddable":true,"href":"https:\/\/www.europesays.com\/fr\/wp-json\/wp\/v2\/tags?post=374689"}],"curies":[{"name":"wp","href":"https:\/\/api.w.org\/{rel}","templated":true}]}}