{"id":374691,"date":"2025-09-08T07:15:14","date_gmt":"2025-09-08T07:15:14","guid":{"rendered":"https:\/\/www.europesays.com\/fr\/374691\/"},"modified":"2025-09-08T07:15:14","modified_gmt":"2025-09-08T07:15:14","slug":"on-fait-le-point-sur-les-actions-prevues-ce-mercredi-dans-la-loire","status":"publish","type":"post","link":"https:\/\/www.europesays.com\/fr\/374691\/","title":{"rendered":"on fait le point sur les actions pr\u00e9vues ce mercredi dans la Loire"},"content":{"rendered":"<p>J-2 avant le mouvement national \u00ab\u00a0Bloquons tout\u00a0\u00bb le mercredi 10\u00a0septembre, et les rendez-vous des manifestations se pr\u00e9cisent dans la Loire.<\/p>\n<p>Si les syndicats lig\u00e9riens optent pour une manifestation classique entre deux lieux d\u00e9finis, certains militants privil\u00e9gient, sur la messagerie crypt\u00e9e Telegram, \u00ab\u00a0une organisation en petits groupes et des actions rapides\u00a0\u00bb.<\/p>\n<p>Dans la pr\u00e9fecture de la Loire, l\u2019intersyndicale appelle \u00e0 se mobiliser le mercredi 10\u00a0septembre pour d\u00e9fendre les retraites, le climat ou encore les services publics. Le rendez-vous est fix\u00e9 \u00e0 15 heures \u00e0 la Bourse du travail pour manifester jusqu\u2019\u00e0 l\u2019h\u00f4tel de ville.<\/p>\n<p>Deux rendez-vous \u00e0 Saint-\u00c9tienne<\/p>\n<p>Mais ce n\u2019est pas le seul. Les presque 600 membres que compte la boucle Telegram \u00ab\u00a0Indignons-nous Loire\u00a0\u00bb proposent de se rejoindre \u00e0 8 h 30 sur le parvis de la gare de Saint-Etienne-Ch\u00e2teaucreux. Certains seront pr\u00e9sents d\u00e8s 6 heures pour soutenir les cheminots gr\u00e9vistes.<\/p>\n<p><a href=\"https:\/\/www.leprogres.fr\/social\/2025\/08\/29\/on-peut-tout-imaginer-a-quoi-s-attendre-le-10-septembre-dans-la-loire-avec-le-mouvement-bloquons-tout\" target=\"_blank\" rel=\"nofollow noopener\">Ici, le mode d\u2019action est encore flou.<\/a> \u00ab\u00a0L\u2019autogestion\u00a0\u00bb est le mot d\u2019ordre, \u00e0 savoir la formation de petits groupes de personnes qui se disperseront ensuite dans la ville. Une r\u00e9union est \u00e9galement pr\u00e9vue en fin de journ\u00e9e le 10\u00a0septembre \u00e0 la gare, \u00ab\u00a0pour organiser la suite\u00a0\u00bb.<\/p>\n<p>  Le reste de la Loire \u00e9galement mobilis\u00e9<\/p>\n<p>Ce mouvement, <a href=\"https:\/\/www.leprogres.fr\/social\/2025\/09\/07\/bloquons-tout-pres-d-un-francais-sur-deux-soutient-le-mouvement-du-10-septembre\" target=\"_blank\" rel=\"nofollow noopener\">qui est soutenu par un Fran\u00e7ais sur deux selon un sondage<\/a>, devrait aussi s&rsquo;\u00e9tendre au reste du d\u00e9partement. Une manifestation de l\u2019intersyndicale est ainsi pr\u00e9vue dans la ville de Roanne. Elle partira \u00e0 10\u00a0h\u00a030 du tribunal judiciaire pour rallier la sous-pr\u00e9fecture.<\/p>\n<p>Du c\u00f4t\u00e9 du groupe \u00ab\u00a0Indignons-nous Loire\u00a0\u00bb, qui n\u2019est affili\u00e9 \u00e0 aucun syndicat, des militants montbrisonnais se rassembleront \u00e0 8 heures devant la sous-pr\u00e9fecture de Montbrison, avant de se disperser l\u00e0 aussi.<\/p>\n<p>Plus au sud, \u00e0 Saint-Bonnet-le-Ch\u00e2teau, un rendez-vous est fix\u00e9 \u00e0 l\u2019ancienne gare sur le boulevard du Haut-Forez \u00e0 11 heures. L\u00e0 encore, pour ces deux \u00e9v\u00e9nements, aucun accord ne semble avoir \u00e9t\u00e9 trouv\u00e9 sur la nature des actions \u00e0 mener.<\/p>\n","protected":false},"excerpt":{"rendered":"J-2 avant le mouvement national \u00ab\u00a0Bloquons tout\u00a0\u00bb le mercredi 10\u00a0septembre, et les rendez-vous des manifestations se pr\u00e9cisent dans&hellip;\n","protected":false},"author":2,"featured_media":374692,"comment_status":"","ping_status":"","sticky":false,"template":"","format":"standard","meta":{"footnotes":""},"categories":[9653],"tags":[1111,11,2430,9671,1777,674,107,1011,27,3367,12,25,4001,801],"class_list":{"0":"post-374691","1":"post","2":"type-post","3":"status-publish","4":"format-standard","5":"has-post-thumbnail","7":"category-saint-etienne","8":"tag-actu","9":"tag-actualites","10":"tag-auvergne-rhone-alpes","11":"tag-conflit-social","12":"tag-eu","13":"tag-europe","14":"tag-fil-info","15":"tag-fr","16":"tag-france","17":"tag-loire","18":"tag-news","19":"tag-republique-francaise","20":"tag-saint-etienne","21":"tag-social"},"share_on_mastodon":{"url":"https:\/\/pubeurope.com\/@fr\/115167449778237850","error":""},"_links":{"self":[{"href":"https:\/\/www.europesays.com\/fr\/wp-json\/wp\/v2\/posts\/374691","targetHints":{"allow":["GET"]}}],"collection":[{"href":"https:\/\/www.europesays.com\/fr\/wp-json\/wp\/v2\/posts"}],"about":[{"href":"https:\/\/www.europesays.com\/fr\/wp-json\/wp\/v2\/types\/post"}],"author":[{"embeddable":true,"href":"https:\/\/www.europesays.com\/fr\/wp-json\/wp\/v2\/users\/2"}],"replies":[{"embeddable":true,"href":"https:\/\/www.europesays.com\/fr\/wp-json\/wp\/v2\/comments?post=374691"}],"version-history":[{"count":0,"href":"https:\/\/www.europesays.com\/fr\/wp-json\/wp\/v2\/posts\/374691\/revisions"}],"wp:featuredmedia":[{"embeddable":true,"href":"https:\/\/www.europesays.com\/fr\/wp-json\/wp\/v2\/media\/374692"}],"wp:attachment":[{"href":"https:\/\/www.europesays.com\/fr\/wp-json\/wp\/v2\/media?parent=374691"}],"wp:term":[{"taxonomy":"category","embeddable":true,"href":"https:\/\/www.europesays.com\/fr\/wp-json\/wp\/v2\/categories?post=374691"},{"taxonomy":"post_tag","embeddable":true,"href":"https:\/\/www.europesays.com\/fr\/wp-json\/wp\/v2\/tags?post=374691"}],"curies":[{"name":"wp","href":"https:\/\/api.w.org\/{rel}","templated":true}]}}