{"id":374700,"date":"2025-09-08T07:24:09","date_gmt":"2025-09-08T07:24:09","guid":{"rendered":"https:\/\/www.europesays.com\/fr\/374700\/"},"modified":"2025-09-08T07:24:09","modified_gmt":"2025-09-08T07:24:09","slug":"les-secrets-enfouis-de-la-tour-de-la-babote-sont-enfin-reveles","status":"publish","type":"post","link":"https:\/\/www.europesays.com\/fr\/374700\/","title":{"rendered":"les secrets enfouis de la tour de la Babote sont enfin r\u00e9v\u00e9l\u00e9s"},"content":{"rendered":"<p>            Par<br \/>\n        <strong><br \/>\n            <a href=\"https:\/\/actu.fr\/auteur\/metropoop\" title=\"Consulter tous les articles de R\u00e9daction M\u00e9tropolitain\" rel=\"nofollow noopener\" target=\"_blank\">R\u00e9daction M\u00e9tropolitain<\/a><br \/>\n        <\/strong><\/p>\n<p>        Publi\u00e9 le<\/p>\n<p>            8 sept. 2025 \u00e0 8h35        <\/p>\n<p>La t<strong>our de la Babote<\/strong> s\u2019\u00e9l\u00e8ve au Nouveau Saint-Roch, dans le quartier historique de <strong>Montpellier.<\/strong> Construite<strong> au XIVe si\u00e8cle<\/strong>, elle appartenait aux remparts qui prot\u00e9geaient la cit\u00e9. Sa base massive et sa position strat\u00e9gique en faisaient un \u00e9l\u00e9ment cl\u00e9 de la d\u00e9fense urbaine. Elle a travers\u00e9 le temps en conservant sa silhouette singuli\u00e8re.<\/p>\n<p>    <a href=\"https:\/\/www.google.com\/maps\/embed?pb=!1m18!1m12!1m3!1d23114.090373704526!2d3.8338559999999995!3d43.6011008!2m3!1f0!2f0!3f0!3m2!1i1024!2i768!4f13.1!3m3!1m2!1s0x12b6afa6112b7047%3A0x32e1c015d1003387!2sLa%20Tour%20de%20la%20Babote!5e0!3m2!1sfr!2sfr!4v1756908137976!5m2!1sfr!2sfr\" title=\"Ouvrie le lien\" rel=\"nofollow noopener\" target=\"_blank\">Cliquez ici pour visualiser le contenu<\/a><\/p>\n<p class=\" wall-content\">\u00c0 ses pieds, le square de la Babote offre aujourd\u2019hui un espace verdoyant au c\u0153ur de la ville, \u00e0 deux pas de la station de tramway de l\u2019Observatoire. Entre bancs et arbres, les passants l\u00e8vent les yeux vers cette sentinelle fig\u00e9e qui rappelle le pass\u00e9 m\u00e9di\u00e9val.<\/p>\n<p>Un parcours guid\u00e9 pour plonger dans l\u2019histoire<\/p>\n<p class=\" wall-content\">L\u2019Office de Tourisme propose une visite guid\u00e9e de deux heures. Un guide passionn\u00e9 raconte l\u2019histoire de la tour, son r\u00f4le d\u00e9fensif et ses usages \u00e0 travers les \u00e9poques. Le parcours d\u00e9bute dans le square et se prolonge dans les rues alentour. Les participants d\u00e9couvrent anecdotes et r\u00e9cits qui \u00e9clairent le quotidien des habitants d\u2019autrefois. Cette immersion s\u2019adresse \u00e0 tous. Amateurs d\u2019histoire, curieux ou simples visiteurs y trouvent mati\u00e8re \u00e0 nourrir leur regard sur la ville.<\/p>\n<p class=\" wall-content\">Deux rendez-vous sont propos\u00e9s :<strong>\u00a0ce jeudi 11 septembre\u00a02025\u00a0<\/strong>\u00e0 14h30 et <strong>le jeudi 18 septembre<\/strong> \u00e0 15h. La r\u00e9servation est vivement conseill\u00e9e aupr\u00e8s de l\u2019Office de Tourisme de Montpellier. Le tarif plein est fix\u00e9 \u00e0 12 euros, le tarif r\u00e9duit \u00e0 10 euros. L\u2019entr\u00e9e est gratuite pour les enfants de moins de 11 ans.<\/p>\n<p>Vid\u00e9os : en ce moment sur Actu<strong>&gt;<\/strong> Cliquez <a href=\"https:\/\/book.montpellier-tourisme.fr\/fr\/voir-faire\/2616099\/de-la-tour-de-la-babote-au-nouveau-saint-roch\/afficher-les-details?sorting=st%3Drnd%3Bso%3Da&amp;search=cbispid%3D2616099&amp;filter=c%3D32319%2C51385%2C36839%2C50547%2C47082\" rel=\"nofollow noopener\" target=\"_blank\">ici<\/a> pour acc\u00e9der \u00e0 la billetterie et r\u00e9server vos billets sans attendre<\/p>\n<p class=\" wall-content\">Personnalisez votre actualit\u00e9 en ajoutant vos villes et m\u00e9dias en favori avec <a href=\"https:\/\/moncompte.actu.fr\" title=\"D\u00e9couvez Mon Actu\" rel=\"nofollow noopener\" data-trk=\"{&quot;cta&quot;:{&quot;action&quot;:&quot;https:\\\/\\\/moncompte.actu.fr&quot;,&quot;category&quot;:&quot;mon compte&quot;,&quot;from&quot;:&quot;article footer&quot;,&quot;name&quot;:&quot;Mon actu&quot;,&quot;type&quot;:&quot;cta&quot;}}\" target=\"_blank\">Mon Actu<\/a>.<\/p>\n","protected":false},"excerpt":{"rendered":"Par R\u00e9daction M\u00e9tropolitain Publi\u00e9 le 8 sept. 2025 \u00e0 8h35 La tour de la Babote s\u2019\u00e9l\u00e8ve au Nouveau&hellip;\n","protected":false},"author":2,"featured_media":374701,"comment_status":"","ping_status":"","sticky":false,"template":"","format":"standard","meta":{"footnotes":""},"categories":[9599],"tags":[1111,11,1777,674,1011,27,1652,2208,12,2680,2551,25,602],"class_list":{"0":"post-374700","1":"post","2":"type-post","3":"status-publish","4":"format-standard","5":"has-post-thumbnail","7":"category-montpellier","8":"tag-actu","9":"tag-actualites","10":"tag-eu","11":"tag-europe","12":"tag-fr","13":"tag-france","14":"tag-loisirs-culture","15":"tag-montpellier","16":"tag-news","17":"tag-occitanie","18":"tag-patrimoine","19":"tag-republique-francaise","20":"tag-tourisme"},"share_on_mastodon":{"url":"https:\/\/pubeurope.com\/@fr\/115167485187135521","error":""},"_links":{"self":[{"href":"https:\/\/www.europesays.com\/fr\/wp-json\/wp\/v2\/posts\/374700","targetHints":{"allow":["GET"]}}],"collection":[{"href":"https:\/\/www.europesays.com\/fr\/wp-json\/wp\/v2\/posts"}],"about":[{"href":"https:\/\/www.europesays.com\/fr\/wp-json\/wp\/v2\/types\/post"}],"author":[{"embeddable":true,"href":"https:\/\/www.europesays.com\/fr\/wp-json\/wp\/v2\/users\/2"}],"replies":[{"embeddable":true,"href":"https:\/\/www.europesays.com\/fr\/wp-json\/wp\/v2\/comments?post=374700"}],"version-history":[{"count":0,"href":"https:\/\/www.europesays.com\/fr\/wp-json\/wp\/v2\/posts\/374700\/revisions"}],"wp:featuredmedia":[{"embeddable":true,"href":"https:\/\/www.europesays.com\/fr\/wp-json\/wp\/v2\/media\/374701"}],"wp:attachment":[{"href":"https:\/\/www.europesays.com\/fr\/wp-json\/wp\/v2\/media?parent=374700"}],"wp:term":[{"taxonomy":"category","embeddable":true,"href":"https:\/\/www.europesays.com\/fr\/wp-json\/wp\/v2\/categories?post=374700"},{"taxonomy":"post_tag","embeddable":true,"href":"https:\/\/www.europesays.com\/fr\/wp-json\/wp\/v2\/tags?post=374700"}],"curies":[{"name":"wp","href":"https:\/\/api.w.org\/{rel}","templated":true}]}}