{"id":374704,"date":"2025-09-08T07:29:11","date_gmt":"2025-09-08T07:29:11","guid":{"rendered":"https:\/\/www.europesays.com\/fr\/374704\/"},"modified":"2025-09-08T07:29:11","modified_gmt":"2025-09-08T07:29:11","slug":"bloquons-tout-des-blocages-et-manifestations-prevus-en-isere","status":"publish","type":"post","link":"https:\/\/www.europesays.com\/fr\/374704\/","title":{"rendered":"Bloquons tout : des blocages et manifestations pr\u00e9vus en Is\u00e8re"},"content":{"rendered":"<p>Mercredi 10 sep\u00adtembre 2025, le col\u00adlec\u00adtif Bloquons tout veut rien moins que\u00a0\u00ab\u00a0mettre le pays \u00e0 l\u2019arr\u00eat\u00a0\u00bb. N\u00e9 sur une boucle Telegram au mois de mai, ins\u00adpir\u00e9 du ras-le-bol des <a href=\"https:\/\/www.placegrenet.fr\/?s=gilets+jaunes\" target=\"_blank\" rel=\"noopener nofollow\">Gilets jaunes<\/a> et s\u2019ap\u00adpuyant sur les r\u00e9seaux sociaux et des assem\u00adbl\u00e9es g\u00e9n\u00e9\u00adrales, <a href=\"https:\/\/x.com\/bloquonstout\" target=\"_blank\" rel=\"noopener nofollow\">le mou\u00adve\u00adment<\/a> reven\u00addique \u00ab\u00a0boy\u00adcott, d\u00e9so\u00adb\u00e9is\u00adsance et soli\u00adda\u00adrit\u00e9\u00a0\u00bb comme mots d\u2019ordre.<\/p>\n<p>\u00c0 Grenoble, les appels cir\u00adculent depuis plu\u00adsieurs semaines sur les boucles de conver\u00adsa\u00adtions pour des \u00ab\u00a0actions mati\u00adnales d\u00e8s 6 heures\u00a0\u00bb sur des axes stra\u00adt\u00e9\u00adgiques \u2013 Porte de France, rond-point Ikea, Pont de Catane et bou\u00adle\u00advard Jean-Pain \u2013 avant une grande mani\u00adfes\u00adta\u00adtion \u00e0 16 heures au d\u00e9part de la place Victor-Hugo en direc\u00adtion de la pr\u00e9\u00adfec\u00adture, sui\u00advie d\u2019une assem\u00adbl\u00e9e g\u00e9n\u00e9\u00adrale au parc Paul-Mistral.<\/p>\n<p>Avant ces ras\u00adsem\u00adble\u00adments, des \u00ab\u00a0pots de d\u00e9part de Fran\u00e7ois Bayrou\u00a0\u00bb auront d\u00e9j\u00e0 eu lieu dans cer\u00adtaines villes, notam\u00adment \u00e0 Grenoble, lundi 8 sep\u00adtembre \u00e0 18 heures, place Docteur L\u00e9on Martin. Mais aussi \u00e0 Bourgoin-Jallieu \u00e0 19 h 15 devant la mai\u00adrie et \u00e0 Vienne \u00e0 19 heures, l\u00e0 aussi devant la mairie.<\/p>\n<p><img fetchpriority=\"high\" decoding=\"async\" aria-describedby=\"caption-attachment-659084\" class=\"wp-image-659084 size-full\" src=\"data:image\/svg+xml,%3Csvg%20xmlns=\" http:=\"\" alt=\"Le tract de Bloquons tout que les automobilistes Grenoblois ont pu trouver coinc\u00e9 sous leurs essuie-glaces ces dernier jours. DR\" width=\"724\" height=\"1024\" data-lazy- data-lazy- data-lazy-src=\"https:\/\/www.europesays.com\/fr\/wp-content\/uploads\/2025\/09\/tractbloquonstoutiserecreditdr.png\"\/><\/p>\n<p id=\"caption-attachment-659084\" class=\"wp-caption-text\">Le tract de Bloquons tout que les auto\u00admo\u00adbi\u00adlistes Grenoblois ont pu trou\u00adver coinc\u00e9 sous leurs essuie-glaces d\u00e9but sep\u00adtembre. DR<\/p>\n<p>D\u2019autres ras\u00adsem\u00adble\u00adments sont aussi annon\u00adc\u00e9s en Is\u00e8re. Comme \u00e0 Vienne \u00e0 9 heures place Simone Veil (ancien Champ de mars) et \u00e0 Saint-Quentin-Fallavier, avec un point de ras\u00adsem\u00adble\u00adment fix\u00e9 l\u00e0 aussi \u00e0 9 heures du matin pr\u00e8s de la bar\u00adri\u00e8re de p\u00e9age. Plus glo\u00adba\u00adle\u00adment, \u00ab\u00a0des blo\u00adcages de raf\u00adfi\u00adne\u00adries, de gares ou d\u2019axes rou\u00adtiers sont redou\u00adt\u00e9s\u00a0\u00bb, pr\u00e9\u00advient <a href=\"https:\/\/www.publicsenat.fr\/actualites\/societe\/bloquons-tout-a-quoi-faut-il-sattendre-le-10-septembre\" target=\"_blank\" rel=\"noopener nofollow\">Public S\u00e9nat,<\/a> sans que l\u2019on sache o\u00f9 et quand ils auront lieu.<\/p>\n","protected":false},"excerpt":{"rendered":"Mercredi 10 sep\u00adtembre 2025, le col\u00adlec\u00adtif Bloquons tout veut rien moins que\u00a0\u00ab\u00a0mettre le pays \u00e0 l\u2019arr\u00eat\u00a0\u00bb. N\u00e9 sur&hellip;\n","protected":false},"author":2,"featured_media":374705,"comment_status":"","ping_status":"","sticky":false,"template":"","format":"standard","meta":{"footnotes":""},"categories":[9566],"tags":[1111,11,2430,1777,674,1011,27,2731,12,25],"class_list":{"0":"post-374704","1":"post","2":"type-post","3":"status-publish","4":"format-standard","5":"has-post-thumbnail","7":"category-grenoble","8":"tag-actu","9":"tag-actualites","10":"tag-auvergne-rhone-alpes","11":"tag-eu","12":"tag-europe","13":"tag-fr","14":"tag-france","15":"tag-grenoble","16":"tag-news","17":"tag-republique-francaise"},"share_on_mastodon":{"url":"https:\/\/pubeurope.com\/@fr\/115167504911472245","error":""},"_links":{"self":[{"href":"https:\/\/www.europesays.com\/fr\/wp-json\/wp\/v2\/posts\/374704","targetHints":{"allow":["GET"]}}],"collection":[{"href":"https:\/\/www.europesays.com\/fr\/wp-json\/wp\/v2\/posts"}],"about":[{"href":"https:\/\/www.europesays.com\/fr\/wp-json\/wp\/v2\/types\/post"}],"author":[{"embeddable":true,"href":"https:\/\/www.europesays.com\/fr\/wp-json\/wp\/v2\/users\/2"}],"replies":[{"embeddable":true,"href":"https:\/\/www.europesays.com\/fr\/wp-json\/wp\/v2\/comments?post=374704"}],"version-history":[{"count":0,"href":"https:\/\/www.europesays.com\/fr\/wp-json\/wp\/v2\/posts\/374704\/revisions"}],"wp:featuredmedia":[{"embeddable":true,"href":"https:\/\/www.europesays.com\/fr\/wp-json\/wp\/v2\/media\/374705"}],"wp:attachment":[{"href":"https:\/\/www.europesays.com\/fr\/wp-json\/wp\/v2\/media?parent=374704"}],"wp:term":[{"taxonomy":"category","embeddable":true,"href":"https:\/\/www.europesays.com\/fr\/wp-json\/wp\/v2\/categories?post=374704"},{"taxonomy":"post_tag","embeddable":true,"href":"https:\/\/www.europesays.com\/fr\/wp-json\/wp\/v2\/tags?post=374704"}],"curies":[{"name":"wp","href":"https:\/\/api.w.org\/{rel}","templated":true}]}}