{"id":374724,"date":"2025-09-08T07:39:12","date_gmt":"2025-09-08T07:39:12","guid":{"rendered":"https:\/\/www.europesays.com\/fr\/374724\/"},"modified":"2025-09-08T07:39:12","modified_gmt":"2025-09-08T07:39:12","slug":"un-nouveau-jardin-de-8000-m2-avec-caniparc-aire-de-jeux-et-arbres-fruitiers-ouvre-aux-chartrons","status":"publish","type":"post","link":"https:\/\/www.europesays.com\/fr\/374724\/","title":{"rendered":"Un nouveau jardin de 8000 m2 avec caniparc, aire de jeux et arbres fruitiers ouvre aux Chartrons"},"content":{"rendered":"<p>Une renaissance fruit de l\u2019engagement citoyen<\/p>\n<p data-start=\"524\" data-end=\"886\">Au d\u00e9but des ann\u00e9es 2000, sur une friche menac\u00e9e par la construction, riverains, associations et collectifs \u2013 dont Bruit du frigo et le centre social Bordeaux Nord \u2013 s\u2019\u00e9taient unis pour cr\u00e9er un espace vert partag\u00e9. Son nom insolite, \u00ab\u00a0<strong>Jardin de ta s\u0153ur <\/strong>\u00bb, choisi par les habitants, a depuis travers\u00e9 le temps et s\u2019impose comme un rep\u00e8re de la vie de quartier.<\/p>\n<p data-start=\"524\" data-end=\"886\"><img loading=\"lazy\" decoding=\"async\" src=\"https:\/\/www.europesays.com\/fr\/wp-content\/uploads\/2025\/09\/jardin-de-ta-soeur.jpg\" width=\"1000\" height=\"667\" alt=\"jardin-de-ta-soeur\"\/><\/p>\n<p>Un \u00e9crin de verdure pens\u00e9 pour tous<\/p>\n<p data-start=\"918\" data-end=\"1037\">Enti\u00e8rement repens\u00e9, le jardin s\u2019\u00e9tend d\u00e9sormais sur 8 000 m\u00b2, dont 6 000 m\u00b2 de surfaces v\u00e9g\u00e9talis\u00e9es. Au programme\u00a0: <strong data-start=\"1040\" data-end=\"1069\">75 arbres suppl\u00e9mentaires<\/strong>, dont 22 fruitiers formant un verger, une <strong data-start=\"1116\" data-end=\"1141\">nouvelle aire de jeux<\/strong>, une <strong data-start=\"1151\" data-end=\"1174\">pergola v\u00e9g\u00e9talis\u00e9e<\/strong>, un <strong data-start=\"1183\" data-end=\"1195\">caniparc<\/strong> pour les chiens, des <strong data-start=\"1221\" data-end=\"1282\">cheminements accessibles aux personnes \u00e0 mobilit\u00e9 r\u00e9duite<\/strong>.<\/p>\n<p data-start=\"918\" data-end=\"1037\"><img loading=\"lazy\" decoding=\"async\" src=\"https:\/\/www.europesays.com\/fr\/wp-content\/uploads\/2025\/09\/bordeaux-jardin-de-ta-soeur.jpg\" width=\"1000\" height=\"667\" alt=\"bordeaux-jardin-de-ta-soeur\"\/><\/p>\n<p data-start=\"1287\" data-end=\"1463\">Les am\u00e9nagements misent aussi sur la convivialit\u00e9\u00a0:<strong> 14 bancs, 4 tables de pique-nique et 3 fontaines \u00e0 eau<\/strong> (dont une pour les chiens) invitent \u00e0 la d\u00e9tente et aux rencontres. Lieu d\u2019animations, de jardinage associatif, de jeux ou de respiration en ville, le \u00ab\u00a0Jardin de ta s\u0153ur\u00a0\u00bb conserve son esprit initial\u00a0: un \u00e9crin de verdure pens\u00e9 collectivement, o\u00f9 la biodiversit\u00e9 et le vivre-ensemble se cultivent au quotidien.<\/p>\n<p>ta S\u0153ur Garden<\/p>\n<li class=\"opening-hours\">Lundi &#8211; dimanche : 8:00 &#8211; 17:30<\/li>\n","protected":false},"excerpt":{"rendered":"Une renaissance fruit de l\u2019engagement citoyen Au d\u00e9but des ann\u00e9es 2000, sur une friche menac\u00e9e par la construction,&hellip;\n","protected":false},"author":2,"featured_media":374725,"comment_status":"","ping_status":"","sticky":false,"template":"","format":"standard","meta":{"footnotes":""},"categories":[2817],"tags":[1111,11,1997,1777,674,1011,27,12,2219,25],"class_list":{"0":"post-374724","1":"post","2":"type-post","3":"status-publish","4":"format-standard","5":"has-post-thumbnail","7":"category-bordeaux","8":"tag-actu","9":"tag-actualites","10":"tag-bordeaux","11":"tag-eu","12":"tag-europe","13":"tag-fr","14":"tag-france","15":"tag-news","16":"tag-nouvelle-aquitaine","17":"tag-republique-francaise"},"share_on_mastodon":{"url":"https:\/\/pubeurope.com\/@fr\/115167544559848881","error":""},"_links":{"self":[{"href":"https:\/\/www.europesays.com\/fr\/wp-json\/wp\/v2\/posts\/374724","targetHints":{"allow":["GET"]}}],"collection":[{"href":"https:\/\/www.europesays.com\/fr\/wp-json\/wp\/v2\/posts"}],"about":[{"href":"https:\/\/www.europesays.com\/fr\/wp-json\/wp\/v2\/types\/post"}],"author":[{"embeddable":true,"href":"https:\/\/www.europesays.com\/fr\/wp-json\/wp\/v2\/users\/2"}],"replies":[{"embeddable":true,"href":"https:\/\/www.europesays.com\/fr\/wp-json\/wp\/v2\/comments?post=374724"}],"version-history":[{"count":0,"href":"https:\/\/www.europesays.com\/fr\/wp-json\/wp\/v2\/posts\/374724\/revisions"}],"wp:featuredmedia":[{"embeddable":true,"href":"https:\/\/www.europesays.com\/fr\/wp-json\/wp\/v2\/media\/374725"}],"wp:attachment":[{"href":"https:\/\/www.europesays.com\/fr\/wp-json\/wp\/v2\/media?parent=374724"}],"wp:term":[{"taxonomy":"category","embeddable":true,"href":"https:\/\/www.europesays.com\/fr\/wp-json\/wp\/v2\/categories?post=374724"},{"taxonomy":"post_tag","embeddable":true,"href":"https:\/\/www.europesays.com\/fr\/wp-json\/wp\/v2\/tags?post=374724"}],"curies":[{"name":"wp","href":"https:\/\/api.w.org\/{rel}","templated":true}]}}