{"id":374726,"date":"2025-09-08T07:40:16","date_gmt":"2025-09-08T07:40:16","guid":{"rendered":"https:\/\/www.europesays.com\/fr\/374726\/"},"modified":"2025-09-08T07:40:16","modified_gmt":"2025-09-08T07:40:16","slug":"j5-le-corps-arbitral-de-saint-malo-bordeaux-un-jeune-arbitre-central-qui-a-deja-rencontre-une-fois-les-girondins","status":"publish","type":"post","link":"https:\/\/www.europesays.com\/fr\/374726\/","title":{"rendered":"[J5] Le corps arbitral de Saint-Malo\/Bordeaux : un jeune arbitre central, qui a d\u00e9j\u00e0 rencontr\u00e9 une fois les Girondins"},"content":{"rendered":"<p><img width=\"773\" height=\"380\" data-lazy-type=\"image\" src=\"https:\/\/www.europesays.com\/fr\/wp-content\/uploads\/2025\/09\/Arbitre-new_OK-773x380.png\" class=\"lazy lazy-hidden attachment-alchemists_thumbnail-lg size-alchemists_thumbnail-lg wp-post-image\" alt=\"\" decoding=\"async\" fetchpriority=\"high\"\/><\/p>\n<p>Pour le compte de la 5\u00e8me journ\u00e9e de National 2, les Girondins<br \/>\nde Bordeaux se d\u00e9placent sur le terrain de l\u2019US Saint-Malo. A cette<br \/>\noccasion, le corps arbitral a \u00e9t\u00e9 d\u00e9sign\u00e9. Ce sera <strong>Valentin<br \/>\nCardon<\/strong> qui sera l\u2019arbitre principal.<\/p>\n<p>Le corps arbitral<\/p>\n<p><strong>Arbitre central<\/strong> : VALENTIN CARDON<br \/> <strong>Arbitre assistant<br \/>\n1<\/strong> : CLEMENT REPESSE<br \/>\n<strong>Arbitre assistant 2<\/strong> : YANN<br \/>\nLE PRIOL<br \/> <strong>D\u00e9l\u00e9gu\u00e9 principal<\/strong> :<br \/>\nPASCAL RAZER<\/p>\n<p>Sa saison actuelle<\/p>\n<p>Valentin Cardon est un jeune arbitre de 26 ans (30 juin 1999).<br \/>\nCette saison, il arbitra uniquement deux rencontres : deux<br \/>\nrencontres de National 2. D\u2019abord dans le Groupe B, lors de la<br \/>\npremi\u00e8re journ\u00e9e, et le match entre le FC Chambly Oise et l\u2019US<br \/>\nThionville (score de 1-0, 8 cartons jaunes distribu\u00e9s, 1 carton<br \/>\nrouge). Puis lors de la 3\u00e8me journ\u00e9e cette fois-ci dans<br \/>\nnotre Groupe A, avec le match entre l\u2019US Granville face \u00e0 Locmin\u00e9<br \/>\n(victoire 1-0, 4 cartons jaunes distribu\u00e9s).<\/p>\n<p>L\u2019historique<\/p>\n<p>Il arbitra \u00e0 une reprise les Girondins de Bordeaux et<br \/>\nSaint-Malo. Pour le club breton, ce fut lors de la saison<br \/>\n2021-2022, lors de la 21\u00e8me journ\u00e9e. Saint-Malo l\u2019avait<br \/>\nemport\u00e9 sur le score de 3-2 face aux Voltigeurs de Ch\u00e2teaubriant (1<br \/>\ncarton jaune distribu\u00e9). Il n\u2019arbitra \u00e9galement qu\u2019une seule<br \/>\nrencontre bordelaise. Ce fut la saison derni\u00e8re, et la rencontre de<br \/>\nla 7\u00e8me journ\u00e9e du Groupe B, entre l\u2019Olympique Saumur et<br \/>\nles Girondins (victoire bordelaise sur le score de 1-2 gr\u00e2ce \u00e0 un<br \/>\ndoubl\u00e9 d\u2019Andy Carroll, 4 cartons jaunes distribu\u00e9s dont 2 \u00e0 Amadou<br \/>\nDiallo et Emeric Depussay).<\/p>\n<p style=\"text-align: center;\"><img loading=\"lazy\" decoding=\"async\" class=\"lazy lazy-hidden alignnone size-full wp-image-562051\" data-lazy-type=\"image\" src=\"https:\/\/www.europesays.com\/fr\/wp-content\/uploads\/2025\/09\/VALENTIN-CARDON.webp.webp\" alt=\"\" width=\"380\" height=\"296\"  \/><\/p>\n","protected":false},"excerpt":{"rendered":"Pour le compte de la 5\u00e8me journ\u00e9e de National 2, les Girondins de Bordeaux se d\u00e9placent sur le&hellip;\n","protected":false},"author":2,"featured_media":374727,"comment_status":"","ping_status":"","sticky":false,"template":"","format":"standard","meta":{"footnotes":""},"categories":[2817],"tags":[1111,11,1997,1777,674,1011,27,12,2219,25],"class_list":{"0":"post-374726","1":"post","2":"type-post","3":"status-publish","4":"format-standard","5":"has-post-thumbnail","7":"category-bordeaux","8":"tag-actu","9":"tag-actualites","10":"tag-bordeaux","11":"tag-eu","12":"tag-europe","13":"tag-fr","14":"tag-france","15":"tag-news","16":"tag-nouvelle-aquitaine","17":"tag-republique-francaise"},"share_on_mastodon":{"url":"https:\/\/pubeurope.com\/@fr\/115167548329398081","error":""},"_links":{"self":[{"href":"https:\/\/www.europesays.com\/fr\/wp-json\/wp\/v2\/posts\/374726","targetHints":{"allow":["GET"]}}],"collection":[{"href":"https:\/\/www.europesays.com\/fr\/wp-json\/wp\/v2\/posts"}],"about":[{"href":"https:\/\/www.europesays.com\/fr\/wp-json\/wp\/v2\/types\/post"}],"author":[{"embeddable":true,"href":"https:\/\/www.europesays.com\/fr\/wp-json\/wp\/v2\/users\/2"}],"replies":[{"embeddable":true,"href":"https:\/\/www.europesays.com\/fr\/wp-json\/wp\/v2\/comments?post=374726"}],"version-history":[{"count":0,"href":"https:\/\/www.europesays.com\/fr\/wp-json\/wp\/v2\/posts\/374726\/revisions"}],"wp:featuredmedia":[{"embeddable":true,"href":"https:\/\/www.europesays.com\/fr\/wp-json\/wp\/v2\/media\/374727"}],"wp:attachment":[{"href":"https:\/\/www.europesays.com\/fr\/wp-json\/wp\/v2\/media?parent=374726"}],"wp:term":[{"taxonomy":"category","embeddable":true,"href":"https:\/\/www.europesays.com\/fr\/wp-json\/wp\/v2\/categories?post=374726"},{"taxonomy":"post_tag","embeddable":true,"href":"https:\/\/www.europesays.com\/fr\/wp-json\/wp\/v2\/tags?post=374726"}],"curies":[{"name":"wp","href":"https:\/\/api.w.org\/{rel}","templated":true}]}}