{"id":374728,"date":"2025-09-08T07:41:09","date_gmt":"2025-09-08T07:41:09","guid":{"rendered":"https:\/\/www.europesays.com\/fr\/374728\/"},"modified":"2025-09-08T07:41:09","modified_gmt":"2025-09-08T07:41:09","slug":"accidents-et-pannes-sous-la-pluie-gros-ralentissements-ce-lundi-sur-le-peripherique-de-toulouse","status":"publish","type":"post","link":"https:\/\/www.europesays.com\/fr\/374728\/","title":{"rendered":"Accidents et pannes sous la pluie\u00a0: gros ralentissements ce lundi sur le p\u00e9riph\u00e9rique de Toulouse"},"content":{"rendered":"<p>\n                                                                    l&rsquo;essentiel<br \/>\n                                                                Ce lundi matin, la circulation a \u00e9t\u00e9 fortement perturb\u00e9e \u00e0 Toulouse, en raison notamment d\u2019un accident sur l\u2019A620 et de pannes de v\u00e9hicules, notamment sur l\u2019A64. La m\u00e9t\u00e9o pluvieuse complique encore la situation.\n                            <\/p>\n<p>Ce lundi 8\u00a0septembre, la m\u00e9t\u00e9o pluvieuse a s\u00e9rieusement compliqu\u00e9 la circulation \u00e0 Toulouse. Un accident a\u00a0provoqu\u00e9 des ralentissements sur le r\u00e9seau p\u00e9riph\u00e9rique sur l\u2019A620.<\/p>\n<p>Cet incident a eu lieu dans le sens le nord vers le\u00a0sud. Un v\u00e9hicule l\u00e9ger et un deux-roues sont entr\u00e9s en collision sur la voie de gauche, entra\u00eenant la neutralisation d\u2019une voie. L\u2019intervention des secours a provoqu\u00e9 d\u2019importants bouchons en pleine heure de pointe.<\/p>\n<p>Un autre accident a eu lieu peu avant 9h, sur le p\u00e9riph\u00e9rique int\u00e9rieur, entre trois v\u00e9hicules. Il a aussi contribu\u00e9 \u00e0 engorger l\u2019axe routier.<\/p>\n<p>Sur l\u2019A64, \u00e0 hauteur de la bretelle d\u2019entr\u00e9e de l\u2019\u00e9changeur, dans le sens Bayonne vers Toulouse, un v\u00e9hicule en panne. Si ce dernier s\u2019est d\u00e9roul\u00e9 hors voie de circulation, il a n\u00e9anmoins contribu\u00e9 \u00e0 la tension g\u00e9n\u00e9rale sur le trafic routier, les automobilistes ralentissant \u00e0 l\u2019approche du site.<\/p>\n","protected":false},"excerpt":{"rendered":"l&rsquo;essentiel Ce lundi matin, la circulation a \u00e9t\u00e9 fortement perturb\u00e9e \u00e0 Toulouse, en raison notamment d\u2019un accident sur&hellip;\n","protected":false},"author":2,"featured_media":374729,"comment_status":"","ping_status":"","sticky":false,"template":"","format":"standard","meta":{"footnotes":""},"categories":[2816],"tags":[1111,11,1777,674,1011,27,12,2680,25,2312],"class_list":{"0":"post-374728","1":"post","2":"type-post","3":"status-publish","4":"format-standard","5":"has-post-thumbnail","7":"category-toulouse","8":"tag-actu","9":"tag-actualites","10":"tag-eu","11":"tag-europe","12":"tag-fr","13":"tag-france","14":"tag-news","15":"tag-occitanie","16":"tag-republique-francaise","17":"tag-toulouse"},"share_on_mastodon":{"url":"https:\/\/pubeurope.com\/@fr\/115167552088561087","error":""},"_links":{"self":[{"href":"https:\/\/www.europesays.com\/fr\/wp-json\/wp\/v2\/posts\/374728","targetHints":{"allow":["GET"]}}],"collection":[{"href":"https:\/\/www.europesays.com\/fr\/wp-json\/wp\/v2\/posts"}],"about":[{"href":"https:\/\/www.europesays.com\/fr\/wp-json\/wp\/v2\/types\/post"}],"author":[{"embeddable":true,"href":"https:\/\/www.europesays.com\/fr\/wp-json\/wp\/v2\/users\/2"}],"replies":[{"embeddable":true,"href":"https:\/\/www.europesays.com\/fr\/wp-json\/wp\/v2\/comments?post=374728"}],"version-history":[{"count":0,"href":"https:\/\/www.europesays.com\/fr\/wp-json\/wp\/v2\/posts\/374728\/revisions"}],"wp:featuredmedia":[{"embeddable":true,"href":"https:\/\/www.europesays.com\/fr\/wp-json\/wp\/v2\/media\/374729"}],"wp:attachment":[{"href":"https:\/\/www.europesays.com\/fr\/wp-json\/wp\/v2\/media?parent=374728"}],"wp:term":[{"taxonomy":"category","embeddable":true,"href":"https:\/\/www.europesays.com\/fr\/wp-json\/wp\/v2\/categories?post=374728"},{"taxonomy":"post_tag","embeddable":true,"href":"https:\/\/www.europesays.com\/fr\/wp-json\/wp\/v2\/tags?post=374728"}],"curies":[{"name":"wp","href":"https:\/\/api.w.org\/{rel}","templated":true}]}}