{"id":374730,"date":"2025-09-08T07:42:11","date_gmt":"2025-09-08T07:42:11","guid":{"rendered":"https:\/\/www.europesays.com\/fr\/374730\/"},"modified":"2025-09-08T07:42:11","modified_gmt":"2025-09-08T07:42:11","slug":"la-compagnie-emirates-recrute-son-personnel-de-cabine-a-toulouse","status":"publish","type":"post","link":"https:\/\/www.europesays.com\/fr\/374730\/","title":{"rendered":"La compagnie Emirates recrute son personnel de cabine \u00e0 Toulouse"},"content":{"rendered":"<p>\n                                                                    l&rsquo;essentiel<br \/>\n                                                                La compagnie a\u00e9rienne bas\u00e9e \u00e0 Duba\u00ef (\u00c9mirats arabes unis) pose ses valises dans quelques jours \u00e0 Toulouse pour une journ\u00e9e de recrutement. Les pr\u00e9inscriptions sont ouvertes.\n                            <\/p>\n<p>Si vous habitez la r\u00e9gion toulousaine et que vous r\u00eavez de devenir h\u00f4tesse ou steward, marquez d\u2019une croix rouge sur votre agenda la date du 22\u00a0septembre prochain. Emirates organise en effet une journ\u00e9e de recrutement \u00e0 l\u2019H\u00f4tel Plaza, place du Capitole.<\/p>\n<p class=\"article-full-nl-promo__title\">Newsletter A\u00e9ronautique<\/p>\n<p class=\"article-full-nl-promo__text\">Votre RDV hebdomadaire pour d\u00e9couvrir des <strong>informations<br \/>\n                    exclusives<\/strong> sur le secteur de l\u2019a\u00e9ronautique : interviews, analyses approfondies, enqu\u00eates&#8230;<\/p>\n<p>        <a class=\"btn btn-primary btn-pill\" href=\"https:\/\/profil.ladepeche.fr\/account\/newsletter?optinNL=NEWS_AERO\" rel=\"nofollow noopener\" target=\"_blank\">S&rsquo;inscrire<\/a><\/p>\n<p>La compagnie bas\u00e9e \u00e0 Duba\u00ef aux \u00c9mirats arabes unis compte actuellement plus de 23\u00a0000 membres d\u2019\u00e9quipage de cabine et cherche \u00e0 en recruter 5\u00a0000 pour l\u2019exercice en cours. Sur l\u2019ensemble de l\u2019ann\u00e9e 2025, l\u2019\u00e9quipe de recrutement d\u2019Emirates se sera pos\u00e9e dans plus de 460 villes \u00e0 travers les six continents. Elle ne pr\u00e9cise pas cependant le nombre d\u2019embauches qu\u2019elle pr\u00e9voit de faire en France.<\/p>\n<p>Envoyez votre candidature<\/p>\n<p>Les candidats souhaitant embarquer \u00e0 bord des Boeing 777 et Airbus A380 de la compagnie peuvent d\u2019ores et d\u00e9j\u00e0 d\u00e9poser leur candidature en ligne, accompagn\u00e9e d\u2019un CV en anglais et d\u2019une photographie r\u00e9cente. Pour faciliter le processus de cette journ\u00e9e portes ouvertes, il est en effet conseill\u00e9 aux candidats de se <a href=\"https:\/\/www.emiratesgroupcareers.com\/cabin-crew\/\" target=\"_self\" rel=\"nofollow noopener\">pr\u00e9inscrire en ligne<\/a>. Ceux qui ne se sont pas inscrits pourront malgr\u00e9 tout se pr\u00e9senter sans rendez-vous, mais ils devront attendre un peu.<\/p>\n<p class=\"std-elt__inline\">\n        <strong>\u00c0 lire aussi :<\/strong><br \/>\n        <a href=\"https:\/\/www.ladepeche.fr\/2022\/10\/14\/vente-aux-encheres-a-toulouse-le-bar-de-la380-demirates-senvole-pour-les-etats-unis-10736858.php\" rel=\"nofollow noopener\" target=\"_blank\">Vente aux ench\u00e8res \u00e0 Toulouse : le bar de l\u2019A380 d\u2019Emirates s&rsquo;envole pour les Etats-Unis<\/a>\n    <\/p>\n<p>Cette\u00a0session\u00a0de recrutement s\u2019\u00e9talera sur toute la journ\u00e9e. Les candidats pr\u00e9s\u00e9lectionn\u00e9s seront inform\u00e9s le jour m\u00eame des horaires, des \u00e9valuations et des entretiens suppl\u00e9mentaires \u00e0 passer. Des informations compl\u00e9mentaires sur le processus de recrutement sont disponibles sur le <a href=\"https:\/\/www.emiratesgroupcareers.com\/cabin-crew\/\" target=\"_self\" rel=\"nofollow noopener\">site internet de la compagnie<\/a>.<\/p>\n<p>Si vous \u00eates retenus, vous b\u00e9n\u00e9ficierez alors d\u2019une formation au centre d\u2019entra\u00eenement de la compagnie \u00e0 Duba\u00ef et des nombreux avantages qu\u2019elle offre\u2026 Selon Emirates, son personnel de bord b\u00e9n\u00e9ficie \u00ab\u00a0d\u2019un salaire comp\u00e9titif, d\u2019un logement de fonction, d\u2019une prise en charge du transport entre le domicile et le lieu de travail, d\u2019une excellente couverture m\u00e9dicale et de r\u00e9ductions sur diverses attractions \u00e0 Duba\u00ef.\u00a0\u00bb<\/p>\n","protected":false},"excerpt":{"rendered":"l&rsquo;essentiel La compagnie a\u00e9rienne bas\u00e9e \u00e0 Duba\u00ef (\u00c9mirats arabes unis) pose ses valises dans quelques jours \u00e0 Toulouse&hellip;\n","protected":false},"author":2,"featured_media":374731,"comment_status":"","ping_status":"","sticky":false,"template":"","format":"standard","meta":{"footnotes":""},"categories":[2816],"tags":[1111,11,1777,674,1011,27,12,2680,25,2312],"class_list":{"0":"post-374730","1":"post","2":"type-post","3":"status-publish","4":"format-standard","5":"has-post-thumbnail","7":"category-toulouse","8":"tag-actu","9":"tag-actualites","10":"tag-eu","11":"tag-europe","12":"tag-fr","13":"tag-france","14":"tag-news","15":"tag-occitanie","16":"tag-republique-francaise","17":"tag-toulouse"},"share_on_mastodon":{"url":"https:\/\/pubeurope.com\/@fr\/115167556361312742","error":""},"_links":{"self":[{"href":"https:\/\/www.europesays.com\/fr\/wp-json\/wp\/v2\/posts\/374730","targetHints":{"allow":["GET"]}}],"collection":[{"href":"https:\/\/www.europesays.com\/fr\/wp-json\/wp\/v2\/posts"}],"about":[{"href":"https:\/\/www.europesays.com\/fr\/wp-json\/wp\/v2\/types\/post"}],"author":[{"embeddable":true,"href":"https:\/\/www.europesays.com\/fr\/wp-json\/wp\/v2\/users\/2"}],"replies":[{"embeddable":true,"href":"https:\/\/www.europesays.com\/fr\/wp-json\/wp\/v2\/comments?post=374730"}],"version-history":[{"count":0,"href":"https:\/\/www.europesays.com\/fr\/wp-json\/wp\/v2\/posts\/374730\/revisions"}],"wp:featuredmedia":[{"embeddable":true,"href":"https:\/\/www.europesays.com\/fr\/wp-json\/wp\/v2\/media\/374731"}],"wp:attachment":[{"href":"https:\/\/www.europesays.com\/fr\/wp-json\/wp\/v2\/media?parent=374730"}],"wp:term":[{"taxonomy":"category","embeddable":true,"href":"https:\/\/www.europesays.com\/fr\/wp-json\/wp\/v2\/categories?post=374730"},{"taxonomy":"post_tag","embeddable":true,"href":"https:\/\/www.europesays.com\/fr\/wp-json\/wp\/v2\/tags?post=374730"}],"curies":[{"name":"wp","href":"https:\/\/api.w.org\/{rel}","templated":true}]}}