{"id":374732,"date":"2025-09-08T07:43:34","date_gmt":"2025-09-08T07:43:34","guid":{"rendered":"https:\/\/www.europesays.com\/fr\/374732\/"},"modified":"2025-09-08T07:43:34","modified_gmt":"2025-09-08T07:43:34","slug":"sa-panthere-noire-setait-echappee-pres-de-lille-il-ecope-de-18-mois-de-prison-avec","status":"publish","type":"post","link":"https:\/\/www.europesays.com\/fr\/374732\/","title":{"rendered":"Sa panth\u00e8re noire s\u2019\u00e9tait \u00e9chapp\u00e9e pr\u00e8s de Lille\u00a0: il \u00e9cope de 18\u00a0mois de prison avec"},"content":{"rendered":"<p>Les images \u00e9taient devenues virales\u00a0: celles <a href=\"https:\/\/lille.maville.com\/actu\/actudet_-leur-panthere-noire-detenue-illegalement-s-etait-echappee-a-armentieres-deux-personnes-jugees-_12679-6624961_actu.Htm\" target=\"_blank\" rel=\"noopener\">d\u2019une panth\u00e8re noire qui s\u2019\u00e9tait \u00e9chapp\u00e9e d\u2019un appartement d\u2019Armenti\u00e8res, dans le Nord,<\/a> et qui se balade sur les toits, en septembre\u00a02019. Ce jeudi 4\u00a0septembre 2025, son ancien propri\u00e9taire a \u00e9t\u00e9 condamn\u00e9 \u00e0 Lille \u00e0 18\u00a0mois de prison avec sursis pour d\u00e9tention non autoris\u00e9e d\u2019un animal sauvage, rapporte l\u2019Agence France-Presse (AFP).<\/p>\n<p>Sursis \u00e9galement pour son ex-compagne<\/p>\n<p>Le tribunal correctionnel de Lille a \u00e9galement condamn\u00e9 cet homme de 41\u00a0ans \u00e0 10\u00a0000\u00a0\u20ac d\u2019amende et \u00e0 l\u2019interdiction de poss\u00e9der un animal pendant cinq ans. Sa compagne de l\u2019\u00e9poque, 41\u00a0ans elle aussi, a \u00e9cop\u00e9 de quatre mois de prison avec sursis et de deux ans d\u2019interdiction.<\/p>\n<p>En septembre\u00a02019, la panth\u00e8re, alors \u00e2g\u00e9e de quelques mois et pesant entre 25 et 30\u00a0kg, avait pris la fuite par une fen\u00eatre de l\u2019appartement du couple en p\u00e9riph\u00e9rie de Lille.<\/p>\n<p>La panth\u00e8re avait d\u00fb \u00eatre endormie<\/p>\n<p>Un p\u00e9rim\u00e8tre de s\u00e9curit\u00e9 avait \u00e9t\u00e9 \u00e9tabli avant que les pompiers ne parviennent \u00e0 la pi\u00e9ger dans une habitation o\u00f9 elle venait d\u2019entrer. Le f\u00e9lin avait \u00e9t\u00e9 endormi \u00e0 l\u2019aide d\u2019une fl\u00e8che anesth\u00e9siante, a relat\u00e9 la pr\u00e9sidente du tribunal jeudi. Son propri\u00e9taire s\u2019\u00e9tait pr\u00e9sent\u00e9 plusieurs jours plus tard \u00e0 la police.<\/p>\n<p>Selon l\u2019enqu\u00eate, la panth\u00e8re \u00e9tait en bonne sant\u00e9 apr\u00e8s avoir \u00e9t\u00e9 r\u00e9cup\u00e9r\u00e9e.<\/p>\n<p>Recueillie par le zoo de Maubeuge, <a href=\"https:\/\/armentieres.maville.com\/actu\/actudet_-nord.-la-panthere-disparue-depuis-un-an-a-armentieres-retrouvee-dans-un-refuge-aux-pays-bas-_12679-4362628_actu.Htm\" target=\"_blank\" rel=\"noopener\">la panth\u00e8re avait \u00e9t\u00e9 vol\u00e9e quelques jours plus tard.<\/a> Une enqu\u00eate ouverte pour ces faits n\u2019a <strong>\u00ab\u00a0rien donn\u00e9\u00a0\u00bb,<\/strong> a indiqu\u00e9 la pr\u00e9sidente. Le pr\u00e9venu a assur\u00e9 \u00e0 l\u2019audience n\u2019y \u00eatre pour rien.<\/p>\n<p>\u00ab\u00a0Ce n\u2019est pas un chat\u00a0!\u00a0\u00bb<\/p>\n<p>Son casier judiciaire compte d\u00e9j\u00e0 huit condamnations, notamment pour violences, vol aggrav\u00e9, recel, trafic de stup\u00e9fiants, association de malfaiteurs mais aussi d\u00e9tention ill\u00e9gale d\u2019un singe, a list\u00e9 la pr\u00e9sidente. Menuisier de m\u00e9tier, il est actuellement d\u00e9tenu provisoirement dans le cadre d\u2019une affaire de stup\u00e9fiants.<\/p>\n<p>\u00c0 la barre, il a expliqu\u00e9 avoir achet\u00e9 le f\u00e9lin six mois plus t\u00f4t, 2\u00a0500\u00a0\u20ac, dans un camp de gens du voyage o\u00f9 il se rendait pour <strong>\u00ab\u00a0voir des amis\u00a0\u00bb.<\/strong> <strong>\u00ab\u00a0Je me suis attach\u00e9 \u00e0 lui\u00a0\u00bb,<\/strong> a-t-il dit, cheveux courts et lunettes fines.<\/p>\n<p><strong>\u00ab\u00a0Mais ce n\u2019est pas un chat\u00a0!\u00a0\u00bb,<\/strong> lui a r\u00e9torqu\u00e9 la pr\u00e9sidente. <strong>\u00ab\u00a0La panth\u00e8re est une esp\u00e8ce exotique non-domestique, prot\u00e9g\u00e9e par un tas de lois et de r\u00e9glementations\u00a0\u00bb,<\/strong> a-t-elle rappel\u00e9.<\/p>\n<p>Son ancienne compagne a confirm\u00e9 l\u2019<strong>\u00ab\u00a0amour\u00a0\u00bb<\/strong> qu\u2019il portait \u00e0 l\u2019animal, qu\u2019il appelait <strong>\u00ab\u00a0mon b\u00e9b\u00e9\u00a0\u00bb.<\/strong><\/p>\n<p><strong>Lire aussi\u00a0:<\/strong> <a href=\"https:\/\/rennes.maville.com\/actu\/actudet_-entretien.-comment-agir-en-faveur-de-la-protection-des-animaux-au-quotidien-_54135-6616224_actu.Htm\" rel=\"nofollow noopener\" target=\"_blank\">ENTRETIEN. Comment agir en faveur de la protection des animaux au quotidien\u00a0?<\/a><\/p>\n<p>Maltraitance animale<\/p>\n<p>Mais pour les associations de d\u00e9fense des animaux, parties civiles, la d\u00e9tention d\u2019une panth\u00e8re dans un appartement rel\u00e8ve de la maltraitance et pose la question des trafics d\u2019esp\u00e8ces sauvages.<\/p>\n<p><strong>\u00ab\u00a0Il est inconcevable qu\u2019une panth\u00e8re soit d\u00e9tenue dans un appartement sans acc\u00e8s \u00e0 l\u2019ext\u00e9rieur\u00a0\u00bb,<\/strong> a plaid\u00e9 Me Lucas Dermenghem, avocat de l\u2019association One Voice.<\/p>\n<p><strong>\u00ab\u00a0Aussi sauvages soient-ils, ces animaux sont dou\u00e9s de sensibilit\u00e9 et m\u00e9ritent d\u2019\u00eatre respect\u00e9s, une panth\u00e8re n\u2019est pas un chat et n\u2019a rien \u00e0 faire dans un appartement\u00a0\u00bb,<\/strong> a ajout\u00e9 Xavier Bacquet, avocat de 30\u00a0millions d\u2019amis.<\/p>\n<p>La procureure avait requis un an de prison dont six mois ferme et 10\u00a0000\u00a0\u20ac d\u2019amende, ainsi que quatre mois de sursis pour son ancienne compagne.<\/p>\n<p>La panth\u00e8re confi\u00e9e \u00e0 un sanctuaire aux Pays-Bas<\/p>\n<p><strong>\u00ab\u00a0Ce dossier illustre la difficult\u00e9 \u00e0 d\u00e9manteler ces r\u00e9seaux de trafics d\u2019animaux sauvages\u00a0\u00bb,<\/strong> a-t-elle estim\u00e9, tout en reconnaissant qu\u2019il n\u2019y avait <strong>\u00ab\u00a0pas de preuves irr\u00e9futables\u00a0\u00bb<\/strong> \u00e9tablissant l\u2019implication du pr\u00e9venu dans un tel trafic.<\/p>\n<p>L\u2019avocat de l\u2019ancien propri\u00e9taire, Me Charles Cogniot, a d\u00e9nonc\u00e9 des <strong>\u00ab\u00a0r\u00e9quisitions disproportionn\u00e9es\u00a0\u00bb.<\/strong> Il a soulign\u00e9 l\u2019absence de <strong>\u00ab\u00a0cruaut\u00e9\u00a0\u00bb,<\/strong> c\u2019\u00e9tait m\u00eame <strong>\u00ab\u00a0tout l\u2019inverse\u00a0\u00bb,<\/strong> il <strong>\u00ab\u00a0l\u2019a soign\u00e9 et s\u2019y est attach\u00e9\u00a0\u00bb,<\/strong> a-t-il plaid\u00e9.<\/p>\n<p>La panth\u00e8re a finalement \u00e9t\u00e9 confi\u00e9e \u00e0 un sanctuaire pour f\u00e9lins aux Pays-Bas, o\u00f9 elle vit aujourd\u2019hui. Rebaptis\u00e9e Akilla, elle <strong>\u00ab\u00a0se porte tr\u00e8s bien\u00a0\u00bb<\/strong> selon ses soigneurs.<\/p>\n<p><strong>\u00ab\u00a0Elle s\u2019amuse beaucoup, elle est joueuse et interagit bien avec la panth\u00e8re voisine \u00e0 travers le grillage\u00a0\u00bb,<\/strong> a indiqu\u00e9 \u00e0 l\u2019AFP Wendy Karsten du Stichting Leeuw, une fondation de protection des f\u00e9lins bas\u00e9e au nord d\u2019Amsterdam.<\/p>\n<p>\u00a0<\/p>\n","protected":false},"excerpt":{"rendered":"Les images \u00e9taient devenues virales\u00a0: celles d\u2019une panth\u00e8re noire qui s\u2019\u00e9tait \u00e9chapp\u00e9e d\u2019un appartement d\u2019Armenti\u00e8res, dans le Nord,&hellip;\n","protected":false},"author":2,"featured_media":374733,"comment_status":"","ping_status":"","sticky":false,"template":"","format":"standard","meta":{"footnotes":""},"categories":[2815],"tags":[16187,1111,11,37641,9925,1777,674,1011,27,811,1307,2561,12,29776,50881,3762,806,25,6252],"class_list":{"0":"post-374732","1":"post","2":"type-post","3":"status-publish","4":"format-standard","5":"has-post-thumbnail","7":"category-lille","8":"tag-16187","9":"tag-actu","10":"tag-actualites","11":"tag-echappee","12":"tag-ecope","13":"tag-eu","14":"tag-europe","15":"tag-fr","16":"tag-france","17":"tag-hauts-de-france","18":"tag-lille","19":"tag-mois","20":"tag-news","21":"tag-noire","22":"tag-panthere","23":"tag-pres","24":"tag-prison","25":"tag-republique-francaise","26":"tag-sursis"},"share_on_mastodon":{"url":"https:\/\/pubeurope.com\/@fr\/115167559857694602","error":""},"_links":{"self":[{"href":"https:\/\/www.europesays.com\/fr\/wp-json\/wp\/v2\/posts\/374732","targetHints":{"allow":["GET"]}}],"collection":[{"href":"https:\/\/www.europesays.com\/fr\/wp-json\/wp\/v2\/posts"}],"about":[{"href":"https:\/\/www.europesays.com\/fr\/wp-json\/wp\/v2\/types\/post"}],"author":[{"embeddable":true,"href":"https:\/\/www.europesays.com\/fr\/wp-json\/wp\/v2\/users\/2"}],"replies":[{"embeddable":true,"href":"https:\/\/www.europesays.com\/fr\/wp-json\/wp\/v2\/comments?post=374732"}],"version-history":[{"count":0,"href":"https:\/\/www.europesays.com\/fr\/wp-json\/wp\/v2\/posts\/374732\/revisions"}],"wp:featuredmedia":[{"embeddable":true,"href":"https:\/\/www.europesays.com\/fr\/wp-json\/wp\/v2\/media\/374733"}],"wp:attachment":[{"href":"https:\/\/www.europesays.com\/fr\/wp-json\/wp\/v2\/media?parent=374732"}],"wp:term":[{"taxonomy":"category","embeddable":true,"href":"https:\/\/www.europesays.com\/fr\/wp-json\/wp\/v2\/categories?post=374732"},{"taxonomy":"post_tag","embeddable":true,"href":"https:\/\/www.europesays.com\/fr\/wp-json\/wp\/v2\/tags?post=374732"}],"curies":[{"name":"wp","href":"https:\/\/api.w.org\/{rel}","templated":true}]}}