{"id":374734,"date":"2025-09-08T07:44:15","date_gmt":"2025-09-08T07:44:15","guid":{"rendered":"https:\/\/www.europesays.com\/fr\/374734\/"},"modified":"2025-09-08T07:44:15","modified_gmt":"2025-09-08T07:44:15","slug":"info-paris-match-un-maitre-de-conferences-de-luniversite-de-lille-incarcere-pour-viols","status":"publish","type":"post","link":"https:\/\/www.europesays.com\/fr\/374734\/","title":{"rendered":"INFO PARIS MATCH &#8211; Un ma\u00eetre de conf\u00e9rences de l\u2019universit\u00e9 de Lille incarc\u00e9r\u00e9 pour viols"},"content":{"rendered":"<p class=\"intro\">Interpell\u00e9 \u00e0 la fin du mois d\u2019ao\u00fbt, il a \u00e9t\u00e9 mis en examen pour des faits commis sur ses petits-enfants, avant d\u2019\u00eatre plac\u00e9 en d\u00e9tention provisoire.<\/p>\n<p>C\u2019est une affaire particuli\u00e8rement sensible que les enqu\u00eateurs de l\u2019office des mineurs (OFMIN) viennent de mettre au jour. Selon les informations de Paris Match, un homme soup\u00e7onn\u00e9 de viols sur plusieurs de ses petits-enfants, a \u00e9t\u00e9 interpell\u00e9, le 23\u00a0ao\u00fbt dernier, \u00e0 son retour d\u2019un s\u00e9jour en mer. Le suspect, \u00e2g\u00e9 de 57\u00a0ans et ma\u00eetre de conf\u00e9rences \u00e0 l\u2019universit\u00e9 de Lille (Nord) a \u00e9t\u00e9 plac\u00e9 en garde \u00e0 vue.<\/p>\n<p>Ce quinquag\u00e9naire est suspect\u00e9 d\u2019avoir commis des viols \u00e0 r\u00e9p\u00e9tition sur trois de ses petits-enfants, alors en bas \u00e2ge.<\/p>\n<p>    La suite apr\u00e8s cette publicit\u00e9<\/p>\n<p>Les faits reproch\u00e9s auraient dur\u00e9 plusieurs ann\u00e9es<\/p>\n<p>Toujours selon les informations de Paris Match, \u00e0 l\u2019issue de sa garde \u00e0 vue par les enqu\u00eateurs de la direction nationale de la police judiciaire (DNPJ), l\u2019universitaire, en charge de l\u2019enseignement des sciences de l\u2019\u00e9ducation et de la formation, a \u00e9t\u00e9 pr\u00e9sent\u00e9 \u00e0 un juge d\u2019instruction de Lille pour \u00eatre mis en examen. Le magistrat-instructeur a requis son placement en d\u00e9tention provisoire. Au regard de la gravit\u00e9 des faits, un juge des libert\u00e9s et de la d\u00e9tention (JLD) a d\u00e9cid\u00e9 de l\u2019incarc\u00e9rer.<\/p>\n<p>    La suite apr\u00e8s cette publicit\u00e9<\/p>\n<p>Toujours selon les informations de Paris Match, les faits reproch\u00e9s auraient dur\u00e9 plusieurs ann\u00e9es.<\/p>\n<p>Les investigations se poursuivent pour tenter d\u2019identifier d\u2019\u00e9ventuelles autres victimes dans l\u2019entourage du mis en cause.<\/p>\n","protected":false},"excerpt":{"rendered":"Interpell\u00e9 \u00e0 la fin du mois d\u2019ao\u00fbt, il a \u00e9t\u00e9 mis en examen pour des faits commis sur&hellip;\n","protected":false},"author":2,"featured_media":374735,"comment_status":"","ping_status":"","sticky":false,"template":"","format":"standard","meta":{"footnotes":""},"categories":[2815],"tags":[1111,11,1777,674,1011,27,811,1307,12,25],"class_list":{"0":"post-374734","1":"post","2":"type-post","3":"status-publish","4":"format-standard","5":"has-post-thumbnail","7":"category-lille","8":"tag-actu","9":"tag-actualites","10":"tag-eu","11":"tag-europe","12":"tag-fr","13":"tag-france","14":"tag-hauts-de-france","15":"tag-lille","16":"tag-news","17":"tag-republique-francaise"},"share_on_mastodon":{"url":"https:\/\/pubeurope.com\/@fr\/115167565844720526","error":""},"_links":{"self":[{"href":"https:\/\/www.europesays.com\/fr\/wp-json\/wp\/v2\/posts\/374734","targetHints":{"allow":["GET"]}}],"collection":[{"href":"https:\/\/www.europesays.com\/fr\/wp-json\/wp\/v2\/posts"}],"about":[{"href":"https:\/\/www.europesays.com\/fr\/wp-json\/wp\/v2\/types\/post"}],"author":[{"embeddable":true,"href":"https:\/\/www.europesays.com\/fr\/wp-json\/wp\/v2\/users\/2"}],"replies":[{"embeddable":true,"href":"https:\/\/www.europesays.com\/fr\/wp-json\/wp\/v2\/comments?post=374734"}],"version-history":[{"count":0,"href":"https:\/\/www.europesays.com\/fr\/wp-json\/wp\/v2\/posts\/374734\/revisions"}],"wp:featuredmedia":[{"embeddable":true,"href":"https:\/\/www.europesays.com\/fr\/wp-json\/wp\/v2\/media\/374735"}],"wp:attachment":[{"href":"https:\/\/www.europesays.com\/fr\/wp-json\/wp\/v2\/media?parent=374734"}],"wp:term":[{"taxonomy":"category","embeddable":true,"href":"https:\/\/www.europesays.com\/fr\/wp-json\/wp\/v2\/categories?post=374734"},{"taxonomy":"post_tag","embeddable":true,"href":"https:\/\/www.europesays.com\/fr\/wp-json\/wp\/v2\/tags?post=374734"}],"curies":[{"name":"wp","href":"https:\/\/api.w.org\/{rel}","templated":true}]}}