{"id":374736,"date":"2025-09-08T07:45:40","date_gmt":"2025-09-08T07:45:40","guid":{"rendered":"https:\/\/www.europesays.com\/fr\/374736\/"},"modified":"2025-09-08T07:45:40","modified_gmt":"2025-09-08T07:45:40","slug":"que-faire-cette-semaine-a-marseille","status":"publish","type":"post","link":"https:\/\/www.europesays.com\/fr\/374736\/","title":{"rendered":"Que faire cette semaine \u00e0 Marseille ?"},"content":{"rendered":"<p>Pour la rentr\u00e9e, faites le plein d&rsquo;activit\u00e9s et profitez encore un peu de l&rsquo;\u00e9t\u00e9.\u00a0<\/p>\n<p>Chaque lundi, retrouvez le programme des nombreuses animations propos\u00e9es par la Ville de Marseille.\u00a0<\/p>\n<p><strong>D\u00e9couvrez les bons plans du 8 au 14 septembre 2025.\u00a0<\/strong><br \/>\u00a0<\/p>\n<p>\u00c0 vos agendas !<\/p>\n<p>\u00a0<\/p>\n<p>Les rendez-vous \u00e0 ne pas manquer :\u00a0<\/p>\n<p>\u00a0<\/p>\n<tr>\n<td style=\"background-color:hsl(0, 0%, 100%);border-style:none;vertical-align:top;\"><a href=\"https:\/\/www.marseille.fr\/solidarite\/actualites\/bal-des-seniors\" rel=\"nofollow noopener\" target=\"_blank\"><img decoding=\"async\" src=\"https:\/\/www.europesays.com\/fr\/wp-content\/uploads\/2025\/09\/senior-bal-vignette.png\" data-entity-uuid=\"15c599d4-a742-463e-bdba-9f075ebacf0a\" data-entity-type=\"file\" width=\"372\" height=\"256\" class=\"align-left\" loading=\"lazy\"\/><\/a><\/p>\n<p><a href=\"https:\/\/www.marseille.fr\/solidarite\/actualites\/bal-des-seniors\" target=\"_blank\" rel=\"nofollow noopener\">\u2192 Bal des s\u00e9niors<\/a>\u00a0<\/p>\n<p>&#8211; <strong>Jeudi 11 septembre 2025 \u00e0 15h\u00a0<\/strong><br \/><strong>&#8211; Place Castellane (8e)<\/strong><\/p>\n<p><strong>Gratuit<\/strong><\/p>\n<p>Ces apr\u00e8s-midis dansants et conviviaux sont toujours tr\u00e8s attendus par les danseurs exp\u00e9riment\u00e9s ou d\u00e9butants de plus de 60 ans.\u00a0<\/p>\n<\/td>\n<\/tr>\n<tr>\n<td style=\"background-color:hsl(0, 0%, 100%);border-style:none;vertical-align:top;\"><a href=\"https:\/\/www.marseille.fr\/sante\/actualites\/village-sante-2025\" rel=\"nofollow noopener\" target=\"_blank\"><img decoding=\"async\" src=\"https:\/\/www.europesays.com\/fr\/wp-content\/uploads\/2025\/09\/villagesante-belledemai-a_0.jpg\" data-entity-uuid=\"0d36e685-b1c0-4ce7-bc68-b7cf1b5c82a8\" data-entity-type=\"file\" width=\"370\" height=\"520\" class=\"align-left\" loading=\"lazy\"\/><\/a><\/p>\n<p><a href=\"https:\/\/www.marseille.fr\/sante\/actualites\/village-sante-2025\" target=\"_blank\" rel=\"nofollow noopener\"><strong>\u2192 Marseille Village Sant\u00e9 \u00e0 la Belle-de-Mai<\/strong><\/a><\/p>\n<p>&#8211; <strong>Jeudi \u00a011 et vendredi 12 septembre 2025 de 9h \u00e0 18h<\/strong><br \/><strong>&#8211; Place Bernard Cadenat (3e)\u00a0<\/strong><\/p>\n<p><strong>Gratuit<\/strong><\/p>\n<p>La Ville de Marseille et ses partenaires proposent <strong>un parcours complet de sant\u00e9 avec le \u00ab\u00a0Marseille Village Sant\u00e9\u00a0\u00bb, <\/strong>au plus pr\u00e8s des Marseillaises et des Marseillais.\u00a0<\/p>\n<p><strong>Au programme :<\/strong> information sur la sant\u00e9 des femmes, la sant\u00e9 mentale, pr\u00e9vention et d\u00e9pistage des cancers, d\u00e9pistage diab\u00e8te et glyc\u00e9mie,\u00a0acc\u00e8s aux droits et aux soins, vie affective et sexuelle, sant\u00e9 des enfants et jeunes, pr\u00e9vention et r\u00e9duction des risques, pr\u00e9vention et vaccination, bilan sport sant\u00e9, d\u00e9pistage de l&rsquo;hypertension&#8230;<\/p>\n<\/td>\n<\/tr>\n<tr>\n<td style=\"background-color:hsl(0, 0%, 100%);border-style:none;vertical-align:top;\"><a href=\"https:\/\/etemarseillais.fr\/evenements\/tournoi-de-joutes-provencales\" rel=\"nofollow noopener\" target=\"_blank\"><img decoding=\"async\" src=\"https:\/\/www.europesays.com\/fr\/wp-content\/uploads\/2025\/09\/joutes.jpg\" data-entity-uuid=\"80d20ed8-7695-42a9-af9a-5567e0144301\" data-entity-type=\"file\" width=\"366\" height=\"488\" class=\"align-left\" loading=\"lazy\"\/><\/a><\/p>\n<p><a href=\"https:\/\/etemarseillais.fr\/evenements\/tournoi-de-joutes-provencales\" target=\"_blank\" rel=\"nofollow noopener\"><strong>\u2192 Tournoi de joutes proven\u00e7ales avec La Fine Lance Estaqu\u00e9enne\u00a0<\/strong><\/a><\/p>\n<p><strong>&#8211; Samedi 13 septembre de 14h \u00e0 21h<\/strong><br \/><strong>&#8211; Stade nautique municipal Florence, Arthaud, 6 promenade Georges Pompidou (8e)<\/strong><\/p>\n<p><strong>Au programme : \u00a0<\/strong>de \u00a014h \u00e0 19h \u00a0&#8211; \u00a0 Tournoi \/ de 19h \u00e0 21h &#8211; Foodtrucks et animation musicale<\/p>\n<p><strong>Gratuit<\/strong><\/p>\n<p>La joute proven\u00e7ale est un combat sur l\u2019eau entre deux personnes se trouvant chacune sur un bateau, en haut d\u2019un plateau. Le but du jeu consiste \u00e0 envoyer son adversaire \u00e0 l\u2019eau au moyen d\u2019une lance. Chaque jouteur est prot\u00e9g\u00e9 par un plastron en bois et tient dans la main gauche un t\u00e9moin qui doit l\u2019emp\u00eacher d\u2019attraper la lance de son adversaire.\u00a0<\/p>\n<\/td>\n<\/tr>\n<tr>\n<td style=\"background-color:hsl(0, 0%, 100%);border-style:none;vertical-align:top;\"><a href=\"https:\/\/www.marseille.fr\/social\/actualites\/un-dimanche-en-famille\" rel=\"nofollow noopener\" target=\"_blank\"><img decoding=\"async\" src=\"https:\/\/www.europesays.com\/fr\/wp-content\/uploads\/2025\/09\/dimanche_0.jpg\" data-entity-uuid=\"518a126c-c4ac-479b-b0b5-2fc98a3ccd32\" data-entity-type=\"file\" width=\"363\" height=\"484\" class=\"align-left\" loading=\"lazy\"\/><\/a><\/p>\n<p><a href=\"https:\/\/www.marseille.fr\/social\/actualites\/un-dimanche-en-famille\" target=\"_blank\" rel=\"nofollow noopener\"><strong>\u2192 Un Dimanche en famille !<\/strong><\/a><\/p>\n<p><strong>&#8211; Dimanche 14 septembre de 10h \u00e0 17h\u00a0<\/strong><br \/>&#8211; <strong>Parc Bor\u00e9ly, avenue du Prado (8e)<\/strong><\/p>\n<p><strong>Gratuit<\/strong><\/p>\n<p>La Ville de Marseille vous invite \u00e0 passer un moment festif en famille autour de nombreuses activit\u00e9s sportives et ludiques !\u00a0<\/p>\n<p><strong>Au programme : <\/strong>structures gonflables, ateliers cr\u00e9atifs, initiation au cirque, ferme p\u00e9dagogique, stand de maquillage, atelier de construction de cabanes et bien d&rsquo;autres surprises !<\/p>\n<p>Attention : dimanche 14 septembre 2025, le Ch\u00e2teau Bor\u00e9ly ouvrira exceptionnellement ses portes \u00e0 10h au lieu de 9h.\u00a0<\/p>\n<\/td>\n<\/tr>\n<p>\u00a0<\/p>\n<p>\u00a0<\/p>\n<p>\u00a0<\/p>\n<p>Prolongez l&rsquo;\u00c9t\u00e9 Marseillais !<img decoding=\"async\" src=\"https:\/\/www.europesays.com\/fr\/wp-content\/uploads\/2025\/09\/vdm_365347.jpg\" data-entity-uuid=\"8dad2214-8e0b-4e00-9d0f-762a92cb723e\" data-entity-type=\"file\" width=\"395\" height=\"263\" class=\"align-center\" loading=\"lazy\"\/><\/p>\n<p class=\"rtejustify\"><strong>Bonne nouvelle, la Ville de Marseille prolonge l&rsquo;\u00e9t\u00e9 jusqu&rsquo;au 14 septembre 2025.<\/strong>\u00a0<\/p>\n<p>Depuis cinq \u00e9t\u00e9s d\u00e9j\u00e0, Marseille s\u2019anime au rythme du soleil, des sourires et de la culture partag\u00e9e.\u00a0<br \/>Rendez-vous incontournable de l\u2019ann\u00e9e, l\u2019\u00c9t\u00e9 Marseillais est revenu en 2025 avec une programmation \u00e9clectique, gratuite, festive et ouverte \u00e0 toutes et \u00e0 tous.\u00a0<\/p>\n<p class=\"rtejustify\">Pour cette sixi\u00e8me \u00e9dition, l\u2019\u00c9t\u00e9 Marseillais a vu encore plus grand : une offre culturelle enrichie, des \u00e9v\u00e8nements in\u00e9dits et des surprises qui viennent \u00e0 la rencontre des Marseillaises, des Marseillais et des visiteurs.\u00a0<br \/>Nocturnes dans les mus\u00e9es, concerts les pieds dans l\u2019eau, projections sous les \u00e9toiles, animations de rue, espaces de d\u00e9tente et Vieux-Port pi\u00e9ton : l\u2019\u00e9t\u00e9 a pris des airs de festival interg\u00e9n\u00e9rationnel, accessible et populaire.\u00a0<\/p>\n<p>\u00a0<\/p>\n<p class=\"text-align-center\"><a class=\"btn btn-primary\" href=\"https:\/\/www.marseille.fr\/culture\/ete-marseillais\" target=\"_blank\" rel=\"nofollow noopener\">Toutes les informations sur l&rsquo;\u00c9t\u00e9 Marseillais<\/a><\/p>\n<p>\u00a0<\/p>\n<p>\u00a0<\/p>\n<p>\u00c9vadez-vous dans les mus\u00e9es !<\/p>\n<p class=\"text-align-center\">\u00a0<\/p>\n<p><img decoding=\"async\" src=\"https:\/\/www.europesays.com\/fr\/wp-content\/uploads\/2025\/06\/enfant-muses-.jpg\" data-entity-uuid=\"399251c4-2951-4eef-bcbd-c3f89138d40b\" data-entity-type=\"file\" alt=\"\" width=\"397\" height=\"265\" class=\"align-center\" loading=\"lazy\"\/><\/p>\n<p>\u00a0<br \/><strong>Tout au long de l&rsquo;ann\u00e9e, les Mus\u00e9es de la Ville de Marseille vous proposent des activit\u00e9s en famille \u00e0 la fois \u00e9ducatives et ludiques. Un moment \u00ab\u00a0frais\u00a0\u00bb et unique \u00e0 partager en petits groupes, pour une visite au plus pr\u00e8s des \u0153uvres et des collections.\u00a0<\/strong><\/p>\n<p>La Ville de Marseille permet \u00e0 toutes les Marseillaises et tous les Marseillais d&rsquo;acc\u00e9der librement \u00e0 la culture, facteur d&rsquo;\u00e9mancipation et d&rsquo;\u00e9veil avec deux mesures :\u00a0<\/p>\n<ul>\n<li><strong>l&rsquo;acc\u00e8s gratuit aux collections permanentes et des expositions temporaires des Muse\u0301es de Marseille et du Muse\u0301um d\u2019Histoire Naturelle le premier jour de leur exploitation <\/strong>pour l\u2019ensemble des publics sauf pour le Pre\u0301au des Accoules et le Me\u0301morial des de\u0301portations ou\u0300 la gratuite\u0301 des expositions temporaires s\u2019applique ;<\/li>\n<li><strong>l&rsquo;acc\u00e8s gratuit aux expositions temporaires, chaque premier dimanche du mois.\u00a0<\/strong><\/li>\n<\/ul>\n<p>\u00a0<\/p>\n<p>\u00c0 la rentr\u00e9e 2025, de nombreuses expositions phares sont propos\u00e9es dans les mus\u00e9es municipaux : <a href=\"  https:\/\/www.marseille.fr\/culture\/actualites\/expositions-2025\" target=\"_blank\">d\u00e9couvrez les immanquables de la rentr\u00e9e\u00a0<\/a> !<\/p>\n<p>\u00a0<\/p>\n<p class=\"text-align-center rtecenter\"><a class=\"btn btn-secondary\" href=\"https:\/\/musees.marseille.fr\/\" target=\"_blank\" rel=\"nofollow noopener\">Toute la programmation des musees.marseille.fr<\/a><\/p>\n<p class=\"text-align-center rtecenter\">\u00a0<\/p>\n<dl class=\"ckeditor-accordion\">\n<dt>Au Centre de la Vieille Charit\u00e9<\/dt>\n<dd>\n<p><a href=\"https:\/\/musees.marseille.fr\/centre-de-la-vieille-charite-cvc\" target=\"_blank\" rel=\"nofollow noopener\">Site de la Vieille Charit\u00e9<\/a><br \/>2 rue de la Charit\u00e9 (2e)<br \/>\u00a0<\/p>\n<p><strong>\u25ba Expositions<\/strong><\/p>\n<ul>\n<li><a href=\"https:\/\/musees.marseille.fr\/laure-prouvost-mere-we-sea\" target=\"_blank\" rel=\"nofollow noopener\">Laure Prouvost &#8211; M\u00e8re We Sea<\/a><br \/>Les Mus\u00e9es de Marseille renouvellent leurs invitations \u00e0 des artistes parmi les plus importants de la sc\u00e8ne internationale afin qu\u2019ils imaginent des \u0153uvres nouvelles, en lien \u00e9troit avec l\u2019histoire et l\u2019architecture de la chapelle du Centre de la Vieille Charit\u00e9. Laure Prouvost y d\u00e9ploie une installation monumentale qu\u2019elle ressent comme une figure maternelle et f\u00e9conde, convoquant \u00e9galement les m\u00e9moires de celles et de ceux qui, tout au long des trois derniers si\u00e8cles ont habit\u00e9 et fait vivre cet espace et le quartier du Panier. Une surprise onirique aux influences sous-marines, nimb\u00e9e de reflets aquatiques, qui impliquera la participation des publics.<br \/><strong>jusqu&rsquo;au 11 janvier 2026<\/strong><br \/>\u00a0<\/li>\n<li><a href=\"https:\/\/www.marseille.fr\/culture\/actualites\/exposition-tatouage\" target=\"_blank\" rel=\"nofollow noopener\">\u201cTatouage &#8211; Histoires de la M\u00e9diterran\u00e9e\u201d :<\/a><br \/>Les Mus\u00e9es de Marseille pr\u00e9sentent au Centre de la Vieille Charit\u00e9 \u201cTatouage &#8211; Histoires de la M\u00e9diterran\u00e9e\u201d, une exploration des pratiques du tatouage \u00e0 travers les si\u00e8cles, de l\u2019Antiquit\u00e9 \u00e0 la culture contemporaine.<br \/><strong>jusqu&rsquo;au dimanche 28 septembre 2025<\/strong><\/li>\n<\/ul>\n<p>\u00a0<\/p>\n<p>\u25ba\u00a0<a href=\"https:\/\/musees.marseille.fr\/musee-darcheologie-mediterraneenne-mam\" target=\"_blank\" rel=\"nofollow noopener\">Mus\u00e9e d&rsquo;Arch\u00e9ologie M\u00e9diterran\u00e9enne<\/a><br \/>2 rue de la Charit\u00e9 (2e)<\/p>\n<p>\u25ba\u00a0<a href=\"https:\/\/musees.marseille.fr\/musee-darts-africains-oceaniens-amerindiens-maaoa\" target=\"_blank\" rel=\"nofollow noopener\">Mus\u00e9e d&rsquo;Arts Africains, Oc\u00e9aniens, Am\u00e9rindiens &#8211; MAAOA<\/a><br \/>2 rue de la Charit\u00e9 (2e)<\/p>\n<\/dd>\n<\/dl>\n<dl class=\"ckeditor-accordion\">\n<dt>Au Mus\u00e9e Cantini<\/dt>\n<dd>\n<p><a href=\"https:\/\/musees.marseille.fr\/musee-cantini-0\" target=\"_blank\" rel=\"nofollow noopener\">Site du Mus\u00e9e Cantini<\/a><br \/>19 rue Grignan (6e)<\/p>\n<p><strong>\u25ba Expositions<\/strong><\/p>\n<ul>\n<li><a href=\"https:\/\/www.marseille.fr\/culture\/actualites\/exposition-giacometti\" rel=\"nofollow noopener\" target=\"_blank\">\u201cAlberto Giacometti &#8211; Sculpter le vide\u201d<\/a><br \/>Pour la premi\u00e8re fois \u00e0 Marseille, l\u2019\u0153uvre du sculpteur et peintre Alberto Giacometti est mise \u00e0 l\u2019honneur dans le cadre d\u2019une exposition monographique organis\u00e9e par le Mus\u00e9e Cantini en collaboration avec la Fondation Giacometti.<br \/><strong>jusqu&rsquo;au dimanche 28 septembre 2025<\/strong><\/li>\n<\/ul>\n<p>\u25ba<strong> Collection permanente<\/strong> :\u00a0<a href=\"https:\/\/musees.marseille.fr\/collection-permanente-du-musee-cantini?museum=musee-cantini\" target=\"_blank\" rel=\"nofollow noopener\">Tr\u00e9sors cach\u00e9s<\/a><br \/>Le mus\u00e9e Cantini propose un nouveau parcours de sa collection avec des focus autour des derni\u00e8res donations\u00a0: L\u00e9na Vandrey, Louis Pons, Claude Garache.<br \/>Entr\u00e9e gratuite<br \/>\u00a0<\/p>\n<\/dd>\n<\/dl>\n<dl class=\"ckeditor-accordion\">\n<dt>Au Mus\u00e9e des Beaux-Arts<\/dt>\n<dd>\n<p><a href=\"https:\/\/musees.marseille.fr\/musee-des-beaux-arts-mba\" target=\"_blank\" rel=\"nofollow noopener\">Site du mus\u00e9e des Beaux-Arts<\/a><br \/>Palais Longchamp &#8211; Aile gauche (4e)<br \/>\u00a0<\/p>\n<p><strong>\u25ba Expositions<\/strong><\/p>\n<p><strong>\u25ba <\/strong><a href=\"https:\/\/musees.marseille.fr\/collection-permanente-du-musee-des-beaux-arts\" target=\"_blank\" rel=\"noopener nofollow\">Collection permanente<\/a><br \/>\u00a0<\/p>\n<\/dd>\n<\/dl>\n<dl class=\"ckeditor-accordion\">\n<dt>Au Mus\u00e9um d&rsquo;Histoire Naturelle<\/dt>\n<dd>\n<p><a href=\"https:\/\/musees.marseille.fr\/museum-dhistoire-naturelle-mhnm\" target=\"_blank\" rel=\"nofollow noopener\">Site du mus\u00e9um d&rsquo;histoire naturelle<\/a><br \/>Palais Longchamp (aile droite) &#8211; Boulevard Jardin Zoologique (4e)<\/p>\n<p>\u25ba \u00a0<a href=\"https:\/\/musees.marseille.fr\/collection-permanente-du-museum-dhistoire-naturelle-de-marseille\" target=\"_blank\" data-cke-saved-href=\"https:\/\/musees.marseille.fr\/collection-permanente-du-museum-dhistoire-naturelle-de-marseille\" rel=\"noopener nofollow\" data-cke-saved->Collection permanente<\/a> &#8211; <a href=\"https:\/\/musees.marseille.fr\/terre-devolution-le-nouveau-parcours-du-museum-dhistoire-naturelle\" target=\"_blank\" data-cke-saved-href=\"https:\/\/musees.marseille.fr\/terre-devolution-le-nouveau-parcours-du-museum-dhistoire-naturelle\" rel=\"noopener nofollow\" data-cke-saved->\u00ab\u00a0Terre d\u2019\u00e9volution\u00a0\u00bb, le nouveau parcours du Mus\u00e9um d\u2019Histoire Naturelle<\/a><\/p>\n<p><strong>\u25ba Expositions<\/strong><\/p>\n<ul>\n<li>\u00a0<a href=\"https:\/\/musees.marseille.fr\/oceans\" target=\"_blank\" rel=\"nofollow noopener\">Oc\u00e9ans<\/a>\u00a0<br \/>Embarquez pour un voyage en 8 escales \u00e0 la d\u00e9couverte des oc\u00e9ans.\u00a0Une merveilleuse occasion d\u2019explorer la beaut\u00e9 de la biodiversit\u00e9 marine et l\u2019importance de la mer, de nos soci\u00e9t\u00e9s \u00e0 nos vies quotidiennes.<br \/><strong>jusqu&rsquo;au 2 novembre 2025 &#8211; entr\u00e9e gratuite<\/strong><br \/>\u00a0<\/li>\n<li><a href=\"https:\/\/musees.marseille.fr\/marseille-cote-mer-cote-terre\" target=\"_blank\" rel=\"nofollow noopener\">Marseille, c\u00f4t\u00e9 mer, c\u00f4t\u00e9 terre<\/a><br \/>Cette expo-photo est propos\u00e9e dans la continuit\u00e9 du City Nature Challenge, manifestation de sciences participatives \u00e0 laquelle la Ville de Marseille est associ\u00e9e depuis deux ans avec Aix-Marseille-Universit\u00e9.\u00a0<br \/>C\u00f4t\u00e9 mer ou c\u00f4t\u00e9 terre, la biodiversit\u00e9 marseillaise se r\u00e9v\u00e8le \u00e0 travers de 16 photographies de faune et de flore sauvage, terrestre et marine, r\u00e9alis\u00e9es \u00e0 l\u2019occasion de l\u2019\u00e9dition 2024.<br \/><strong>jusqu&rsquo;au 28 septembre 2025<\/strong><br \/>\u00a0<\/li>\n<\/ul>\n<\/dd>\n<\/dl>\n<dl class=\"ckeditor-accordion\">\n<dt>Au Ch\u00e2teau Bor\u00e9ly &#8211; Mus\u00e9e des Arts d\u00e9coratifs, de la Fa\u00efence et de la Mode\u00a0<\/dt>\n<dd>\n<p><a href=\"https:\/\/musees.marseille.fr\/chateau-borely-musee-des-arts-decoratifs-de-la-faience-et-de-la-mode\" target=\"_blank\" rel=\"nofollow noopener\">Site du Ch\u00e2teau Bor\u00e9ly, Mus\u00e9e des Arts d\u00e9coratifs, de la Fa\u00efence et de la Mode<\/a><br \/>132 avenue Clot Bey (8e)<br \/>\u00a0<\/p>\n<p>\u25ba <a href=\"https:\/\/musees.marseille.fr\/collection-permanente-du-musee-borely\" target=\"_blank\" rel=\"nofollow noopener\">Collection permanente<\/a><br \/>Tarif : entr\u00e9e gratuite<\/p>\n<p><strong>\u25ba Expositions<\/strong><\/p>\n<ul>\n<li>\u00a0<a href=\"https:\/\/musees.marseille.fr\/infiniment-bleu-arts-decoratifs-peinture-et-mode-au-chateau-borely\" target=\"_blank\" rel=\"nofollow noopener\">Infiniment bleu. Arts d\u00e9coratifs, peinture et mode au Ch\u00e2teau Bor\u00e9ly<\/a><br \/>Le nouvel accrochage du mus\u00e9e Bor\u00e9ly autour de la couleur bleue pr\u00e9sente un ensemble d\u2019\u0153uvres du mus\u00e9e des Arts d\u00e9coratifs, de la Fa\u00efence et de la Mode, provenant de ses collections permanentes, parfois rarement expos\u00e9es, ainsi que de celles du mus\u00e9e Grobet-Labadi\u00e9 et du mus\u00e9e des Beaux-Arts de Marseille.<br \/><strong>jusqu&rsquo;au 15 f\u00e9vrier 2026 &#8211; Gratuit &#8211; En famille<\/strong><br \/>\u00a0<\/li>\n<\/ul>\n<\/dd>\n<\/dl>\n<dl class=\"ckeditor-accordion\">\n<dt>Au Mus\u00e9e d&rsquo;Histoire de Marseille<\/dt>\n<dd>\n<p><a href=\"https:\/\/musees.marseille.fr\/musee-dhistoire-de-marseille-mhm\" target=\"_blank\" rel=\"nofollow noopener\">Site du mus\u00e9e d&rsquo;histoire de Marseille<\/a>\u00a0<br \/>2 rue Henri-Barbusse\u00a0(1er)<\/p>\n<p>\u25ba <a href=\"https:\/\/musees.marseille.fr\/collection-permanente-du-musee-dhistoire-de-marseille\" target=\"_blank\" rel=\"noopener nofollow\">Collection permanente<\/a><br \/>\u00a0<\/p>\n<p>\u25ba \u00a0<strong>Exposition<\/strong><\/p>\n<ul>\n<li><a href=\"https:\/\/musees.marseille.fr\/petanque-exposition-inedite-au-musee-dhistoire-de-marseille\" target=\"_blank\" rel=\"nofollow noopener\">P\u00e9tanque !<\/a>\u00a0<br \/>Jeu populaire marseillais par excellence, la p\u00e9tanque fait l\u2019objet d\u2019une exposition in\u00e9dite au sein du parcours permanent du Mus\u00e9e d\u2019Histoire de Marseille.\u00a0<br \/><strong>jusqu&rsquo;au 18 janvier 2026 &#8211; entr\u00e9e gratuite<\/strong><br \/>\u00a0<\/li>\n<\/ul>\n<\/dd>\n<\/dl>\n<dl class=\"ckeditor-accordion\">\n<dt>Au Mus\u00e9e d&rsquo;art contemporain [mac]<\/dt>\n<dd>\n<p><a href=\"https:\/\/musees.marseille.fr\/musee-dart-contemporain-mac\" target=\"_blank\" rel=\"nofollow noopener\">Site du mus\u00e9e d&rsquo;art contemporain [mac]<\/a><br \/>69 avenue de Ha\u00effa\u00a0(8e)<\/p>\n<p>\u25ba <a href=\"https:\/\/musees.marseille.fr\/30-ans-de-collection-la-collection-et-ses-invites-collection-permanente\" target=\"_blank\" rel=\"noopener nofollow\">Collection permanente<\/a><a href=\"https:\/\/musees.marseille.fr\/30-ans-de-collection-la-collection-et-ses-invites-collection-permanente\" target=\"_blank\" rel=\"nofollow noopener\"> : <\/a><a href=\"https:\/\/musees.marseille.fr\/30-ans-de-collection-la-collection-et-ses-invites-collection-permanente\" target=\"_blank\" data-cke-saved-href=\"https:\/\/musees.marseille.fr\/30-ans-de-collection-la-collection-et-ses-invites-collection-permanente\" rel=\"noopener nofollow\" data-cke-saved->30 ans de collection &#8211; La collection et ses invit\u00e9s<\/a><br \/>\u00a0 \u00a0En poursuivant votre chemin au-del\u00e0 de l\u2019exposition Plastic Butcher, vous d\u00e9couvrirez un choix d\u2019\u0153uvres de l\u2019artiste mis en dialogue avec la collection du [mac].\u00a0<br \/>\u00a0<\/p>\n<p>\u25ba \u00a0<strong>Exposition<\/strong><\/p>\n<ul>\n<li><a href=\"https:\/\/musees.marseille.fr\/laure-prouvost-mere-we-sea\" target=\"_blank\" rel=\"nofollow noopener\">Laure Prouvost &#8211; They Parlaient Id\u00e9ale<\/a><br \/>En \u00e9cho au projet \u00ab\u00a0M\u00e8re We Sea\u00a0\u00bb au Centre de la Vieille Charit\u00e9, le Mus\u00e9e d\u2019Art Contemporain [mac] pr\u00e9sente dans la [mac] room le film de Laure Prouvost, Deep See Blue Surrounding You \/ Vois Ce Bleu Profond Te Fondre, pr\u00e9sent\u00e9 \u00e0 la Biennale de Venise en 2019 et int\u00e9gr\u00e9 aux collections municipales.<br \/><strong>jusqu&rsquo;au 11 janvier 2026<\/strong><br \/>\u00a0<\/li>\n<li><a href=\"https:\/\/www.marseille.fr\/culture\/actualites\/exposition-ali-cherri\" target=\"_blank\" rel=\"nofollow noopener\">Ali Cherri &#8211; Les Veilleurs<\/a><br \/>Le Mus\u00e9e d\u2019Art Contemporain [mac] a laiss\u00e9 carte blanche \u00e0 l\u2019artiste Ali Cherri pour choisir dans les collections des Mus\u00e9es de Marseille des pi\u00e8ces r\u00e9sonnant avec son \u0153uvre sculpt\u00e9 et de penser une sc\u00e9nographie comme un dialogue, o\u00f9 les objets sortent des discours encyclop\u00e9diques, pour \u00eatre pleinement mati\u00e8re et susciter l\u2019\u00e9motion, hors r\u00e9cits mus\u00e9ographiques traditionnels ou occidentaux.<br \/><strong>jusqu&rsquo;au 4 janvier 2026<\/strong><br \/>\u00a0<\/li>\n<\/ul>\n<\/dd>\n<\/dl>\n<dl class=\"ckeditor-accordion\">\n<dt>Au Pr\u00e9au des Accoules &#8211; Mus\u00e9e des enfants<\/dt>\n<dd>\n<p><a href=\"https:\/\/musees.marseille.fr\/preau-des-accoules-musee-des-enfants\" target=\"_blank\" rel=\"nofollow noopener\">Site du Pr\u00e9au des Accoules &#8211; Mus\u00e9e des enfants<\/a><br \/>29 mont\u00e9e des Accoules<br \/>13002 Marseille<\/p>\n<\/dd>\n<\/dl>\n<dl class=\"ckeditor-accordion\">\n<dt>M\u00e9morial des d\u00e9portations\u00a0<\/dt>\n<dd>\n<p><a href=\"https:\/\/musees.marseille.fr\/memorial-des-deportations-0\" target=\"_blank\" rel=\"nofollow noopener\">Site du M\u00e9morial des d\u00e9portations<\/a><br \/>29 mont\u00e9e des Accoules<br \/>13002 Marseille<\/p>\n<p>\u25ba <a href=\"https:\/\/musees.marseille.fr\/presentation-du-memorial-des-deportations\" target=\"_blank\" rel=\"noopener nofollow\">Collection permanente<\/a><br \/>\u00a0<\/p>\n<p><strong>\u25ba Exposition : <\/strong><a href=\"https:\/\/musees.marseille.fr\/marseille-1900-1943-la-mauvaise-reputation\" target=\"_blank\" rel=\"noopener nofollow\">Marseille 1900-1943. La mauvaise r\u00e9putation<\/a><br \/><a href=\"https:\/\/musees.marseille.fr\/marseille-1900-1943-la-mauvaise-reputation\" target=\"_blank\" rel=\"noopener nofollow\">\u200b<\/a><\/p>\n<\/dd>\n<\/dl>\n<p>\u00a0<\/p>\n<p>\u00a0<\/p>\n<p>Au calme dans les biblioth\u00e8ques !<\/p>\n<p class=\"text-align-center\">\u00a0<\/p>\n<p><img decoding=\"async\" src=\"https:\/\/www.europesays.com\/fr\/wp-content\/uploads\/2025\/09\/alcazar-vacances.jpg\" data-entity-uuid=\"1f6fa4e1-fdbc-47ab-a83d-9ef056f16016\" data-entity-type=\"file\" alt=\"alcazar\" width=\"395\" height=\"263\" class=\"align-center\" loading=\"lazy\"\/><\/p>\n<p><strong>Les biblioth\u00e8ques de Marseille sont ouvertes \u00e0 toutes et \u00e0 tous. <\/strong>Venez d\u00e9couvrir, vous informer, lire, \u00e9couter, partager, rencontrer, travailler, jouer, apprendre et vous distraire gratuitement, toute l&rsquo;ann\u00e9e !<\/p>\n<p>Tout au long de l&rsquo;ann\u00e9e, les biblioth\u00e8ques vous proposent une programmation culturelle dense et vari\u00e9e.<\/p>\n<p class=\"text-align-center\"><a class=\"btn btn-secondary\" href=\"https:\/\/www.bmvr.marseille.fr\/\" target=\"_blank\" rel=\"nofollow noopener\">Toutes les informations sur les biblioth\u00e8ques de Marseille<\/a><\/p>\n<p>\u00a0<\/p>\n<p><strong>D\u00e9couvrez la programmation culturelle des biblioth\u00e8ques municipales pour la rentr\u00e9e :<\/strong><\/p>\n<p class=\"text-align-center\"><a class=\"btn btn-primary btn-secondary\" href=\"https:\/\/www.marseille.fr\/sites\/default\/files\/contenu\/culture\/Bibliotheques\/PDF\/agenda-bibliotheques-marseille-septembre-octobre-2025.pdf\" target=\"_blank\" rel=\"nofollow noopener\">Agenda septembre-octobre 2025 en PDF<\/a><\/p>\n<p>\u00a0<\/p>\n<dl class=\"ckeditor-accordion\">\n<dt>\u00c0 l&rsquo;Alcazar (1er)<\/dt>\n<dd>\n<p><a href=\"https:\/\/www.bmvr.marseille.fr\/notice?id=h%3A%3A514e621e-5d60-4b71-a51e-e329229660c9&amp;queryId=c837d91e-1634-46bb-9fd4-6b568d947eb1\" target=\"_blank\" rel=\"nofollow noopener\">Site de l&rsquo;Alcazar<\/a><br \/>58, cours Belsunce &#8211; 13001 Marseille<br \/>04 91 55 90 00 \/ accueil-bmvr@marseille.fr<br \/>\u00a0<\/p>\n<\/dd>\n<\/dl>\n<dl class=\"ckeditor-accordion\">\n<dt>\u00c0 la biblioth\u00e8que des Cinq Avenues (4e)<\/dt>\n<dd>\n<p><a href=\"https:\/\/www.bmvr.marseille.fr\/notice?id=a536078c-32c8-43b3-be10-7aa54634d5e4\" target=\"_blank\" rel=\"nofollow noopener\">Site de la biblioth\u00e8que des Cinq-Avenues<\/a><br \/>Impasse Fissiaux 13004<br \/>04 13 94 82 50<br \/>\u00a0<\/p>\n<\/dd>\n<\/dl>\n<dl class=\"ckeditor-accordion\">\n<dt>\u00c0 la biblioth\u00e8que Castellane (6e )\u00a0<\/dt>\n<dd>\n<p><a href=\"https:\/\/www.bmvr.marseille.fr\/notice?id=h%3A%3Ad97651eb-d883-415f-9dd2-71266e2abb38&amp;queryId=c837d91e-1634-46bb-9fd4-6b568d947eb1\" target=\"_blank\" rel=\"nofollow noopener\">Site de la biblioth\u00e8que Castellane<\/a><br \/>Station m\u00e9tro Castellane 13006<br \/>04 13 94 81 90<br \/>\u00a0<\/p>\n<\/dd>\n<\/dl>\n<dl class=\"ckeditor-accordion\">\n<dt>\u00c0 la m\u00e9diath\u00e8que de Bonneveine (8e)<\/dt>\n<dd>\n<p><a href=\"https:\/\/www.bmvr.marseille.fr\/notice?id=h%3A%3A459248f3-a266-4796-ab81-03eb82bff757&amp;queryId=c837d91e-1634-46bb-9fd4-6b568d947eb1\" target=\"_blank\" rel=\"nofollow noopener\">Site de la M\u00e9diath\u00e8que de Bonneveine<\/a><br \/>Centre de vie de Bonneveine 13008 \/\u00a0<br \/>04 13 94 82 10 &#8211; 04 13 94 82 20<br \/>\u00a0<\/p>\n<\/dd>\n<\/dl>\n<dl class=\"ckeditor-accordion\">\n<dt>\u00c0 la biblioth\u00e8que de la Grognarde (11e)<\/dt>\n<dd>\n<p><a href=\"https:\/\/www.bmvr.marseille.fr\/notice?id=h%3A%3Acade4d7c-1bde-4774-8502-ac141d1f119a&amp;queryId=c837d91e-1634-46bb-9fd4-6b568d947eb1\" target=\"_blank\" rel=\"nofollow noopener\">Site de la biblioth\u00e8que de la Grognarde<\/a><br \/>2, square Berthier 13011<br \/>04 13 94 82 60<br \/>\u00a0<\/p>\n<\/dd>\n<\/dl>\n<dl class=\"ckeditor-accordion\">\n<dt>\u00c0 la biblioth\u00e8que du Merlan (14e)<\/dt>\n<dd>\n<p><a href=\"https:\/\/www.bmvr.marseille.fr\/notice?id=h%3A%3Ac52e9987-20b6-485a-a74c-a4ba6511509a&amp;queryId=c837d91e-1634-46bb-9fd4-6b568d947eb1\" target=\"_blank\" rel=\"nofollow noopener\">Site de la biblioth\u00e8que du Merlan<\/a><br \/>Centre urbain du Merlan, avenue Raimu 13014<br \/>04 13 94 82 40<\/p>\n<p>Mardi, jeudi, vendredi 13h- 18h<br \/>Mercredi 10h-13h et 14h-18h<\/p>\n<\/dd>\n<\/dl>\n<dl class=\"ckeditor-accordion\">\n<dt>\u00c0 la m\u00e9diath\u00e8que Salim-Hatubou (15e)<\/dt>\n<dd>\n<p><a href=\"https:\/\/www.bmvr.marseille.fr\/notice?id=h%3A%3A39fe9f65-e475-4901-a04d-aa7b71215559&amp;queryId=c837d91e-1634-46bb-9fd4-6b568d947eb1\" target=\"_blank\" rel=\"nofollow noopener\">Site de la m\u00e9diath\u00e8que Salim-Hatubou<\/a><br \/>1, rue des Fr\u00e9gates, place du Sud 13015<br \/>04 13 94 83 90<br \/>\u00a0<\/p>\n<\/dd>\n<\/dl>\n<dl class=\"ckeditor-accordion\">\n<dt>\u00c0 la biblioth\u00e8que Saint-Andr\u00e9 (16e)\u00a0<\/dt>\n<dd>\n<p><a href=\"https:\/\/www.bmvr.marseille.fr\/notice?id=h%3A%3Ac46ad66d-2a07-4e42-9f67-bc4ceba2c5db&amp;queryId=c837d91e-1634-46bb-9fd4-6b568d947eb1\" target=\"_blank\" rel=\"nofollow noopener\">Site de la biblioth\u00e8que de Saint-Andr\u00e9<\/a><br \/>6, boulevard Salducci 13016<br \/>04 13 94 82 00<br \/>\u00a0<\/p>\n<\/dd>\n<\/dl>\n<p class=\"text-align-center\">\u00a0<\/p>\n<p>Fa\u00eetes votre cin\u00e9ma au ch\u00e2teau de la Buzine !<\/p>\n<p class=\"text-align-center\">56 Trav. de la Buzine, 11e<br \/><a href=\"https:\/\/www.labuzine.com\/\" target=\"_blank\" rel=\"nofollow noopener\">labuzine.com<\/a><\/p>\n<p>\u00a0<\/p>\n<p><img decoding=\"async\" src=\"https:\/\/www.europesays.com\/fr\/wp-content\/uploads\/2025\/09\/buzine_parc-pano.png\" data-entity-uuid=\"14375653-a3bd-4107-8c7a-f0ca47476117\" data-entity-type=\"file\" width=\"502\" height=\"157\" class=\"align-center\" loading=\"lazy\"\/><\/p>\n<p>\u00a0<\/p>\n<p>\u00a0<\/p>\n<p>A la d\u00e9couverte des archives municipales !\u00a0<\/p>\n<p class=\"text-align-center\">\u00a0<\/p>\n<p><img decoding=\"async\" src=\"https:\/\/www.europesays.com\/fr\/wp-content\/uploads\/2025\/09\/vdm_311447.jpg\" data-entity-uuid=\"c2280fc1-ad50-43fa-be81-e681ac2deb5b\" data-entity-type=\"file\" width=\"201\" height=\"302\" class=\"align-center\" loading=\"lazy\"\/><\/p>\n<p><a href=\"https:\/\/archives.marseille.fr\/\" target=\"_blank\" rel=\"nofollow noopener\">Archives municipales<\/a><br \/>10, rue Clovis Hugues (3e)<br \/>\u00a0<\/p>\n<ul>\n<li><strong>Exposition photographique sur les m\u00e9tiers de l&rsquo;Op\u00e9ra<\/strong><br \/>du 27\/06\/2025 au 26\/09\/2025<br \/>acc\u00e8s libre et gratuit, le lundi de 13h \u00e0 16h45 et du mardi au vendredi de 8h45 \u00e0 16h45\n<p>\u00a0<br \/>\u00a0<\/p>\n<\/li>\n<\/ul>\n<p>Soyez sport !\u00a0<\/p>\n<p class=\"text-align-center\">\u00a0<\/p>\n<p><img decoding=\"async\" src=\"https:\/\/www.europesays.com\/fr\/wp-content\/uploads\/2025\/06\/enfants-piscine.jpg\" data-entity-uuid=\"9a180663-38d7-44e6-b3f4-956e3adce21c\" data-entity-type=\"file\" alt=\"\" width=\"396\" height=\"264\" class=\"align-center\" loading=\"lazy\"\/><\/p>\n<p class=\"text-align-center\">\u00a0<\/p>\n<dl class=\"ckeditor-accordion\">\n<dt>Dans les piscines municipales<\/dt>\n<dd>\n<p class=\"text-align-center rtecenter\"><a class=\"btn btn-secondary\" href=\"https:\/\/www.marseille.fr\/sports-loisirs\/equipements-sportifs\/piscines-municipales\" target=\"_blank\" rel=\"nofollow noopener\"><strong>Toutes les infos sur les piscines municipales<\/strong><\/a><\/p>\n<\/dd>\n<dt>Voile<\/dt>\n<dd>\n<p>Tout au long de l&rsquo;ann\u00e9e, \u00e0 l&rsquo;exception de la saison hivernale le <strong>Centre municipal de voile<\/strong> propose des activit\u00e9s sous forme de stage au sein des bases nautiques. \u00a0Les activit\u00e9s propos\u00e9es visent \u00e0 acqu\u00e9rir des comp\u00e9tences techniques ou \u00e0 d\u00e9couvrir le patrimoine maritime marseillais.<\/p>\n<p><strong>Centre municipal de voile<\/strong><br \/>\u25ba <a href=\"https:\/\/www.marseille.fr\/sports-loisirs\/stade-nautique\" target=\"_blank\" rel=\"nofollow noopener\"><strong>Stade nautique Florence Arthaud<\/strong><\/a><br \/>6 promenade Georges Pompidou (8e)<br \/>\u00a0<\/p>\n<p>\u25ba<strong> <\/strong><a href=\"https:\/\/www.marseille.fr\/mer\/bases-nautiques\" target=\"_blank\" rel=\"nofollow noopener\"><strong>Base nautique de Corbi\u00e8re<\/strong><\/a><br \/>250 plage de l&rsquo;Estaque (16e)<br \/>\u00a0\u00a0<\/p>\n<\/dd>\n<\/dl>\n<dl class=\"ckeditor-accordion\">\n<dt>Coach bien-\u00eatre<\/dt>\n<dd>\n<p><strong>L&rsquo;\u00e9dition 2025 \u00ab\u00a0Coach bien-\u00eatre\u00a0\u00bb a lieu du 1er avril au 30 septembre.\u00a0<\/strong><\/p>\n<p>Le programme \u00ab\u00a0Coach bien-\u00eatre\u00a0\u00bb \u00a0vise \u00e0 :<\/p>\n<ul>\n<li>faire d\u00e9couvrir au plus grand nombre des activit\u00e9s sportives terrestres et\/ou aquatiques ;<\/li>\n<li>encourager la lutte contre la s\u00e9dentarit\u00e9 par la pratique d\u2019une activit\u00e9 physique, facteur essentiel de bien-\u00eatre et de sant\u00e9.<br \/>\u00a0<\/li>\n<\/ul>\n<p class=\"text-align-center\">\u00a0 <a class=\"btn btn-primary\" href=\"https:\/\/coaching.marseille.fr\/\" target=\"_blank\" rel=\"nofollow noopener\">R\u00e9servations sur le site d\u00e9di\u00e9 : coaching.marseille.fr<\/a> \u00a0<\/p>\n<\/dd>\n<\/dl>\n<dl class=\"ckeditor-accordion\">\n<dt>Palais Omnisports Marseille Grand Est &#8211; POMGE\u00a0<\/dt>\n<dd>\n<p><a href=\"https:\/\/www.palaisomnisports-marseille.com\/\" target=\"_blank\" rel=\"nofollow noopener\">Site du Palaisomnisports-marseille.com<\/a><br \/>12 boulevard Fernand Bonnefoy (10e)\u00a0<\/p>\n<\/dd>\n<\/dl>\n<p>\u00a0<\/p>\n<p class=\"text-align-center\">\u00a0<\/p>\n<p>Avec vue sur mer !\u00a0<\/p>\n<p class=\"text-align-center\">\u00a0<\/p>\n<p><img decoding=\"async\" class=\"align-center align-center\" src=\"https:\/\/www.europesays.com\/fr\/wp-content\/uploads\/2025\/09\/le-hublot-ext-x500.png\" data-entity-uuid=\"48fbd296-143b-4cbd-9d2c-35d132e3e2c4\" data-entity-type=\"file\" width=\"399\" height=\"266\" loading=\"lazy\"\/><\/p>\n<p class=\"text-align-center\">\u00a0<\/p>\n<p>Le Hublot<\/p>\n<p>Le Hublot est un<strong> lieu de sensibilisation et de d\u00e9couverte de la mer et du littoral pour le grand-public.\u00a0<\/strong><br \/><strong>Situ\u00e9e le long de la promenade littorale pr\u00e8s de l&rsquo;Escale Bor\u00e9ly, cette fen\u00eatre sur la mer promeut et \u00e9duque aux bons comportements \u00e0 adopter pour la pr\u00e9servation de la mer et du littoral.<\/strong><\/p>\n<p><strong>Informations pratiques : ouvert tous les jours de 10h \u00e0 18h15\u00a0 jusqu&rsquo;au 2 novembre 2025<\/strong><\/p>\n<p><strong>Le Hublot <\/strong>(entre l&rsquo;escale Bor\u00e9ly et les jeux de plage du crabe)<br \/>138 avenue Pierre Mend\u00e8s France, 13008 Marseille<br \/>Gratuit &#8211; Tout public<br \/>\u00a0<\/p>\n<p class=\"text-align-center\"><a href=\"https:\/\/www.marseille.fr\/mer\/balade-et-loisirs\/lieux-de-decouverte-du-littoral-et-des-milieux-marins\" target=\"_blank\" rel=\"nofollow noopener\">Plus d&rsquo;informations sur les lieux d\u00e9di\u00e9s au milieu marin<\/a>\u00a0<\/p>\n<p>\u00a0<\/p>\n<p>Prenez l&rsquo;air !\u00a0<\/p>\n<p class=\"text-align-center\">\u00a0<\/p>\n<p><img decoding=\"async\" src=\"https:\/\/www.europesays.com\/fr\/wp-content\/uploads\/2025\/06\/parc-pano_villenature-vacances.jpg\" data-entity-uuid=\"0c3e7d46-2e5b-4d9c-9194-25a53558d17a\" data-entity-type=\"file\" alt=\"\" width=\"513\" height=\"160\" class=\"align-center\" loading=\"lazy\"\/><\/p>\n<p class=\"text-align-center\">\u00a0<\/p>\n<dl class=\"ckeditor-accordion\">\n<dt>Les parcs et jardins<\/dt>\n<dd>\n<p>En constante augmentation, le patrimoine des espaces verts de la Ville de Marseille recouvre\u00a0<strong>plus de 700\u00a0hectares\u00a0<\/strong>: parcs, jardins, espaces verts de voirie, cimeti\u00e8res, squares&#8230; pour le plaisir des petits comme des grands.\u00a0<\/p>\n<p><strong>Les parcs et jardins de la Ville de Marseille sont ouverts :\u00a0<\/strong><\/p>\n<ul>\n<li><strong>de 7h \u00e0 19h, du 1er septembre au 31 mai,<\/strong><\/li>\n<li><strong>\u00e0\u00a0l&rsquo;exception des parcs suivants :<\/strong><br \/>&#8211; <strong>Parc Bor\u00e9ly\u00a0: ouverture de 6h30 \u00e0 21h toute l&rsquo;ann\u00e9e<\/strong><br \/>&#8211; <strong>Parc Bougainville\u00a0:\u00a0ouverture de 6h30 \u00e0 21h toute l&rsquo;ann\u00e9e<\/strong><br \/>&#8211; <strong>Parc du Pharo (Jardin \u00c9mile Duclaux)\u00a0: ouverture de 7h \u00e0 21h toute l&rsquo;ann\u00e9e.<\/strong><\/li>\n<\/ul>\n<p class=\"text-align-center\"><a class=\"btn btn-secondary\" href=\"https:\/\/www.marseille.fr\/environnement\/presentation\" target=\"_blank\" rel=\"nofollow noopener\">Plus d&rsquo;infos sur les parcs et jardins marseillais<\/a><\/p>\n<p>Toboggans, filets \u00e0 grimper, jeux sur ressort, m\u00e2ts \u00e0 glisser&#8230; La Ville de Marseille dispose de<strong>\u00a0<\/strong><a href=\"https:\/\/www.marseille.fr\/sports-loisirs\/actualites\/aires-de-jeux-occupez-vos-enfants-dans-les-parcs-et-jardins-marseillais\" target=\"_blank\" rel=\"nofollow noopener\"><strong>plus d&rsquo;une trentaine d&rsquo;aires de jeux<\/strong><\/a>\u00a0pour enfants, install\u00e9es dans ses parcs et jardins et r\u00e9parties sur l&rsquo;ensemble du territoire.<\/p>\n<p><strong>Focus sur le Jardin botanique :\u00a0<\/strong><\/p>\n<p><strong>Dans son de 1,2 hectare nich\u00e9 au c\u0153ur du Parc Bor\u00e9ly (8e), cette m\u00e9moire vivante \u00a0pr\u00e9sente environ 3 000 esp\u00e8ces v\u00e9g\u00e9tales diff\u00e9rentes<\/strong>, provenant<strong>\u00a0des cinq continents<\/strong>, pr\u00e9sent\u00e9es dans neuf espaces th\u00e9matiques : jardin japonais, chinois, m\u00e9diterran\u00e9en, de plantes grimpantes, succulentes, m\u00e9dicinales, potager, palmetum et serre d&rsquo;Afrique du Sud.\u00a0<strong>Comme un mus\u00e9e, il rassemble des collections de v\u00e9g\u00e9taux et offre un v\u00e9ritable parcours de d\u00e9couvertes ludiques, sensorielles, et insolites.\u00a0Sa mission est \u00e9galement d\u2019assurer la protection et conservation<\/strong>\u00a0de la flore, d\u2019alimenter la recherche scientifique et de permettre l\u2019\u00e9ducation et la sensibilisation des publics.<\/p>\n<p><strong>Les visites libres se font uniquement sur <\/strong><a href=\"https:\/\/natureenville.marseille.fr\/\" target=\"_blank\" rel=\"nofollow noopener\">Inscription\u00a0<\/a><br \/>\u00c0 savoir : le Jardin botanique ferme ses portes \u00e0 19h du 1er avril au \u00a0jusqu&rsquo;au 30 septembre. \u00a0Le jardin botanique est ferm\u00e9 le lundi.<\/p>\n<p>\u00a0<\/p>\n<p class=\"text-align-center rtecenter\"><a class=\"btn btn-secondary\" href=\"https:\/\/www.marseille.fr\/environnement\/parcs-et-jardins\/jardin-botanique\" target=\"_blank\" rel=\"nofollow noopener\">Plus d&rsquo;infos sur le jardin botanique<\/a><br \/>\u00a0<\/p>\n<\/dd>\n<\/dl>\n<dl class=\"ckeditor-accordion\">\n<dt>Fermes p\u00e9dagogiques<\/dt>\n<dd>\n<p>Les fermes p\u00e9dagogiques sont de v\u00e9ritables exploitations agricoles\u00a0implant\u00e9es dans d\u2019anciens domaines bastidaires.<\/p>\n<ul class=\"liseDesc\">\n<li>Ferme p\u00e9dagogique du Roy d\u2019Espagne &#8211; Rue Jules Rimet &#8211; 9e<\/li>\n<li>Ferme p\u00e9dagogique du Collet des Comtes &#8211; 137 boulevard des Lib\u00e9rateurs &#8211; 12e<\/li>\n<li>Ferme p\u00e9dagogique de la Tour des Pins &#8211; Avenue du Parc Montgolfier &#8211; 14e<\/li>\n<\/ul>\n<p>\u00a0<\/p>\n<p class=\"text-align-center rtecenter\"><a class=\"btn btn-secondary\" href=\"https:\/\/www.marseille.fr\/environnement\/fermes-pedagogiques\" target=\"_blank\" rel=\"nofollow noopener\">Plus d&rsquo;infos sur les fermes p\u00e9dagogiques de Marseille<\/a><\/p>\n<\/dd>\n<\/dl>\n<dl class=\"ckeditor-accordion\">\n<dt>Relais nature<\/dt>\n<dd>\n<p>Les relais-nature disposent d\u2019un vaste jardin p\u00e9dagogique et de salles d\u2019activit\u00e9. Ils constituent de v\u00e9ritables \u00eelots de nature en ville, des espaces pour s\u2019\u00e9merveiller, observer la petite faune et la flore locales et s\u2019exercer aux activit\u00e9s de jardinage en toute saison.<\/p>\n<ul class=\"liseDesc\">\n<li>Relais-nature de la Moline &#8211; 26 boulevard Marius Richard &#8211; 12e<\/li>\n<li>Relais-nature Saint-Joseph &#8211;\u00a064 boulevard Simon Bolivar &#8211; 14e<\/li>\n<li>Relais-nature Bougainville &#8211; 50 boulevard de Brian\u00e7on &#8211; 3e<br \/>\u00a0<\/li>\n<\/ul>\n<p class=\"text-align-center\"><a class=\"btn btn-secondary\" href=\"https:\/\/www.marseille.fr\/environnement\/relais-nature\" target=\"_blank\" rel=\"nofollow noopener\">Plus d&rsquo;infos sur les relais nature<\/a><\/p>\n<\/dd>\n<\/dl>\n<dl class=\"ckeditor-accordion\">\n<dt>Prenez un grand bol d\u2019air dans les massifs marseillais !<\/dt>\n<dd>\n<p>Une belle balade en famille \u00e7a vous dit ? De par sa topographie, Marseille regorge de beaux sentiers naturels \u00e0 la port\u00e9e de tous, une vue \u00e9poustouflante, une immersion en for\u00eat, voici toutes nos id\u00e9es de balades \u00e0 Marseille et autour pour un d\u00e9paysement total.<\/p>\n<p class=\"text-align-center rtecenter\"><a class=\"btn btn-secondary\" href=\"https:\/\/www.marseille-tourisme.com\/decouvrez-marseille\/calanques-plages-et-nature\/randonnees\/\" target=\"_blank\" rel=\"nofollow noopener\">Plus d&rsquo;infos sur les balades nature<\/a><\/p>\n<p><strong>\u00c0 noter : Les massifs forestiers et les Calanques sont accessibles sous conditions fix\u00e9es par les r\u00e9glementations consultables :\u00a0<\/strong><\/p>\n<p class=\"text-align-center\"><strong>\u00a0<\/strong><a class=\"btn btn-secondary\" href=\"https:\/\/www.marseille.fr\/mer\/patrimoine-et-loisirs\/reglementation-de-l-acces-aux-calanques\" target=\"_blank\" rel=\"nofollow noopener\"><strong>Acc\u00e8s aux Calanques et aux massifs<\/strong><\/a>\u00a0<\/p>\n<\/dd>\n<\/dl>\n<p class=\"text-align-center\">\u00a0<\/p>\n<p>Faites votre march\u00e9 !<\/p>\n<p class=\"text-align-center\">\u00a0<\/p>\n<p><img decoding=\"async\" src=\"https:\/\/www.europesays.com\/fr\/wp-content\/uploads\/2025\/09\/vdm_347025.jpg\" data-entity-uuid=\"f9bf8c01-9ad9-465c-9a2a-17ea424f727e\" data-entity-type=\"file\" width=\"396\" height=\"305\" class=\"align-center\" loading=\"lazy\"\/><\/p>\n<p>Les march\u00e9s sont ouverts tous les jours.<br \/>\u00a0<\/p>\n<p class=\"text-align-center box-arrondi\"><strong>Du 22 juin au 14 septembre 2025, le march\u00e9 d&rsquo;\u00e9t\u00e9 anime le Vieux-Port,\u00a0<\/strong><br \/><strong>du dimanche au jeudi de 11h \u00e0 21h et de 11h \u00e0 22h les vendredis et samedis.\u00a0\u00a0<\/strong>\u00a0<\/p>\n<p class=\"text-align-center rtecenter\">\u00a0<\/p>\n<p class=\"text-align-center rtecenter\"><a class=\"btn btn-primary\" href=\"https:\/\/etemarseillais.fr\/evenements\/marche-estival\" target=\"_blank\" rel=\"nofollow noopener\">Le march\u00e9 d&rsquo;\u00e9t\u00e9<\/a>\u00a0<\/p>\n<p class=\"text-align-center rtecenter\"><a class=\"btn btn-primary\" href=\"https:\/\/www.marseille.fr\/les-marches-forains\" target=\"_blank\" rel=\"nofollow noopener\">Les march\u00e9s forains<\/a>\u00a0<\/p>\n<p class=\"text-align-center rtecenter\"><a class=\"btn btn-primary\" href=\"https:\/\/www.marseille.fr\/decouvrir-marseille\/les-march%C3%A9s-de-la-ville\/les-march%C3%A9s-alimentaires\" target=\"_blank\" rel=\"nofollow noopener\">Les march\u00e9s alimentaires<\/a><\/p>\n<p class=\"text-align-center rtecenter\"><a class=\"btn btn-primary\" href=\"https:\/\/www.marseille.fr\/decouvrir-marseille\/les-march%C3%A9s-de-la-ville\/les-march%C3%A9s-aux-fleurs\" target=\"_blank\" rel=\"nofollow noopener\">Les march\u00e9s aux fleurs<\/a><\/p>\n<p class=\"text-align-center rtecenter\"><a class=\"btn btn-primary\" href=\"https:\/\/www.marseille.fr\/decouvrir-marseille\/les-march%C3%A9s-de-la-ville\/les-autres-march%C3%A9s\" target=\"_blank\" rel=\"nofollow noopener\">Les autres march\u00e9s<\/a><\/p>\n<p class=\"rtecenter\">\u00a0<\/p>\n<p class=\"rtecenter\">\u00a0<\/p>\n<p><strong>Une autre id\u00e9e ? Retrouvez toutes les infos sur Sortir \u00e0 Marseille :<\/strong>\u00a0<\/p>\n<p class=\"text-align-center rtecenter\"><a class=\"btn btn-secondary btn-primary\" href=\"https:\/\/www.sortiramarseille.fr\/\" target=\"_blank\" rel=\"nofollow noopener\">sortiramarseille.fr<\/a><br \/>\u00a0<\/p>\n<p class=\"text-align-center\" style=\"margin-top:-40px;padding-top:60px;\" id=\"HORAIRES-SERVICES-9JUIN\">\u00a0<\/p>\n","protected":false},"excerpt":{"rendered":"Pour la rentr\u00e9e, faites le plein d&rsquo;activit\u00e9s et profitez encore un peu de l&rsquo;\u00e9t\u00e9.\u00a0 Chaque lundi, retrouvez le&hellip;\n","protected":false},"author":2,"featured_media":374737,"comment_status":"","ping_status":"","sticky":false,"template":"","format":"standard","meta":{"footnotes":""},"categories":[2814],"tags":[1111,11,1777,674,1011,27,884,12,882,25,6150],"class_list":{"0":"post-374736","1":"post","2":"type-post","3":"status-publish","4":"format-standard","5":"has-post-thumbnail","7":"category-marseille","8":"tag-actu","9":"tag-actualites","10":"tag-eu","11":"tag-europe","12":"tag-fr","13":"tag-france","14":"tag-marseille","15":"tag-news","16":"tag-provence-alpes-cote-dazur","17":"tag-republique-francaise","18":"tag-rss"},"share_on_mastodon":{"url":"https:\/\/pubeurope.com\/@fr\/115167568084279513","error":""},"_links":{"self":[{"href":"https:\/\/www.europesays.com\/fr\/wp-json\/wp\/v2\/posts\/374736","targetHints":{"allow":["GET"]}}],"collection":[{"href":"https:\/\/www.europesays.com\/fr\/wp-json\/wp\/v2\/posts"}],"about":[{"href":"https:\/\/www.europesays.com\/fr\/wp-json\/wp\/v2\/types\/post"}],"author":[{"embeddable":true,"href":"https:\/\/www.europesays.com\/fr\/wp-json\/wp\/v2\/users\/2"}],"replies":[{"embeddable":true,"href":"https:\/\/www.europesays.com\/fr\/wp-json\/wp\/v2\/comments?post=374736"}],"version-history":[{"count":0,"href":"https:\/\/www.europesays.com\/fr\/wp-json\/wp\/v2\/posts\/374736\/revisions"}],"wp:featuredmedia":[{"embeddable":true,"href":"https:\/\/www.europesays.com\/fr\/wp-json\/wp\/v2\/media\/374737"}],"wp:attachment":[{"href":"https:\/\/www.europesays.com\/fr\/wp-json\/wp\/v2\/media?parent=374736"}],"wp:term":[{"taxonomy":"category","embeddable":true,"href":"https:\/\/www.europesays.com\/fr\/wp-json\/wp\/v2\/categories?post=374736"},{"taxonomy":"post_tag","embeddable":true,"href":"https:\/\/www.europesays.com\/fr\/wp-json\/wp\/v2\/tags?post=374736"}],"curies":[{"name":"wp","href":"https:\/\/api.w.org\/{rel}","templated":true}]}}