{"id":374740,"date":"2025-09-08T07:47:09","date_gmt":"2025-09-08T07:47:09","guid":{"rendered":"https:\/\/www.europesays.com\/fr\/374740\/"},"modified":"2025-09-08T07:47:09","modified_gmt":"2025-09-08T07:47:09","slug":"biennale-de-lyon-entrez-dans-la-danse","status":"publish","type":"post","link":"https:\/\/www.europesays.com\/fr\/374740\/","title":{"rendered":"Biennale de Lyon : entrez dans la danse"},"content":{"rendered":"<p>Dans la m\u00e9tropole de Lyon, plus d\u2019une trentaine de lieux accueilleront en salle ou dans l\u2019espace public des repr\u00e9sentations. Deux lieux embl\u00e9matiques du territoire sont d\u2019ailleurs de la partie\u00a0pour cette biennale :\u00a0<\/p>\n<p>Les Grandes Locos accueilleront plusieurs spectacles durant la Biennale dont une pi\u00e8ce pour huit danseurs et danseuses pour d\u00e9noncer l\u2019oppression des r\u00e9gimes autoritaires. Sous le nom de F*cking Future, l\u2019artiste portugais Marco da Silva Ferreira illustre la mani\u00e8re dont les r\u00e9gimes autoritaires cherchent \u00e0 discipliner les corps. (18, 19 et 20 septembre).<\/p>\n<p>Le Collectif A\/R produira son spectacle Dancing\u00a0autour d\u2019une performance immersive \u00e0 mi-chemin entre concert, bal et rave-party sur de la musique \u00e9lectronique. (25 et 26 septembre).<\/p>\n<p>Dix-huit danseurs et danseuses d\u00e9voileront le spectacle Crowd o\u00f9 dans une mise en sc\u00e8ne de rave-party o\u00f9 \u00ab\u00a0les corps exp\u00e9rimentent des \u00e9tats physiques et \u00e9motionnels diff\u00e9rents\u00a0\u00bb (11 au 13 septembre).<\/p>\n<p>En cl\u00f4ture des trois semaines, la Biennale propose une exp\u00e9rience chor\u00e9graphique immersive baptis\u00e9e Feeling First autour de l\u2019univers du hip-hop et des danses de club. Shows, battles, jams et workshops sont au programme (27 septembre).<\/p>\n<ul>\n<li><strong>Cit\u00e9 internationale de la Gastronomie\u00a0<\/strong><\/li>\n<\/ul>\n<p>Au Grand H\u00f4tel Dieu (Lyon 2), la Cit\u00e9 internationale de la gastronomie (CIG) accueillera tout au long de la Biennale une installation vid\u00e9o intitul\u00e9e Landscaping d\u2019Eszter Salamon. Ce film tourn\u00e9 \u00e0 Bergen en Norv\u00e8ge montre \u00e0 travers les mouvements de danseurs la relation entre humains et paysages et les effets de l\u2019un sur l\u2019autre. (6 au 28 septembre)<\/p>\n<p>Mais \u00e9galement la pi\u00e8ce Repert\u00f3rio N.2 de Davi Pontes et Wallace Ferreira installe la danse comme outil d\u2019autod\u00e9fense avec la performance\u00a0de deux danseurs enti\u00e8rement nus sur sc\u00e8ne qui imagine et projette un avenir lib\u00e9r\u00e9 de violence. (19 et 20 septembre \u2013 Interdit aux moins de seize ans).<\/p>\n<p>La CIG deviendra \u00e9galement h\u00f4te de Cheb de Filipe Louren\u00e7o. Cette \u0153uvre m\u00ealant deux danseurs et deux musiciens vous inviteront \u00e0 la rencontre de deux univers au travers de la musique du Maghreb et de la musique populaire d\u2019aujourd\u2019hui (28 septembre).<\/p>\n<p>Tout au long de la Biennale, des conversations avec les chor\u00e9graphes et des workshops pour les danseurs et danseuses adh\u00e9rents du Centre nationale de la danse sont organis\u00e9s \u00e0 la Cit\u00e9 internationale de la Gastronomie.<\/p>\n<p><a href=\"https:\/\/www.labiennaledelyon.com\/programmation-2025\" target=\"_blank\" class=\"btn-link-external btn-link-red\" title=\"Consulter le programme de la Biennale de la Danse (Nouvelle fen\u00eatre)\" rel=\"noreferrer nofollow noopener\">Tout le programme\u00a0<\/a><\/p>\n","protected":false},"excerpt":{"rendered":"Dans la m\u00e9tropole de Lyon, plus d\u2019une trentaine de lieux accueilleront en salle ou dans l\u2019espace public des&hellip;\n","protected":false},"author":2,"featured_media":374741,"comment_status":"","ping_status":"","sticky":false,"template":"","format":"standard","meta":{"footnotes":""},"categories":[1889],"tags":[1111,11,2430,1777,674,1011,27,2428,12,25],"class_list":{"0":"post-374740","1":"post","2":"type-post","3":"status-publish","4":"format-standard","5":"has-post-thumbnail","7":"category-lyon","8":"tag-actu","9":"tag-actualites","10":"tag-auvergne-rhone-alpes","11":"tag-eu","12":"tag-europe","13":"tag-fr","14":"tag-france","15":"tag-lyon","16":"tag-news","17":"tag-republique-francaise"},"share_on_mastodon":{"url":"https:\/\/pubeurope.com\/@fr\/115167575692035419","error":""},"_links":{"self":[{"href":"https:\/\/www.europesays.com\/fr\/wp-json\/wp\/v2\/posts\/374740","targetHints":{"allow":["GET"]}}],"collection":[{"href":"https:\/\/www.europesays.com\/fr\/wp-json\/wp\/v2\/posts"}],"about":[{"href":"https:\/\/www.europesays.com\/fr\/wp-json\/wp\/v2\/types\/post"}],"author":[{"embeddable":true,"href":"https:\/\/www.europesays.com\/fr\/wp-json\/wp\/v2\/users\/2"}],"replies":[{"embeddable":true,"href":"https:\/\/www.europesays.com\/fr\/wp-json\/wp\/v2\/comments?post=374740"}],"version-history":[{"count":0,"href":"https:\/\/www.europesays.com\/fr\/wp-json\/wp\/v2\/posts\/374740\/revisions"}],"wp:featuredmedia":[{"embeddable":true,"href":"https:\/\/www.europesays.com\/fr\/wp-json\/wp\/v2\/media\/374741"}],"wp:attachment":[{"href":"https:\/\/www.europesays.com\/fr\/wp-json\/wp\/v2\/media?parent=374740"}],"wp:term":[{"taxonomy":"category","embeddable":true,"href":"https:\/\/www.europesays.com\/fr\/wp-json\/wp\/v2\/categories?post=374740"},{"taxonomy":"post_tag","embeddable":true,"href":"https:\/\/www.europesays.com\/fr\/wp-json\/wp\/v2\/tags?post=374740"}],"curies":[{"name":"wp","href":"https:\/\/api.w.org\/{rel}","templated":true}]}}