{"id":374742,"date":"2025-09-08T07:48:13","date_gmt":"2025-09-08T07:48:13","guid":{"rendered":"https:\/\/www.europesays.com\/fr\/374742\/"},"modified":"2025-09-08T07:48:13","modified_gmt":"2025-09-08T07:48:13","slug":"un-arsenal-decouvert-dans-une-cave-de-valence-huit-condamnations-a-lyon","status":"publish","type":"post","link":"https:\/\/www.europesays.com\/fr\/374742\/","title":{"rendered":"Un arsenal d\u00e9couvert dans une cave de Valence : huit condamnations \u00e0 Lyon"},"content":{"rendered":"<p>                            <img loading=\"lazy\" width=\"1080\" height=\"675\" class=\"attachment-article size-article wp-post-image lazyload\" alt=\"voiture police faits-divers\" decoding=\"async\" src=\"https:\/\/www.europesays.com\/fr\/wp-content\/uploads\/2025\/09\/Police-@WilliamPham-scaled-e1681809311988.jpg\" data-eio-rwidth=\"1080\" data-eio-rheight=\"675\"\/><\/p>\n<p>Image d\u2019illustration. Cr\u00e9dit : WilliamPham<\/p>\n<p class=\"content\" style=\"font-size:1.2em;font-weight:700\">Le tribunal judiciaire de Lyon a condamn\u00e9, cette semaine, huit hommes \u00e0 des peines allant de 30 mois avec sursis \u00e0 cinq ans de prison ferme, apr\u00e8s la d\u00e9couverte d\u2019une impressionnante cache d\u2019armes et de drogue \u00e0 Valence, dans la Dr\u00f4me.<\/p>\n<p>Le 22 juin 2023, en plein contexte de r\u00e8glements de comptes dans l\u2019agglom\u00e9ration de Valence, les policiers avaient mis la main, dans une cave du quartier Fontbarlettes, sur un v\u00e9ritable arsenal : cinq fusils d\u2019assaut dont deux Kalachnikovs, un pistolet-mitrailleur, cinq autres armes \u00e0 feu, des chargeurs, des munitions, une grenade de d\u00e9fense, mais aussi des uniformes militaires et sept kilos d\u2019h\u00e9ro\u00efne.<\/p>\n<p>L\u2019enqu\u00eate, confi\u00e9e \u00e0 la PJ de Lyon et \u00e0 la JIRS, avait permis d\u2019identifier dix suspects gr\u00e2ce \u00e0 des traces ADN et des empreintes retrouv\u00e9es sur les armes et le mat\u00e9riel de conditionnement. Pr\u00e8s de cent enqu\u00eateurs, \u00e9paul\u00e9s par la BRI, le Raid et l\u2019unit\u00e9 nationale d\u2019investigation, avaient proc\u00e9d\u00e9 \u00e0 une vaste op\u00e9ration d\u2019interpellations en septembre 2023.<\/p>\n<p>Selon nos confr\u00e8res du <a href=\"https:\/\/www.ledauphine.com\/faits-divers-justice\/2025\/09\/06\/fusils-d-assaut-grenade-et-drogue-dans-une-cave-jusqu-a-5-ans-de-prison-ferme\" target=\"_blank\" rel=\"noreferrer noopener nofollow\">Dauphin\u00e9 Lib\u00e9r\u00e9<\/a>, au terme du proc\u00e8s, qui s\u2019est tenu du 1er au 3 septembre, huit pr\u00e9venus, \u00e2g\u00e9s de 20 \u00e0 59 ans, ont \u00e9t\u00e9 condamn\u00e9s \u00e0 des peines allant de 30 mois avec sursis \u00e0 cinq ans de prison ferme. Le neuvi\u00e8me a \u00e9t\u00e9 relax\u00e9.<\/p>\n","protected":false},"excerpt":{"rendered":"Image d\u2019illustration. Cr\u00e9dit : WilliamPham Le tribunal judiciaire de Lyon a condamn\u00e9, cette semaine, huit hommes \u00e0 des&hellip;\n","protected":false},"author":2,"featured_media":367654,"comment_status":"","ping_status":"","sticky":false,"template":"","format":"standard","meta":{"footnotes":""},"categories":[1889],"tags":[1111,11,2430,1777,674,1011,27,2428,12,25],"class_list":{"0":"post-374742","1":"post","2":"type-post","3":"status-publish","4":"format-standard","5":"has-post-thumbnail","7":"category-lyon","8":"tag-actu","9":"tag-actualites","10":"tag-auvergne-rhone-alpes","11":"tag-eu","12":"tag-europe","13":"tag-fr","14":"tag-france","15":"tag-lyon","16":"tag-news","17":"tag-republique-francaise"},"share_on_mastodon":{"url":"https:\/\/pubeurope.com\/@fr\/115167579579203636","error":""},"_links":{"self":[{"href":"https:\/\/www.europesays.com\/fr\/wp-json\/wp\/v2\/posts\/374742","targetHints":{"allow":["GET"]}}],"collection":[{"href":"https:\/\/www.europesays.com\/fr\/wp-json\/wp\/v2\/posts"}],"about":[{"href":"https:\/\/www.europesays.com\/fr\/wp-json\/wp\/v2\/types\/post"}],"author":[{"embeddable":true,"href":"https:\/\/www.europesays.com\/fr\/wp-json\/wp\/v2\/users\/2"}],"replies":[{"embeddable":true,"href":"https:\/\/www.europesays.com\/fr\/wp-json\/wp\/v2\/comments?post=374742"}],"version-history":[{"count":0,"href":"https:\/\/www.europesays.com\/fr\/wp-json\/wp\/v2\/posts\/374742\/revisions"}],"wp:featuredmedia":[{"embeddable":true,"href":"https:\/\/www.europesays.com\/fr\/wp-json\/wp\/v2\/media\/367654"}],"wp:attachment":[{"href":"https:\/\/www.europesays.com\/fr\/wp-json\/wp\/v2\/media?parent=374742"}],"wp:term":[{"taxonomy":"category","embeddable":true,"href":"https:\/\/www.europesays.com\/fr\/wp-json\/wp\/v2\/categories?post=374742"},{"taxonomy":"post_tag","embeddable":true,"href":"https:\/\/www.europesays.com\/fr\/wp-json\/wp\/v2\/tags?post=374742"}],"curies":[{"name":"wp","href":"https:\/\/api.w.org\/{rel}","templated":true}]}}