{"id":374747,"date":"2025-09-08T07:51:10","date_gmt":"2025-09-08T07:51:10","guid":{"rendered":"https:\/\/www.europesays.com\/fr\/374747\/"},"modified":"2025-09-08T07:51:10","modified_gmt":"2025-09-08T07:51:10","slug":"la-sncf-annonce-deja-de-grosses-perturbations-sur-certaines-lignes-en-ile-de-france","status":"publish","type":"post","link":"https:\/\/www.europesays.com\/fr\/374747\/","title":{"rendered":"la SNCF annonce d\u00e9j\u00e0 de grosses perturbations sur certaines lignes en \u00cele-de-France"},"content":{"rendered":"<p>            Par<br \/>\n        <strong><br \/>\n            <a href=\"https:\/\/actu.fr\/auteur\/redaction-paris\" title=\"Consulter tous les articles de R\u00e9daction Paris\" target=\"_blank\" rel=\"noopener\">R\u00e9daction Paris<\/a><br \/>\n        <\/strong><\/p>\n<p>        Publi\u00e9 le<\/p>\n<p>            8 sept. 2025 \u00e0 9h36        <\/p>\n<p>Il n\u2019y a pas que les travaux qui vont <a href=\"https:\/\/actu.fr\/societe\/ratp-et-sncf-les-perturbations-prevues-dans-les-transports-a-paris-et-en-ile-de-france-cette-semaine-agitee_63126763.html\" target=\"_blank\" rel=\"noopener\">bloquer le trafic dans les transports<\/a>, mercredi 10\u00a0septembre 2025. \u00c0 <a href=\"https:\/\/actu.fr\/paris\/\" target=\"_blank\" rel=\"noopener\">Paris<\/a> et en \u00cele-de-France, les appels \u00e0 la gr\u00e8ve ont d\u00e9j\u00e0 \u00e9t\u00e9 lanc\u00e9s par plusieurs syndicats dans les transports notamment. Ce lundi 8\u00a0septembre, <strong>deux lignes de la <a href=\"https:\/\/actu.fr\/tag\/sncf\" target=\"_blank\" rel=\"noopener\">SNCF<\/a><\/strong> viennent d\u2019annoncer des perturbations.<\/p>\n<p>Les pr\u00e9cisions la veille<\/p>\n<p class=\" wall-content\">Apr\u00e8s l\u2019appel \u00e0 la gr\u00e8ve de Sud Rail et de la CGT Cheminots invitant \u00ab\u2009\u00e0 participer massivement par la gr\u00e8ve\u2009\u00bb \u00e0 cette journ\u00e9e du 10\u00a0septembre, <strong>un blocage dans le ferroviaire<\/strong> \u00e9tait pr\u00e9visible. Le d\u00e9tail sera donn\u00e9 par la SNCF 24 \u00e0 48\u00a0heures avant le jour-J.<\/p>\n<p class=\" wall-content\">La <strong>ligne R<\/strong> de la SNCF, reliant la gare de Lyon \u00e0 Montereau et Montargis a d\u2019ores et d\u00e9j\u00e0 indiqu\u00e9 qu\u2019un mouvement social interprofessionnel perturbera la ligne mercredi. \u00ab\u2009Dans la mesure du possible, nous vous conseillons de limiter vos d\u00e9placements\u2009\u00bb, indique le compte de la ligne sur X sans donner plus de pr\u00e9cision. Les horaires des trains qui circuleront ce jour-l\u00e0 seront annonc\u00e9s <strong>la veille d\u00e8s 17h.<\/strong><\/p>\n<p class=\" wall-content\">\n<p class=\" wall-content\">Le <strong>RER D<\/strong> sera par ailleurs impact\u00e9 par le mouvement de gr\u00e8ve. La ligne reliant Creil \u00e0 Melun notamment en passant par la gare du Nord et la gare de Lyon pr\u00e9sentera les horaires des trains la veille \u00e0 17h.<\/p>\n<p class=\" wall-content\">\n<p>Pr\u00e8s d\u2019un Fran\u00e7ais sur deux soutient le mouvement<\/p>\n<p class=\" wall-content\">Pour rappel, le mouvement <strong>\u00ab\u2009Bloquons tout\u2009\u00bb<\/strong>, n\u00e9 sur les r\u00e9seaux sociaux puis repris par plusieurs syndicats et partis politiques devrait paralyser une bonne partie de la France et de l\u2019\u00cele-de-France mercredi 10\u00a0septembre. Les autorit\u00e9s s\u2019attendent d\u2019ailleurs \u00e0 des actions diverses sur le territoire allant de blocages de gares, de raffineries, d\u2019axes de circulation, \u00e0 des op\u00e9rations de sabotages de radars automatiques et des manifestations classiques.<\/p>\n<p class=\" wall-content\">Selon un sondage publi\u00e9 par la <a href=\"https:\/\/www.latribune.fr\/la-tribune-dimanche\/politique\/sondage-exclusif-10-septembre-pres-d-un-francais-sur-deux-soutient-le-mouvement-1032015.html\" target=\"_blank\" rel=\"noopener\">Tribune Dimanche<\/a>, un peu moins d\u2019un Fran\u00e7ais sur deux soutiens le mouvement, 28\u2009% se disent oppos\u00e9s et 26\u2009% indiff\u00e9rents.<\/p>\n<p class=\" wall-content\">Personnalisez votre actualit\u00e9 en ajoutant vos villes et m\u00e9dias en favori avec <a href=\"https:\/\/moncompte.actu.fr\" title=\"D\u00e9couvez Mon Actu\" rel=\"nofollow noopener\" data-trk=\"{&quot;cta&quot;:{&quot;action&quot;:&quot;https:\\\/\\\/moncompte.actu.fr&quot;,&quot;category&quot;:&quot;mon compte&quot;,&quot;from&quot;:&quot;article footer&quot;,&quot;name&quot;:&quot;Mon actu&quot;,&quot;type&quot;:&quot;cta&quot;}}\" target=\"_blank\">Mon Actu<\/a>.<\/p>\n","protected":false},"excerpt":{"rendered":"Par R\u00e9daction Paris Publi\u00e9 le 8 sept. 2025 \u00e0 9h36 Il n\u2019y a pas que les travaux qui&hellip;\n","protected":false},"author":2,"featured_media":374748,"comment_status":"","ping_status":"","sticky":false,"template":"","format":"standard","meta":{"footnotes":""},"categories":[1888],"tags":[1111,1928,11,1927,1777,674,1011,27,6151,12,1926,626,1925,25,2215,104,2803],"class_list":{"0":"post-374747","1":"post","2":"type-post","3":"status-publish","4":"format-standard","5":"has-post-thumbnail","7":"category-paris","8":"tag-actu","9":"tag-actu-paris","10":"tag-actualites","11":"tag-actualites-paris","12":"tag-eu","13":"tag-europe","14":"tag-fr","15":"tag-france","16":"tag-greve","17":"tag-news","18":"tag-news-paris","19":"tag-paris","20":"tag-paris-news","21":"tag-republique-francaise","22":"tag-sncf","23":"tag-societe","24":"tag-transport"},"share_on_mastodon":{"url":"https:\/\/pubeurope.com\/@fr\/115167591303879081","error":""},"_links":{"self":[{"href":"https:\/\/www.europesays.com\/fr\/wp-json\/wp\/v2\/posts\/374747","targetHints":{"allow":["GET"]}}],"collection":[{"href":"https:\/\/www.europesays.com\/fr\/wp-json\/wp\/v2\/posts"}],"about":[{"href":"https:\/\/www.europesays.com\/fr\/wp-json\/wp\/v2\/types\/post"}],"author":[{"embeddable":true,"href":"https:\/\/www.europesays.com\/fr\/wp-json\/wp\/v2\/users\/2"}],"replies":[{"embeddable":true,"href":"https:\/\/www.europesays.com\/fr\/wp-json\/wp\/v2\/comments?post=374747"}],"version-history":[{"count":0,"href":"https:\/\/www.europesays.com\/fr\/wp-json\/wp\/v2\/posts\/374747\/revisions"}],"wp:featuredmedia":[{"embeddable":true,"href":"https:\/\/www.europesays.com\/fr\/wp-json\/wp\/v2\/media\/374748"}],"wp:attachment":[{"href":"https:\/\/www.europesays.com\/fr\/wp-json\/wp\/v2\/media?parent=374747"}],"wp:term":[{"taxonomy":"category","embeddable":true,"href":"https:\/\/www.europesays.com\/fr\/wp-json\/wp\/v2\/categories?post=374747"},{"taxonomy":"post_tag","embeddable":true,"href":"https:\/\/www.europesays.com\/fr\/wp-json\/wp\/v2\/tags?post=374747"}],"curies":[{"name":"wp","href":"https:\/\/api.w.org\/{rel}","templated":true}]}}