{"id":374757,"date":"2025-09-08T08:01:10","date_gmt":"2025-09-08T08:01:10","guid":{"rendered":"https:\/\/www.europesays.com\/fr\/374757\/"},"modified":"2025-09-08T08:01:10","modified_gmt":"2025-09-08T08:01:10","slug":"la-russie-a-nouveau-accusee-dattaques-avec-des-armes-interdites-liberation","status":"publish","type":"post","link":"https:\/\/www.europesays.com\/fr\/374757\/","title":{"rendered":"la Russie \u00e0 nouveau accus\u00e9e d\u2019attaques avec des armes interdites \u2013 Lib\u00e9ration"},"content":{"rendered":"<p class=\"sc-cPiKLX AiZTS text-element\">De nouveaux \u00e9l\u00e9ments \u00e0 l\u2019appui des accusations de crimes de guerre port\u00e9es contre Moscou dans le cadre de la guerre en Ukraine. <a href=\"https:\/\/www.radiosvoboda.org\/a\/news-skhemy-pidrozdily-rf-khimichna-zbroya-identyfikatsiya\/33522638.html\" target=\"_blank\" rel=\"nofollow noopener\" title=\"https:\/\/www.radiosvoboda.org\/a\/news-skhemy-pidrozdily-rf-khimichna-zbroya-identyfikatsiya\/33522638.html\">Dans un article publi\u00e9 samedi 6 septembre<\/a>, des journalistes de Sch\u00e9mas, la r\u00e9daction ukrainienne du m\u00e9dia am\u00e9ricain Radio Free Europe, ont document\u00e9 le recours aux armes chimiques par plusieurs unit\u00e9s de l\u2019arm\u00e9e russe. Leur enqu\u00eate, qui s\u2019appuie sur des vid\u00e9os diffus\u00e9es par les m\u00e9dias d\u2019Etat russes et des communications internes capt\u00e9es par les services de renseignement de Kyiv, r\u00e9v\u00e8le notamment que les 114\u1d49 et 136\u1d49 brigades de fusiliers motoris\u00e9s emploient contre les soldats ukrainiens des grenades \u00e0 gaz lacrymog\u00e8ne RG-Vo. L\u2019utilisation <a href=\"https:\/\/www.liberation.fr\/checknews\/2018\/11\/26\/la-convention-sur-l-interdiction-des-armes-chimiques-interdit-elle-le-gaz-lacrymogene_1694353\/#:~:text=CheckNews-,La%20Convention%20sur%20l&#039;interdiction%20des%20armes%20chimiques%20interdit%2Delle,maintien%20de%20l&#039;ordre%20int%C3%A9rieur.\" target=\"_blank\" rel=\"noreferrer nofollow noopener\" title=\"https:\/\/www.liberation.fr\/checknews\/2018\/11\/26\/la-convention-sur-l-interdiction-des-armes-chimiques-interdit-elle-le-gaz-lacrymogene_1694353\/#:~:text=CheckNews-,La%20Convention%20sur%20l&#039;interdiction%20des%20armes%20chimiques%20int &lt;div style=\" clear:=\"\" both=\"\"><\/p>\n","protected":false},"excerpt":{"rendered":"De nouveaux \u00e9l\u00e9ments \u00e0 l\u2019appui des accusations de crimes de guerre port\u00e9es contre Moscou dans le cadre de&hellip;\n","protected":false},"author":2,"featured_media":374758,"comment_status":"","ping_status":"","sticky":false,"template":"","format":"standard","meta":{"footnotes":""},"categories":[1590],"tags":[11,1777,674,12,132,220,297],"class_list":{"0":"post-374757","1":"post","2":"type-post","3":"status-publish","4":"format-standard","5":"has-post-thumbnail","7":"category-ukraine","8":"tag-actualites","9":"tag-eu","10":"tag-europe","11":"tag-news","12":"tag-russie","13":"tag-ukraine","14":"tag-ukraine-la-crise"},"share_on_mastodon":{"url":"https:\/\/pubeurope.com\/@fr\/115167630842106752","error":""},"_links":{"self":[{"href":"https:\/\/www.europesays.com\/fr\/wp-json\/wp\/v2\/posts\/374757","targetHints":{"allow":["GET"]}}],"collection":[{"href":"https:\/\/www.europesays.com\/fr\/wp-json\/wp\/v2\/posts"}],"about":[{"href":"https:\/\/www.europesays.com\/fr\/wp-json\/wp\/v2\/types\/post"}],"author":[{"embeddable":true,"href":"https:\/\/www.europesays.com\/fr\/wp-json\/wp\/v2\/users\/2"}],"replies":[{"embeddable":true,"href":"https:\/\/www.europesays.com\/fr\/wp-json\/wp\/v2\/comments?post=374757"}],"version-history":[{"count":0,"href":"https:\/\/www.europesays.com\/fr\/wp-json\/wp\/v2\/posts\/374757\/revisions"}],"wp:featuredmedia":[{"embeddable":true,"href":"https:\/\/www.europesays.com\/fr\/wp-json\/wp\/v2\/media\/374758"}],"wp:attachment":[{"href":"https:\/\/www.europesays.com\/fr\/wp-json\/wp\/v2\/media?parent=374757"}],"wp:term":[{"taxonomy":"category","embeddable":true,"href":"https:\/\/www.europesays.com\/fr\/wp-json\/wp\/v2\/categories?post=374757"},{"taxonomy":"post_tag","embeddable":true,"href":"https:\/\/www.europesays.com\/fr\/wp-json\/wp\/v2\/tags?post=374757"}],"curies":[{"name":"wp","href":"https:\/\/api.w.org\/{rel}","templated":true}]}}