{"id":37476,"date":"2025-04-19T22:47:21","date_gmt":"2025-04-19T22:47:21","guid":{"rendered":"https:\/\/www.europesays.com\/fr\/37476\/"},"modified":"2025-04-19T22:47:21","modified_gmt":"2025-04-19T22:47:21","slug":"om-la-programmation-du-deplacement-a-lille-est-tombee","status":"publish","type":"post","link":"https:\/\/www.europesays.com\/fr\/37476\/","title":{"rendered":"OM. La programmation du d\u00e9placement \u00e0 Lille est tomb\u00e9e"},"content":{"rendered":"<p>L\u2019OM ne traverse pas la p\u00e9riode la plus faste de sa saison, c\u2019est m\u00eame un doux euph\u00e9misme. <a href=\"https:\/\/www.laprovence.com\/article\/om\/2282882498762915\/monaco-om-et-1-et-2-et-3-0-le-k-o-de-trop\" target=\"_blank\" rel=\"nofollow noopener\">Les Olympiens, qui restent sur une piteuse d\u00e9faite \u00e0 Monaco samedi dernier \u00e0 Louis-II (3-0),<\/a> ont encha\u00een\u00e9 un quatri\u00e8me revers lors de leurs cinq derni\u00e8res sorties en championnat. Cons\u00e9quence directe, \u00e0 force de jouer avec le feu ces derni\u00e8res semaines, ils ont fini par perdre leur deuxi\u00e8me place au classement au profit des Mon\u00e9gasques. Troisi\u00e8mes avec 52 points, ils comptent d\u00e9sormais un point de retard sur l\u2019ASM (2e, 53 pts), un d\u2019avance sur Lyon (4e, 51 pts) et deux longueurs de plus sur Lille (5e, 50 pts) et Strasbourg (6e, 50 pts).<\/p>\n<p>Autant dire qu\u2019\u00e0 cinq joueurs de la fin du championnat, la course aux places europ\u00e9ennes, et surtout \u00e0 la qualification directe \u00e0 la Ligue des champions, <a href=\"https:\/\/www.laprovence.com\/article\/om\/2627451050001715\/om-cette-statistique-qui-montre-que-la-course-au-podium-na-jamais-ete-aussi-serree-depuis-67-ans\" target=\"_blank\" rel=\"nofollow noopener\">n\u2019a jamais \u00e9t\u00e9 aussi serr\u00e9e entre les pr\u00e9tendants.<\/a> Une qu\u00eate qui se poursuit ce week-end pour toutes ces formations, notamment Marseille qui re\u00e7oit la lanterne rouge, Montpellier, samedi soir (21h05) au V\u00e9lodrome. <a href=\"https:\/\/www.laprovence.com\/article\/om\/3106421467473415\/om-montpellier-un-adversaire-qui-reussit-au-club-olympien\" target=\"_blank\" rel=\"nofollow noopener\">Un adversaire qui r\u00e9ussit bien aux Marseillais ces derni\u00e8res ann\u00e9es.<\/a><\/p>\n<p>L\u2019OM conna\u00eet d\u00e9sormais l\u2019int\u00e9gralit\u00e9 de son calendrier jusqu\u2019\u00e0 la fin de la saison<\/p>\n<p>Dans l\u2019optique de cette fin de saison, les Olympiens ont eu le droit ce vendredi \u00e0 une information suppl\u00e9mentaire qui leur fixe le cap \u00e0 suivre d\u00e9sormais. La Ligue de football professionnel (LFP) a communiqu\u00e9 la programmation t\u00e9l\u00e9vis\u00e9e de la 32e journ\u00e9e de Ligue 1, celle du d\u00e9placement hautement important \u00e0 Villeneuve-d\u2019Ascq pour affronter le Losc, <a href=\"https:\/\/www.laprovence.com\/article\/om\/248137892312715\/direct-laprovence-direct-om-lille-la-compo-est-tombee-de-lange-seul-changement-dans-le-onze-de-depart\" target=\"_blank\" rel=\"nofollow noopener\">le bourreau de l\u2019OM en coupe de France en janvier dernier<\/a> et un concurrent direct \u00e0 la C1. Les joueurs de Roberto De Zerbi iront donc d\u00e9fier les Lillois le dimanche 4\u00a0mai \u00e0 20h45, un duel diffus\u00e9 sur DAZN.<\/p>\n<p><a href=\"https:\/\/www.laprovence.com\/article\/om\/2083536129715114\/direct-laprovence-direct-om-suivez-la-conference-de-presse-de-roberto-de-zerbi-et-amir-murillo-avant-la-reception-de-montpellier\" target=\"_blank\" rel=\"nofollow noopener\">Les co\u00e9quipiers de Leonardo Balerdi, actuellement bless\u00e9 mais dont le retour est esp\u00e9r\u00e9 d\u00e8s la semaine prochaine,<\/a> connaissent leur calendrier jusqu\u2019\u00e0 la 34e et derni\u00e8re journ\u00e9e. Ce samedi, \u00e0 21h05, ils recevront donc Montpellier au V\u00e9lodrome, avant, une nouvelle fois, d\u2019accueillir Brest le dimanche 27\u00a0avril (20h45). Il y aura ensuite le choc \u00e0 Lille le dimanche 4\u00a0mai (20h45). Enfin, pour les deux derni\u00e8res lev\u00e9es qui se joueront dans le cadre d\u2019un multiplex avec les autres rencontres de Ligue 1, les Olympiens iront au\u00a0Havre le samedi 10\u00a0mai \u00e0 21h, puis joueront une derni\u00e8re fois devant leur public, contre Rennes, le samedi 17\u00a0mai, toujours \u00e0 21h, pour l\u2019ultime journ\u00e9e de ce cru 2024-2025.<\/p>\n","protected":false},"excerpt":{"rendered":"L\u2019OM ne traverse pas la p\u00e9riode la plus faste de sa saison, c\u2019est m\u00eame un doux euph\u00e9misme. Les&hellip;\n","protected":false},"author":2,"featured_media":37477,"comment_status":"","ping_status":"","sticky":false,"template":"","format":"standard","meta":{"footnotes":""},"categories":[2815],"tags":[17,1111,11,11925,932,1777,674,1011,27,811,1307,12,149,3551,25,11926],"class_list":{"0":"post-37476","1":"post","2":"type-post","3":"status-publish","4":"format-standard","5":"has-post-thumbnail","7":"category-lille","8":"tag-17","9":"tag-actu","10":"tag-actualites","11":"tag-deplacement","12":"tag-est","13":"tag-eu","14":"tag-europe","15":"tag-fr","16":"tag-france","17":"tag-hauts-de-france","18":"tag-lille","19":"tag-news","20":"tag-om","21":"tag-programmation","22":"tag-republique-francaise","23":"tag-tombee"},"share_on_mastodon":{"url":"https:\/\/pubeurope.com\/@fr\/114367066484185307","error":""},"_links":{"self":[{"href":"https:\/\/www.europesays.com\/fr\/wp-json\/wp\/v2\/posts\/37476","targetHints":{"allow":["GET"]}}],"collection":[{"href":"https:\/\/www.europesays.com\/fr\/wp-json\/wp\/v2\/posts"}],"about":[{"href":"https:\/\/www.europesays.com\/fr\/wp-json\/wp\/v2\/types\/post"}],"author":[{"embeddable":true,"href":"https:\/\/www.europesays.com\/fr\/wp-json\/wp\/v2\/users\/2"}],"replies":[{"embeddable":true,"href":"https:\/\/www.europesays.com\/fr\/wp-json\/wp\/v2\/comments?post=37476"}],"version-history":[{"count":0,"href":"https:\/\/www.europesays.com\/fr\/wp-json\/wp\/v2\/posts\/37476\/revisions"}],"wp:featuredmedia":[{"embeddable":true,"href":"https:\/\/www.europesays.com\/fr\/wp-json\/wp\/v2\/media\/37477"}],"wp:attachment":[{"href":"https:\/\/www.europesays.com\/fr\/wp-json\/wp\/v2\/media?parent=37476"}],"wp:term":[{"taxonomy":"category","embeddable":true,"href":"https:\/\/www.europesays.com\/fr\/wp-json\/wp\/v2\/categories?post=37476"},{"taxonomy":"post_tag","embeddable":true,"href":"https:\/\/www.europesays.com\/fr\/wp-json\/wp\/v2\/tags?post=37476"}],"curies":[{"name":"wp","href":"https:\/\/api.w.org\/{rel}","templated":true}]}}