{"id":374761,"date":"2025-09-08T08:03:11","date_gmt":"2025-09-08T08:03:11","guid":{"rendered":"https:\/\/www.europesays.com\/fr\/374761\/"},"modified":"2025-09-08T08:03:11","modified_gmt":"2025-09-08T08:03:11","slug":"au-congres-de-reform-uk-a-birmingham-la-foire-populiste-du-bateleur-nigel-farage-liberation","status":"publish","type":"post","link":"https:\/\/www.europesays.com\/fr\/374761\/","title":{"rendered":"au congr\u00e8s de Reform UK \u00e0 Birmingham, la foire populiste du bateleur Nigel Farage \u2013 Lib\u00e9ration"},"content":{"rendered":"<p class=\"sc-cPiKLX AiZTS text-element\">Des casquettes \u00abMake Britain Great Again\u00bb. Un turquoise criard d\u00e9clin\u00e9 ad nauseam sur les robes, les cravates, les logos et les centaines de m\u00e8tres carr\u00e9s de moquette du centre d\u2019expositions NEC Birmingham. Des milliers de supporteurs et des grappes de lobbyistes. Le congr\u00e8s de Reform UK \u2013 le premier depuis que le parti a pris la t\u00eate des sondages et se maintient \u00e0 31 % des intentions de vote, loin devant les 20 % du <a href=\"https:\/\/www.liberation.fr\/international\/europe\/royaume-uni-keir-starmer-procede-a-un-large-remaniement-de-son-gouvernement-20250905_M7KXJZ2OY5ED7PQPAQIF3DAQ5I\/\" target=\"_blank\" rel=\"nofollow noopener\" title=\"https:\/\/www.liberation.fr\/international\/europe\/royaume-uni-keir-starmer-procede-a-un-large-remaniement-de-son-gouvernement-20250905_M7KXJZ2OY5ED7PQPAQIF3DAQ5I\/\">gouvernement travailliste de Keir Starmer <\/a>\u2013 m\u00e9lange accents trumpistes, meeting politique et codes de la garden-party \u00e0 l\u2019anglaise, avec ses guirlandes lumineuses et ses tables de pique-nique sur lesquelles les premi\u00e8res pintes sont bues d\u00e8s le milieu de matin\u00e9e. Il rappelle surtout que personne, mieux que l\u2019ex-trader et chef de file du Brexit, Nigel Farage, n\u2019arrive \u00e0 s\u2019approprier aussi naturellement les codes de la culture britannique. <\/p>\n<p class=\"sc-cPiKLX AiZTS text-element\">\u00abOn l\u2019a suivi de parti en parti. D\u2019abord avec Ukip, puis dans le Brexit Party, et maintenant chez Reform\u00bb, se f\u00e9licite Wendy Brown, secr\u00e9taire d\u2019une des branches locales \u00e9tablies au cours des derniers mois. Elle et son mari sont de grands fans de \u00ab <\/p>\n","protected":false},"excerpt":{"rendered":"Des casquettes \u00abMake Britain Great Again\u00bb. Un turquoise criard d\u00e9clin\u00e9 ad nauseam sur les robes, les cravates, les&hellip;\n","protected":false},"author":2,"featured_media":374762,"comment_status":"","ping_status":"","sticky":false,"template":"","format":"standard","meta":{"footnotes":""},"categories":[1588],"tags":[11,1353,1777,674,1076,12,473,1853,1851,1850,1852],"class_list":{"0":"post-374761","1":"post","2":"type-post","3":"status-publish","4":"format-standard","5":"has-post-thumbnail","7":"category-royaume-uni","8":"tag-actualites","9":"tag-brexit","10":"tag-eu","11":"tag-europe","12":"tag-extreme-droite","13":"tag-news","14":"tag-royaume-uni","15":"tag-royaume-uni-de-grande-bretagne-et-dirlande-du-nord","16":"tag-uk","17":"tag-united-kingdom","18":"tag-united-kingdom-of-great-britain-and-northern-ireland"},"share_on_mastodon":{"url":"https:\/\/pubeurope.com\/@fr\/115167638638145783","error":""},"_links":{"self":[{"href":"https:\/\/www.europesays.com\/fr\/wp-json\/wp\/v2\/posts\/374761","targetHints":{"allow":["GET"]}}],"collection":[{"href":"https:\/\/www.europesays.com\/fr\/wp-json\/wp\/v2\/posts"}],"about":[{"href":"https:\/\/www.europesays.com\/fr\/wp-json\/wp\/v2\/types\/post"}],"author":[{"embeddable":true,"href":"https:\/\/www.europesays.com\/fr\/wp-json\/wp\/v2\/users\/2"}],"replies":[{"embeddable":true,"href":"https:\/\/www.europesays.com\/fr\/wp-json\/wp\/v2\/comments?post=374761"}],"version-history":[{"count":0,"href":"https:\/\/www.europesays.com\/fr\/wp-json\/wp\/v2\/posts\/374761\/revisions"}],"wp:featuredmedia":[{"embeddable":true,"href":"https:\/\/www.europesays.com\/fr\/wp-json\/wp\/v2\/media\/374762"}],"wp:attachment":[{"href":"https:\/\/www.europesays.com\/fr\/wp-json\/wp\/v2\/media?parent=374761"}],"wp:term":[{"taxonomy":"category","embeddable":true,"href":"https:\/\/www.europesays.com\/fr\/wp-json\/wp\/v2\/categories?post=374761"},{"taxonomy":"post_tag","embeddable":true,"href":"https:\/\/www.europesays.com\/fr\/wp-json\/wp\/v2\/tags?post=374761"}],"curies":[{"name":"wp","href":"https:\/\/api.w.org\/{rel}","templated":true}]}}