{"id":374771,"date":"2025-09-08T08:08:12","date_gmt":"2025-09-08T08:08:12","guid":{"rendered":"https:\/\/www.europesays.com\/fr\/374771\/"},"modified":"2025-09-08T08:08:12","modified_gmt":"2025-09-08T08:08:12","slug":"record-battu-pour-le-zevent-marathon-caritatif-des-streamers-qui-depasse-les-16-millions-deuros-ouest-france","status":"publish","type":"post","link":"https:\/\/www.europesays.com\/fr\/374771\/","title":{"rendered":"Record battu pour le ZEvent, marathon caritatif des streamers, qui d\u00e9passe les 16 millions d\u2019euros &#8211; Ouest-France"},"content":{"rendered":"<ol>\n<li><a href=\"https:\/\/news.google.com\/rss\/articles\/CBMi-wFBVV95cUxOeFJobEpuTG9vS2U5cG9YVDlWbE45bWR6TFJMb2taQ1hkQUpiSjJVWUpvOVlyc25GRmFwWEVGS0ZXVlBDT1pwU2o2RFBJcHlkODJHTkVhTVBLYkM0djZGMWY2SFdBLXIzQVF3ZHhVeDQyaWZMSmx5eWYzaG14dzZ4NFJCU3BZbVUwNlJocVlXUnFkQkUzLThVak4xd1JYMzM2SkNSN09hM3ctejQtdldHeDdTUzg2Vjk4UHU3eng0TEFfekpCaGlVR0VZMnBfQ25TckxZanl5WXdYLTlCMzhJbHpDbGtOMm5XR2ptcXZfcGNGX0lMaUxfTGpiUQ?oc=5\" target=\"_blank\" rel=\"nofollow noopener\">Record battu pour le ZEvent, marathon caritatif des streamers, qui d\u00e9passe les 16 millions d\u2019euros<\/a>&nbsp;&nbsp;Ouest-France<\/li>\n<li><a href=\"https:\/\/news.google.com\/rss\/articles\/CBMi5wFBVV95cUxQN3NEd1BOYThYTVFuR2t4cHlJUkJ5Q0FkNlhYYllkNTRQX0NUaUstTEk5S0FvSHJzYzlaeFBZU2FDZ1dPUVRRdmF0WWM5Z0E5N002TGZXdHdFMzRfSXdkRllHTmhFU2lBNG1IU285UWdIUTMzemtrcmxKSlNWRlFYU0ZzaXpBU1RsM3I2U2NoN3ZBeUFTWmpZUVFicnEtU1FVU0NJZ3Boc0dpaHE2RFVHZ0lBZ01GSVhFSWNEMkdsbjFnMFVxb2FLakxhZm1hNlRJYTV6aG03bXZSaVhhdjRMR0dteVk3NkU?oc=5\" target=\"_blank\" rel=\"nofollow noopener\">Le ZEvent 2025, marathon caritatif des streamers, explose son record avec plus de 16 millions d&rsquo;euros r\u00e9colt\u00e9s<\/a>&nbsp;&nbsp;Le Figaro<\/li>\n<li><a href=\"https:\/\/news.google.com\/rss\/articles\/CBMimgJBVV95cUxNUGZrRGYyX0I4MHpQZm80S2RfS3BHNzFBT09qOWRXb0dYbkJORlZ1NTh0dS1DRG8yTEtKVnhkSjc5MDN4Y3dRS3lJVldkVnZKVmcyZlVlUTFnQlQ2Nm9oSzBXZHd2MWtKbHd2WUN6dTRQODBIaXBSWTQyTmpEQUktWmxHUFpnMnBfbE9yZVZJeUdkRWR1VG1ycUlSMnYyc0JOZDFzZi1CSGRWWmZJOXBZYmR5cFZMV0dBbjRhSWN5VXhBX2VEd0pKVXhyNnRzOUhlU19CbmJqdWxtSkppb3dfcGVacnZaWVBPalF0OFVYaWdFZUVhNFVHckNVUWxPNG1FLVZ0N0JTc3lwLXlzZVdfNFdOTldycGlHNFE?oc=5\" target=\"_blank\" rel=\"nofollow noopener\">Demb\u00e9l\u00e9, Mbapp\u00e9, Benzema, Hazard&#8230; Des stars du foot r\u00e9pondent \u00e0 l&rsquo;appel de Zack Nani et offrent des maillots d\u00e9dicac\u00e9s pendant le ZEvent<\/a>&nbsp;&nbsp;RMC Sport<\/li>\n<li><a href=\"https:\/\/news.google.com\/rss\/articles\/CBMilAJBVV95cUxQdXNiWm9pUy1RY3pCTzkwMkNHcm15d0FSR0RXTFp4eksxREJkdkYwOHE4MTlsdFNQSW5zOFkzbTM5eWpEdXV2Z084b29SRGI1MnFITncxMVVHUnNfR1FrNjZoajRVVUJiX2RsMTVYM3RKeU5Zb1kyRk9ndnNUeV96dnNzRmFnY1lybTVMQVAzSzBMU0dPZGc4R1JiOEcwXzNiQlQ1WHEyMWdCcDN4QmpCTGNnUi16WGVKT2VyRnlVT0RMckplcXRtTDExM1oxNVh4cXNtMEsyVEhLaGFLaUYtNWR0X2VGQkxQLUdBZFAyT1UwZzdWXzJrUGxiZG9PTXQ5T0c3clBXZHROUW9JNGVzQWhkZWc?oc=5\" target=\"_blank\" rel=\"nofollow noopener\">Z Event 2025 : pol\u00e9mique autour d\u2019une streameuse qui promet un rendez-vous avec un fan pour un 1 million d\u2019euros<\/a>&nbsp;&nbsp;Le Parisien<\/li>\n<li><a href=\"https:\/\/news.google.com\/rss\/articles\/CBMi-AFBVV95cUxOc1FjRnIzdHQ5cTNVSHM0akhxQ3VlLVhDWU9MVHljQU8tZDQxdEMyMlFOQVkzUjNWMFNwWXkxUDZ5M05BZ0YzR3BOQi1KSVY3RGZWRXMxMGhmbFUtdVk4dHBUcFR0cW9SOHhiSHZMTXJ2QlBmRjFSTnFvOGlKMTJfTklTMFoxNTE1Q1haV3JCUlJ6alphc1F4dnFJQnlUTGVMSV84dll6YXpoSXhtT2xheGR6U0w3TzVXMXpNOTFkZ2hSX1R3Mnlmc0RSc3dqdG8tZUd4UlRUcERJbkNJZzBaeWg4aGw2anJCTFBpRE9XRmYySXBiWVRBQQ?oc=5\" target=\"_blank\" rel=\"nofollow noopener\">Le ZEvent 2025 s\u2019ach\u00e8ve en pulv\u00e9risant son record de dons<\/a>&nbsp;&nbsp;Le HuffPost<\/li>\n<\/ol>\n","protected":false},"excerpt":{"rendered":"Record battu pour le ZEvent, marathon caritatif des streamers, qui d\u00e9passe les 16 millions d\u2019euros&nbsp;&nbsp;Ouest-France Le ZEvent 2025,&hellip;\n","protected":false},"author":2,"featured_media":1445,"comment_status":"","ping_status":"","sticky":false,"template":"","format":"standard","meta":{"footnotes":""},"categories":[2],"tags":[11,1011,27,12,25],"class_list":{"0":"post-374771","1":"post","2":"type-post","3":"status-publish","4":"format-standard","5":"has-post-thumbnail","7":"category-actualites","8":"tag-actualites","9":"tag-fr","10":"tag-france","11":"tag-news","12":"tag-republique-francaise"},"share_on_mastodon":{"url":"https:\/\/pubeurope.com\/@fr\/115167658443595395","error":""},"_links":{"self":[{"href":"https:\/\/www.europesays.com\/fr\/wp-json\/wp\/v2\/posts\/374771","targetHints":{"allow":["GET"]}}],"collection":[{"href":"https:\/\/www.europesays.com\/fr\/wp-json\/wp\/v2\/posts"}],"about":[{"href":"https:\/\/www.europesays.com\/fr\/wp-json\/wp\/v2\/types\/post"}],"author":[{"embeddable":true,"href":"https:\/\/www.europesays.com\/fr\/wp-json\/wp\/v2\/users\/2"}],"replies":[{"embeddable":true,"href":"https:\/\/www.europesays.com\/fr\/wp-json\/wp\/v2\/comments?post=374771"}],"version-history":[{"count":0,"href":"https:\/\/www.europesays.com\/fr\/wp-json\/wp\/v2\/posts\/374771\/revisions"}],"wp:featuredmedia":[{"embeddable":true,"href":"https:\/\/www.europesays.com\/fr\/wp-json\/wp\/v2\/media\/1445"}],"wp:attachment":[{"href":"https:\/\/www.europesays.com\/fr\/wp-json\/wp\/v2\/media?parent=374771"}],"wp:term":[{"taxonomy":"category","embeddable":true,"href":"https:\/\/www.europesays.com\/fr\/wp-json\/wp\/v2\/categories?post=374771"},{"taxonomy":"post_tag","embeddable":true,"href":"https:\/\/www.europesays.com\/fr\/wp-json\/wp\/v2\/tags?post=374771"}],"curies":[{"name":"wp","href":"https:\/\/api.w.org\/{rel}","templated":true}]}}