{"id":374776,"date":"2025-09-08T08:12:15","date_gmt":"2025-09-08T08:12:15","guid":{"rendered":"https:\/\/www.europesays.com\/fr\/374776\/"},"modified":"2025-09-08T08:12:15","modified_gmt":"2025-09-08T08:12:15","slug":"ugo-mola-on-la-choisi-donc-on-ne-va-pas-en-parler-100-ans","status":"publish","type":"post","link":"https:\/\/www.europesays.com\/fr\/374776\/","title":{"rendered":"Ugo Mola : \u00ab On l\u2019a choisi, donc on ne va pas en parler 100 ans ! \u00bb"},"content":{"rendered":"<p>Ce dimanche soir, le Stade-Toulousain s\u2019est impos\u00e9 contre Clermont, au Michelin, \u00e0 l\u2019occasion de la premi\u00e8re journ\u00e9e du Top 14.<\/p>\n<p>Interrog\u00e9 via <a href=\"https:\/\/www.ladepeche.fr\/2025\/09\/08\/entretien-clermont-stade-toulousain-sur-le-caractere-et-letat-desprit-rien-a-redire-ugo-mola-decrypte-le-succes-des-rouge-et-noir-12916721.php\" rel=\"nofollow noopener\" target=\"_blank\">La D\u00e9p\u00eache<\/a> \u00e0 l\u2019issue de la rencontre, le manager Toulousain Ugo Mola a exprim\u00e9 sa satisfaction.<\/p>\n<p>Questionn\u00e9 sur la pr\u00e9paration tr\u00e8s courte effectu\u00e9e par Toulouse cet \u00e9t\u00e9, il explique ne pas vouloir en parler pendant des heures.<\/p>\n<p><strong>Il rappelle que cette pr\u00e9paration a justement \u00e9t\u00e9 choisie par le staff Toulousain. Extrait:<\/strong><\/p>\n<p>\u00ab\u00a0On l\u2019a choisi, donc on ne va pas en parler 100 ans. La pr\u00e9paration, on voulait la choisir et ne pas la subir. Force est de reconna\u00eetre que sur le caract\u00e8re et l\u2019intensit\u00e9, on l\u2019a choisi et pas subi. Et puis je n\u2019avais pas l\u2019impression qu\u2019on ait trop de crampes \u00e0 la fin, donc je me dis qu\u2019ils ont d\u00fb se pr\u00e9parer en cachette, donc c\u2019est bien (sourire).\u00a0\u00bb<\/p>\n<p>Lorsque le journaliste lui indique que tous les demi-finalistes de la saison 2024 \/ 2025 se sont impos\u00e9s lors de cette premi\u00e8re journ\u00e9e, il affirme se foutre des r\u00e9sultats des autres.<\/p>\n<p><strong>Il se dit pleinement concentr\u00e9 sur son groupe et le prochain match \u00e0 venir contre l\u2019USAP, \u00e0 Ernest-Wallon. Extrait:<\/strong><\/p>\n<p>\u00ab\u00a0Je m\u2019en fous un peu de ce que font les uns et les autres. Je regarde comment nous allons \u00eatre en mesure de mettre notre rugby en place, ce qui n\u2019\u00e9tait pas trop le cas aujourd\u2019hui, m\u00eame s\u2019il y avait des choses assez int\u00e9ressantes par moments. Et puis, on va essayer surtout de bien recevoir Perpignan, qui, en termes d\u2019intensit\u00e9, est toujours une \u00e9quipe d\u00e9licate \u00e0 man\u0153uvrer. On sait qu\u2019on a un calendrier au d\u00e9but, comme beaucoup, costaud, donc \u00e0 nous de trouver les bonnes ressources. <\/p>\n<p>On fait quand m\u00eame deux commotions (Pita Ahki et Th\u00e9o Ntamack, NDLR), on y laisse des plumes. Ce n\u2019\u00e9tait plus le match de gala ou Amical, donc \u00e7a a cogn\u00e9, il y avait de l\u2019intensit\u00e9, \u00e0 l\u2019image m\u00eame de la d\u00e9fense du dernier ballon port\u00e9 qui est remarquable en termes d\u2019\u00e9tat d\u2019esprit, donc on va s\u2019appuyer sur \u00e7a. On sait que les 4, 5 premiers matchs font partie de notre pr\u00e9paration. Si en plus on peut ne pas se mettre une balle dans le pied en partant de trop loin, \u00e7a sera bien. Donc apr\u00e8s, les autres ont le droit de bien jouer, mais on va se pr\u00e9occuper de nous.\u00a0\u00bb<\/p>\n","protected":false},"excerpt":{"rendered":"Ce dimanche soir, le Stade-Toulousain s\u2019est impos\u00e9 contre Clermont, au Michelin, \u00e0 l\u2019occasion de la premi\u00e8re journ\u00e9e du&hellip;\n","protected":false},"author":2,"featured_media":374777,"comment_status":"","ping_status":"","sticky":false,"template":"","format":"standard","meta":{"footnotes":""},"categories":[1416],"tags":[1011,27,479,1468,60],"class_list":{"0":"post-374776","1":"post","2":"type-post","3":"status-publish","4":"format-standard","5":"has-post-thumbnail","7":"category-rugby","8":"tag-fr","9":"tag-france","10":"tag-rugby","11":"tag-rugby-football","12":"tag-sports"},"share_on_mastodon":{"url":"https:\/\/pubeurope.com\/@fr\/115167674374418859","error":""},"_links":{"self":[{"href":"https:\/\/www.europesays.com\/fr\/wp-json\/wp\/v2\/posts\/374776","targetHints":{"allow":["GET"]}}],"collection":[{"href":"https:\/\/www.europesays.com\/fr\/wp-json\/wp\/v2\/posts"}],"about":[{"href":"https:\/\/www.europesays.com\/fr\/wp-json\/wp\/v2\/types\/post"}],"author":[{"embeddable":true,"href":"https:\/\/www.europesays.com\/fr\/wp-json\/wp\/v2\/users\/2"}],"replies":[{"embeddable":true,"href":"https:\/\/www.europesays.com\/fr\/wp-json\/wp\/v2\/comments?post=374776"}],"version-history":[{"count":0,"href":"https:\/\/www.europesays.com\/fr\/wp-json\/wp\/v2\/posts\/374776\/revisions"}],"wp:featuredmedia":[{"embeddable":true,"href":"https:\/\/www.europesays.com\/fr\/wp-json\/wp\/v2\/media\/374777"}],"wp:attachment":[{"href":"https:\/\/www.europesays.com\/fr\/wp-json\/wp\/v2\/media?parent=374776"}],"wp:term":[{"taxonomy":"category","embeddable":true,"href":"https:\/\/www.europesays.com\/fr\/wp-json\/wp\/v2\/categories?post=374776"},{"taxonomy":"post_tag","embeddable":true,"href":"https:\/\/www.europesays.com\/fr\/wp-json\/wp\/v2\/tags?post=374776"}],"curies":[{"name":"wp","href":"https:\/\/api.w.org\/{rel}","templated":true}]}}