{"id":374778,"date":"2025-09-08T08:13:10","date_gmt":"2025-09-08T08:13:10","guid":{"rendered":"https:\/\/www.europesays.com\/fr\/374778\/"},"modified":"2025-09-08T08:13:10","modified_gmt":"2025-09-08T08:13:10","slug":"us-open-h-alcaraz-un-sentiment-genial","status":"publish","type":"post","link":"https:\/\/www.europesays.com\/fr\/374778\/","title":{"rendered":"US Open (H) &#8211; Alcaraz : \u00ab Un sentiment g\u00e9nial \u00bb"},"content":{"rendered":"<p class=\"date\">\n                                                            Emmanuel LANGELLIER, Media365 : publi\u00e9 le lundi 08 septembre 2025 \u00e0 08h53\n                                                    <\/p>\n<p>Laur\u00e9at d&rsquo;un 6e Grand Chelem \u00e0 l&rsquo;US Open et de retour \u00e0 la premi\u00e8re place mondiale, Carlos Alcaraz a r\u00e9gn\u00e9 sur la quinzaine new yorkaise. L&rsquo;Espagnol \u00e9tait logiquement aux anges apr\u00e8s avoir domin\u00e9 Jannik Sinner, son grand rival.<\/p>\n<p>Il y a eu un peu match, mais pas tant que \u00e7a finalement. Apr\u00e8s <a href=\"https:\/\/sports.orange.fr\/tennis\/roland-garros\/article\/roland-garros-h-alcaraz-vainqueur-de-sinner-au-terme-d-une-finale-exceptionnelle-CNT000002j4RDE.html\" rel=\"nofollow noopener\" target=\"_blank\"> son sacre \u00e0 l&rsquo;issue d&rsquo;une l&rsquo;incroyable finale \u00e0 Roland-Garros <\/a> et sa <a href=\"https:\/\/sports.orange.fr\/tennis\/wimbledon\/article\/wimbledon-h-sinner-remporte-le-titre-aux-depens-d-alcaraz-CNT000002jyKhi.html\" rel=\"nofollow noopener\" target=\"_blank\"> d\u00e9faite logique \u00e0 Wimbledon <\/a>, Carlos Alcaraz a de nouveau battu Jannik Sinner en finale d&rsquo;un tournoi du Grand Chelem pour s&rsquo;adjuger l&rsquo;US Open, dimanche. A New York, <a href=\"https:\/\/sports.orange.fr\/tennis\/us-open\/article\/us-open-alcaraz-nouveau-prince-de-new-york-CNT000002kwpqJ.html\" rel=\"nofollow noopener\" target=\"_blank\"> l&rsquo;Espagnol a rafl\u00e9 la mise en 4 sets (6-2, 3-6, 6-1, 6-4) <\/a>, le plus logiquement du monde tant il \u00e9tait au-dessus de son grand rival. Il a empoch\u00e9 du coup un 6e Grand Chelem, \u00e0 seulement 22 ans, et retrouv\u00e9 la place de num\u00e9ro 1 mondial. Une quinzaine am\u00e9ricaine magnifiquement conclue. \u00ab C&rsquo;est un sentiment g\u00e9nial. J&rsquo;ai travaill\u00e9 tr\u00e8s dur pour soulever ce troph\u00e9e, le deuxi\u00e8me ici, mais c&rsquo;est toujours un r\u00eave. Quand tu accomplis les objectifs que tu t&rsquo;es fix\u00e9s en d\u00e9but d&rsquo;ann\u00e9e, c&rsquo;est g\u00e9nial \u00bb, a r\u00e9agi le Murcien devant les journalistes.<\/p>\n<p>Un travail sp\u00e9cifique pour dompter Sinner<\/p>\n<p>\u00ab \u00catre de nouveau num\u00e9ro 1 mondial en faisait partie. Retrouver cette place, c&rsquo;est un r\u00eave. Le faire en m\u00eame temps qu&rsquo;un sacre en Grand Chelem, c&rsquo;est encore mieux. Je suis tr\u00e8s content de vivre \u00e7a \u00bb, a ajout\u00e9 \u00ab Carlitos \u00bb qui a entrepris un gros travail sp\u00e9cifique pour prendre le meilleur sur Sinner, num\u00e9ro 2 mondial au classement ATP de ce lundi. \u00ab Juste apr\u00e8s la finale de Wimbledon, je me suis dit que je devais progresser pour le battre. J&rsquo;ai pris une semaine de vacances o\u00f9 je n&rsquo;ai rien fait. Quand j&rsquo;ai repris l&rsquo;entra\u00eenement, je voulais travailler sur \u00e7a, \u00e7a et \u00e7a, des choses sp\u00e9cifiques \u00e0 am\u00e9liorer pour battre Jannik. Les deux semaines avant Cincinnati, je me suis entra\u00een\u00e9 sur ces choses, d\u00e9taille l&rsquo;Espagnol. On a regard\u00e9 la finale de Wimbledon, on a pris des notes et on a travaill\u00e9 l\u00e0-dessus. Et j&rsquo;ai jou\u00e9 le jeu qu&rsquo;on avait d\u00e9cid\u00e9 de mettre en place. Gagner ou perdre, ce que je voulais, c&rsquo;est faire les bonnes choses. J&rsquo;ai fait tout ce qu&rsquo;on m&rsquo;a dit de faire et \u00e7a a tr\u00e8s bien fonctionn\u00e9 aujourd&rsquo;hui \u00bb.<\/p>\n<p>\u00ab C&rsquo;est le meilleur tournoi de ma carri\u00e8re, du premier au dernier match \u00bb<\/p>\n<p>Pour d\u00e9crocher un 2e US Open, apr\u00e8s celui de 2022, Carlos Alcaraz a d\u00e9ploy\u00e9 un niveau exceptionnel du d\u00e9but \u00e0 la fin du tournoi et n&rsquo;a perdu qu&rsquo;un seul set lors de son parcours (en finale). \u00ab J&rsquo;ai jou\u00e9 \u00e0 la perfection \u00bb, a-t-il reconnu avec un grand sourire en conf\u00e9rence de presse, le troph\u00e9e du laur\u00e9at pos\u00e9 pr\u00e8s de lui. \u00ab C&rsquo;est le meilleur tournoi de ma carri\u00e8re, du premier au dernier match. Ma constance pendant 15 jours a \u00e9t\u00e9 tr\u00e8s \u00e9lev\u00e9e, ce dont je suis tr\u00e8s fier parce que j&rsquo;ai travaill\u00e9 beaucoup l\u00e0-dessus. J&rsquo;ai vu pendant ce tournoi que je pouvais \u00eatre tr\u00e8s r\u00e9gulier. \u00bb<\/p>\n","protected":false},"excerpt":{"rendered":"Emmanuel LANGELLIER, Media365 : publi\u00e9 le lundi 08 septembre 2025 \u00e0 08h53 Laur\u00e9at d&rsquo;un 6e Grand Chelem \u00e0&hellip;\n","protected":false},"author":2,"featured_media":374779,"comment_status":"","ping_status":"","sticky":false,"template":"","format":"standard","meta":{"footnotes":""},"categories":[1415],"tags":[1011,27,60,1467],"class_list":{"0":"post-374778","1":"post","2":"type-post","3":"status-publish","4":"format-standard","5":"has-post-thumbnail","7":"category-tennis","8":"tag-fr","9":"tag-france","10":"tag-sports","11":"tag-tennis"},"share_on_mastodon":{"url":"https:\/\/pubeurope.com\/@fr\/115167677832217480","error":""},"_links":{"self":[{"href":"https:\/\/www.europesays.com\/fr\/wp-json\/wp\/v2\/posts\/374778","targetHints":{"allow":["GET"]}}],"collection":[{"href":"https:\/\/www.europesays.com\/fr\/wp-json\/wp\/v2\/posts"}],"about":[{"href":"https:\/\/www.europesays.com\/fr\/wp-json\/wp\/v2\/types\/post"}],"author":[{"embeddable":true,"href":"https:\/\/www.europesays.com\/fr\/wp-json\/wp\/v2\/users\/2"}],"replies":[{"embeddable":true,"href":"https:\/\/www.europesays.com\/fr\/wp-json\/wp\/v2\/comments?post=374778"}],"version-history":[{"count":0,"href":"https:\/\/www.europesays.com\/fr\/wp-json\/wp\/v2\/posts\/374778\/revisions"}],"wp:featuredmedia":[{"embeddable":true,"href":"https:\/\/www.europesays.com\/fr\/wp-json\/wp\/v2\/media\/374779"}],"wp:attachment":[{"href":"https:\/\/www.europesays.com\/fr\/wp-json\/wp\/v2\/media?parent=374778"}],"wp:term":[{"taxonomy":"category","embeddable":true,"href":"https:\/\/www.europesays.com\/fr\/wp-json\/wp\/v2\/categories?post=374778"},{"taxonomy":"post_tag","embeddable":true,"href":"https:\/\/www.europesays.com\/fr\/wp-json\/wp\/v2\/tags?post=374778"}],"curies":[{"name":"wp","href":"https:\/\/api.w.org\/{rel}","templated":true}]}}