{"id":374782,"date":"2025-09-08T08:16:10","date_gmt":"2025-09-08T08:16:10","guid":{"rendered":"https:\/\/www.europesays.com\/fr\/374782\/"},"modified":"2025-09-08T08:16:10","modified_gmt":"2025-09-08T08:16:10","slug":"carlos-alcaraz-renoue-avec-la-premiere-place-du-classement-atp","status":"publish","type":"post","link":"https:\/\/www.europesays.com\/fr\/374782\/","title":{"rendered":"Carlos Alcaraz renoue avec la premi\u00e8re place du classement ATP"},"content":{"rendered":"<p>Gr\u00e2ce au titre qu\u2019il a remport\u00e9 \u00e0 l\u2019US Open face \u00e0 Jannik Sinner, l\u2019Espagnol reprend la place de num\u00e9ro 1 mondial \u00e0 l\u2019Italien.<\/p>\n<p class=\"fig-paragraph\">Carlos Alcaraz, vainqueur la veille \u00e0 l&rsquo;US Open de son sixi\u00e8me tournoi du Grand Chelem, retrouve la place de num\u00e9ro 1 mondial devant son grand rival Jannik Sinner qui n&rsquo;a pu conserver son titre \u00e0 New York, selon le classement ATP publi\u00e9 lundi.<\/p>\n<p class=\"fig-paragraph\">En 2022, l&rsquo;Espagnol alors \u00e2g\u00e9 de 19 ans, avait d\u00e9croch\u00e9 \u00e0 Flushing Meadows son premier troph\u00e9e du Grand Chelem et \u00e9tait devenu le plus jeune N.1 mondial de l&rsquo;histoire. Trois ans plus tard et apr\u00e8s avoir laiss\u00e9 le tr\u00f4ne \u00e0 l&rsquo;Italien durant 65 semaines, Alcaraz est de retour au sommet d&rsquo;une hi\u00e9rarchie dans laquelle les deux hommes sont seuls au monde. Le troisi\u00e8me joueur mondial reste en effet Alexander Zverev, battu d\u00e8s le troisi\u00e8me tour \u00e0 Flushing Meadows, mais avec un retard de 4.850 points sur Sinner.<\/p>\n<p>                                    <a class=\"fig-a11y-skip a11y-hidden\" href=\"#fig-a11y-skip-main-inarticle\"><br \/>\n        Passer la publicit\u00e9<br \/>\n    <\/a><\/p>\n<p class=\"fig-paragraph\">Demi-finaliste en Grand Chelem pour la 53e fois en 80 participations mais incapable de tenir t\u00eate \u00e0 Alcaraz, Novak Djokovic gagne trois places (4e) aux d\u00e9pens notamment du finaliste de l&rsquo;an dernier Taylor Fritz qui perd une place (5e) apr\u00e8s son \u00e9limination par le Serbe en quarts cette ann\u00e9e. De retour dans le dernier carr\u00e9 d&rsquo;un Majeur pour la premi\u00e8re fois depuis l&rsquo;US Open 2021, Felix Auger-Aliassime bondit de 14 places pour retrouver le 13e rang mondial, lui qui avait \u00e9t\u00e9 6e fin 2022.<\/p>\n<p>Classement ATP au 8 septembre\u00a0:<\/p>\n<p class=\"fig-paragraph\">1. Carlos Alcaraz (ESP) 11.540 pts (+1)<br \/>2. Jannik Sinner (ITA) 10.780 (-1)<br \/>3. Alexander Zverev (GER) 5.930<br \/>4. Novak Djokovic (SRB) 4.830 (+3)<br \/>5. Taylor Fritz (USA) 4.675 (-1)<br \/>6. Ben Shelton (USA) 4.280<br \/>7. Jack Draper (GBR) 3.690 (-2)<br \/>8. Alex De Minaur (AUS) 3.545<br \/>9. Lorenzo Musetti (ITA) 3.505 (+1)<br \/>10. Karen Khachanov (RUS) 3.280 (-1)<br \/>11. Holger Rune (DEN) 3.090<br \/>12. Casper Ruud (NOR) 2.755<br \/>13. Felix Auger-Aliassime (CAN) 2.755 (+14)<br \/>14. Andrey Rublev (RUS) 2.610 (+1)<br \/>15. Tommy Paul (USA) 2.510 (-1)<br \/>16. Jiri Lehecka (CZE) 2.415 (+5)<br \/>17. Jakub Mensik (CZE) 2.380 (-1)<br \/>18. Daniil Medvedev (RUS) 2.370 (-5)<br \/>19. Alexander Bublik (KAZ) 2.245 (+5)<br \/>20. Alejandro Davidovich (ESP) 2.225 (-2)<\/p>\n<p>Le classement des Fran\u00e7ais\u00a0:<\/p>\n<p class=\"fig-paragraph\">23. Arthur Fils (FRA) 2.070 (-3)<br \/>24. Ugo Humbert (FRA) 2.045 (-1)<br \/>36. Giovanni Mpetshi Perricard (FRA) 1.275 (+1)<br \/>38. Alexandre M\u00fcller (FRA) 1.168<br \/>39. Corentin Moutet (FRA) 1.146 (+1)<br \/>45. Benjamin Bonzi (FRA) 1.089 (+6)<br \/>53. Ga\u00ebl Monfils (FRA) 975 (-4)<br \/>55. Adrian Mannarino (FRA) 961 (+22)<br \/>57. Arthur Rinderknech (FRA) 932 (+25)<br \/>69. Terence Atmane (FRA) 866<br \/>71. Quentin Halys (FRA) 843 (-1)<br \/>83. Arthur Cazaux (FRA) 757 (-4)<br \/>90. Valentin Royer (FRA) 677 (+8)<\/p>\n","protected":false},"excerpt":{"rendered":"Gr\u00e2ce au titre qu\u2019il a remport\u00e9 \u00e0 l\u2019US Open face \u00e0 Jannik Sinner, l\u2019Espagnol reprend la place de&hellip;\n","protected":false},"author":2,"featured_media":374783,"comment_status":"","ping_status":"","sticky":false,"template":"","format":"standard","meta":{"footnotes":""},"categories":[1412],"tags":[47,4169,525,1981,4178,1451,4179,1452,1453,1454,1455,1011,27,1114,3996,4177,4176,4174,4175,1980,4171,60,1467,4172,4173,4170],"class_list":{"0":"post-374782","1":"post","2":"type-post","3":"status-publish","4":"format-standard","5":"has-post-thumbnail","7":"category-f1","8":"tag-actualite","9":"tag-atp","10":"tag-calendrier","11":"tag-classement","12":"tag-coupe-davis","13":"tag-f1","14":"tag-fed-cup","15":"tag-formula-1","16":"tag-formula1","17":"tag-formule-1","18":"tag-formule1","19":"tag-fr","20":"tag-france","21":"tag-infos","22":"tag-jeux-olympiques","23":"tag-masters-1000","24":"tag-masters-500","25":"tag-masters-series","26":"tag-open-daustralie","27":"tag-resultats","28":"tag-roland-garros","29":"tag-sports","30":"tag-tennis","31":"tag-us-open","32":"tag-wimbledon","33":"tag-wta"},"share_on_mastodon":{"url":"https:\/\/pubeurope.com\/@fr\/115167689657419672","error":""},"_links":{"self":[{"href":"https:\/\/www.europesays.com\/fr\/wp-json\/wp\/v2\/posts\/374782","targetHints":{"allow":["GET"]}}],"collection":[{"href":"https:\/\/www.europesays.com\/fr\/wp-json\/wp\/v2\/posts"}],"about":[{"href":"https:\/\/www.europesays.com\/fr\/wp-json\/wp\/v2\/types\/post"}],"author":[{"embeddable":true,"href":"https:\/\/www.europesays.com\/fr\/wp-json\/wp\/v2\/users\/2"}],"replies":[{"embeddable":true,"href":"https:\/\/www.europesays.com\/fr\/wp-json\/wp\/v2\/comments?post=374782"}],"version-history":[{"count":0,"href":"https:\/\/www.europesays.com\/fr\/wp-json\/wp\/v2\/posts\/374782\/revisions"}],"wp:featuredmedia":[{"embeddable":true,"href":"https:\/\/www.europesays.com\/fr\/wp-json\/wp\/v2\/media\/374783"}],"wp:attachment":[{"href":"https:\/\/www.europesays.com\/fr\/wp-json\/wp\/v2\/media?parent=374782"}],"wp:term":[{"taxonomy":"category","embeddable":true,"href":"https:\/\/www.europesays.com\/fr\/wp-json\/wp\/v2\/categories?post=374782"},{"taxonomy":"post_tag","embeddable":true,"href":"https:\/\/www.europesays.com\/fr\/wp-json\/wp\/v2\/tags?post=374782"}],"curies":[{"name":"wp","href":"https:\/\/api.w.org\/{rel}","templated":true}]}}