{"id":374784,"date":"2025-09-08T08:17:20","date_gmt":"2025-09-08T08:17:20","guid":{"rendered":"https:\/\/www.europesays.com\/fr\/374784\/"},"modified":"2025-09-08T08:17:20","modified_gmt":"2025-09-08T08:17:20","slug":"le-belge-senne-thonnon-remporte-la-derniere-etape-et-le-general-des-3-jours-de-cherbourg","status":"publish","type":"post","link":"https:\/\/www.europesays.com\/fr\/374784\/","title":{"rendered":"Le Belge Senne Thonnon remporte la derni\u00e8re \u00e9tape et le g\u00e9n\u00e9ral des 3 Jours de Cherbourg"},"content":{"rendered":"<p>            Par<br \/>\n        <strong><br \/>\n            <a href=\"https:\/\/actu.fr\/auteur\/redaction-pressemanche\" title=\"Consulter tous les articles de R\u00e9daction La Presse de la Manche\" target=\"_blank\" rel=\"noopener\">R\u00e9daction La Presse de la Manche<\/a><br \/>\n        <\/strong><\/p>\n<p>        Publi\u00e9 le<\/p>\n<p>            7 sept. 2025 \u00e0 16h01        <\/p>\n<p>Les 3\u00a0Jours de <a href=\"https:\/\/actu.fr\/normandie\/cherbourg-en-cotentin_50129\" target=\"_blank\" rel=\"noopener\">Cherbourg<\/a> (Manche) ont \u00e9t\u00e9 remport\u00e9s par <b>le Belge Senne Thonnon<\/b> (Urbano-Vulsteke-Bumaco CT) ce dimanche 7\u00a0septembre 2025. Il a m\u00eame fait <b>coup double en gagnant en solitaire la troisi\u00e8me et derni\u00e8re \u00e9tape<\/b> au sommet de la montagne du Roule devant un public tr\u00e8s nombreux.<\/p>\n<p>Leader de bout en bout<\/p>\n<p class=\" wall-content\">Il aura port\u00e9 le maillot violet de leader du classement g\u00e9n\u00e9ral <b>de bout en bout <\/b>apr\u00e8s avoir remport\u00e9<b> la premi\u00e8re \u00e9tape,<\/b> dont l\u2019arriv\u00e9e \u00e9tait jug\u00e9e \u00e0 <a href=\"https:\/\/actu.fr\/normandie\/flamanville_50184\" target=\"_blank\" rel=\"noopener\">Flamanville<\/a> vendredi.<\/p>\n<p>    <img   decoding=\"async\" loading=\"lazy\" class=\"size-large\" src=\"https:\/\/www.europesays.com\/fr\/wp-content\/uploads\/2025\/09\/e5121d8f8db86f9121d8f8db8dd121v-960x640.jpg\" alt=\"Baptiste HUE\" width=\"960\" height=\"640\"\/><br \/>\n    Le Belge Senne Thonnon a fait coup double ce dimanche. \u00a9Baptiste HUE<\/p>\n<p class=\" wall-content\">Personnalisez votre actualit\u00e9 en ajoutant vos villes et m\u00e9dias en favori avec <a href=\"https:\/\/moncompte.actu.fr\" title=\"D\u00e9couvez Mon Actu\" rel=\"nofollow noopener\" data-trk=\"{&quot;cta&quot;:{&quot;action&quot;:&quot;https:\\\/\\\/moncompte.actu.fr&quot;,&quot;category&quot;:&quot;mon compte&quot;,&quot;from&quot;:&quot;article footer&quot;,&quot;name&quot;:&quot;Mon actu&quot;,&quot;type&quot;:&quot;cta&quot;}}\" target=\"_blank\">Mon Actu<\/a>.<\/p>\n","protected":false},"excerpt":{"rendered":"Par R\u00e9daction La Presse de la Manche Publi\u00e9 le 7 sept. 2025 \u00e0 16h01 Les 3\u00a0Jours de Cherbourg&hellip;\n","protected":false},"author":2,"featured_media":374785,"comment_status":"","ping_status":"","sticky":false,"template":"","format":"standard","meta":{"footnotes":""},"categories":[1411],"tags":[3168,1154,207,1011,27,44968,60,208],"class_list":{"0":"post-374784","1":"post","2":"type-post","3":"status-publish","4":"format-standard","5":"has-post-thumbnail","7":"category-cyclisme","8":"tag-cotentin","9":"tag-cycling","10":"tag-cyclisme","11":"tag-fr","12":"tag-france","13":"tag-sortir-a-cherbourg","14":"tag-sports","15":"tag-velo"},"share_on_mastodon":{"url":"https:\/\/pubeurope.com\/@fr\/115167693676740970","error":""},"_links":{"self":[{"href":"https:\/\/www.europesays.com\/fr\/wp-json\/wp\/v2\/posts\/374784","targetHints":{"allow":["GET"]}}],"collection":[{"href":"https:\/\/www.europesays.com\/fr\/wp-json\/wp\/v2\/posts"}],"about":[{"href":"https:\/\/www.europesays.com\/fr\/wp-json\/wp\/v2\/types\/post"}],"author":[{"embeddable":true,"href":"https:\/\/www.europesays.com\/fr\/wp-json\/wp\/v2\/users\/2"}],"replies":[{"embeddable":true,"href":"https:\/\/www.europesays.com\/fr\/wp-json\/wp\/v2\/comments?post=374784"}],"version-history":[{"count":0,"href":"https:\/\/www.europesays.com\/fr\/wp-json\/wp\/v2\/posts\/374784\/revisions"}],"wp:featuredmedia":[{"embeddable":true,"href":"https:\/\/www.europesays.com\/fr\/wp-json\/wp\/v2\/media\/374785"}],"wp:attachment":[{"href":"https:\/\/www.europesays.com\/fr\/wp-json\/wp\/v2\/media?parent=374784"}],"wp:term":[{"taxonomy":"category","embeddable":true,"href":"https:\/\/www.europesays.com\/fr\/wp-json\/wp\/v2\/categories?post=374784"},{"taxonomy":"post_tag","embeddable":true,"href":"https:\/\/www.europesays.com\/fr\/wp-json\/wp\/v2\/tags?post=374784"}],"curies":[{"name":"wp","href":"https:\/\/api.w.org\/{rel}","templated":true}]}}