{"id":374786,"date":"2025-09-08T08:18:09","date_gmt":"2025-09-08T08:18:09","guid":{"rendered":"https:\/\/www.europesays.com\/fr\/374786\/"},"modified":"2025-09-08T08:18:09","modified_gmt":"2025-09-08T08:18:09","slug":"france-islande-lequipe-des-bleus-annoncee-sans-joueur-du-psg-parisfans","status":"publish","type":"post","link":"https:\/\/www.europesays.com\/fr\/374786\/","title":{"rendered":"France\/Islande \u2013 L\u2019\u00e9quipe des Bleus annonc\u00e9e sans joueur du PSG &#8211; ParisFans"},"content":{"rendered":"<ol>\n<li><a href=\"https:\/\/news.google.com\/rss\/articles\/CBMiowFBVV95cUxQMDZYZFRST19DLWpQUnBEV09HWGRuY01ONHVPM1JNd0NMcWpuNkdfb0JpelJQV3AwcHJUVHkxSDlNUDVwR2lkZzZ3NHo5QWJDbU1fZ1EyaHN2SmtxX2NkTDlGM1NhQVZkdGVfNWVQblpPUHNHY0lJM0NoT2N0Z1AwUE12dXdDQmZLaVJ6dUdab2xudWhEOVF3dVRZTThYUDRuaXFn?oc=5\" target=\"_blank\" rel=\"nofollow noopener\">France\/Islande \u2013 L\u2019\u00e9quipe des Bleus annonc\u00e9e sans joueur du PSG<\/a>&nbsp;&nbsp;ParisFans<\/li>\n<li><a href=\"https:\/\/news.google.com\/rss\/articles\/CBMisgJBVV95cUxOZVVlWXZ3RFR6b0lQM0w2NmF3akdUTFJZZnMxWW5rYTNoT29PYnlvLW04bkhrY2JRemFqZUUwMjFUczdVUWJnQUJkSjY3cGg2bEJyZzBGdmpzdHVJSk94VDJUTHdlSWJ3dDBwUFpxdmhVRlpLUUlCMzZyWVVXT3Jla2Vkc3Y4bnpSaGJvS1g0YmozTVhJdnBBQzdzc1duZjluRnFMeE5BWm9odHJnc1RrX3N4MFVzT01IU0JwQ0toV2FoSFFjZzYyeVlZb2dwU0FFREltZUp5b3JzUkttaWk2dlZtdGRyamRsLVlLTmlKbFg2M1ZnbEhPaUxjS05vTUJ5WDNQTlVJOEN4N2JINkt6SU14WmdIczRXV2hvc3BzUUdSN3hRQzYzQkhvVjg0V1E3MHc?oc=5\" target=\"_blank\" rel=\"nofollow noopener\">France &#8211; Islande : pourquoi les Bleus accueillent leur adversaire au Parc des Princes et pas au Stade de France<\/a>&nbsp;&nbsp;Le Parisien<\/li>\n<li><a href=\"https:\/\/news.google.com\/rss\/articles\/CBMizwFBVV95cUxNTHFLbF9adG1DS0I0cFhMS2FpazY0WFVUMzVTQVNMRmxXcDN4d1pmZkdBYmNtZFdaanlINUJENDVCQnFHLXV6NFFaSVVaX2J4WmVZNHBfOEZMMk01ZmR4SXUzSlo3Q3JCSUNlbGRjUmRZcEJUaHBtTjJNVktQN3JGNnNGcE5uM251Z0lFX3pkU2g3MUY0djJiUXhOeUctZFk3MFA4UEw2TFFSU1lwWlJEZHFNZFpabnowWkxza29OSkdvaXpBU2lqSVVTQVZjU1k?oc=5\" target=\"_blank\" rel=\"nofollow noopener\">France &#8211; Islande : pourquoi il serait tr\u00e8s \u00e9tonnant de voir Bradley Barcola d\u00e9buter le match<\/a>&nbsp;&nbsp;La Voix du Nord<\/li>\n<li><a href=\"https:\/\/news.google.com\/rss\/articles\/CBMimwJBVV95cUxPWVlGejRfeEMycXJRSXNhMkNjeEc3d2RtVE9ZblJTMHdDc1AtQlRpbi1HVy1jQXpSdEdPcmR6NUYzazc3bkROd0Z1dTZSMGlPNzRQZURWSDJHeEVZMG5zMHB4SmZ2X2xfUHBpdlJDZzBYbG0yV29vZjZFZ3NnTGJYcVVreGJFazBiR1cwSktJSlMtVDZPVnBLTjNMN1NJWnhsQkhIMWd2ZU1IN2tkODVvcnRFTjU1b1dKZkdteUwzUHJUOWprRC0wRkZ4RkRManQzUWVVaC0tcFlnNzBhd3QyMnlZekljbWpYR1Q4cVZwVHZ6Q0IwbGg3Mkp4SlJMckRlYjBZemdxcXhiVVgwM2x0NW5HTkY1M0lZc05Z?oc=5\" target=\"_blank\" rel=\"nofollow noopener\">Equipe de France: pourquoi les Bleus ne jouent pas au Stade de France pour les \u00e9liminatoires de la Coupe du monde 2026<\/a>&nbsp;&nbsp;RMC Sport<\/li>\n<li><a href=\"https:\/\/news.google.com\/rss\/articles\/CBMipAFBVV95cUxQdG4ybUNCbmF1Y0FJcHhFQWRVYzBXU2FRTTVjd1J0QUZHbTFCeE9iNEE4RXNKS0JnQnh6OVBHaG9fdU82WnZyVVUxWVB3RnlSWEh6TEF6RDg5RTJSWFVzd0Z3X2lna0xXNTRaUE5LeFN3Q3VpNlU0NVdiNnFYdEV1eloxUzZ2NnNoRndTSmVjQ3NrZGlQQzNFTmdkQlpwRDNtc1dWYQ?oc=5\" target=\"_blank\" rel=\"nofollow noopener\">TF1 HD &#8211; Football &#8211; matches Equipe de France &#8211; E6 Qualification Mondiale &#8211; France \/ Islande<\/a>&nbsp;&nbsp;Pickx.be<\/li>\n<\/ol>\n","protected":false},"excerpt":{"rendered":"France\/Islande \u2013 L\u2019\u00e9quipe des Bleus annonc\u00e9e sans joueur du PSG&nbsp;&nbsp;ParisFans France &#8211; Islande : pourquoi les Bleus accueillent&hellip;\n","protected":false},"author":2,"featured_media":374787,"comment_status":"","ping_status":"","sticky":false,"template":"","format":"standard","meta":{"footnotes":""},"categories":[1410],"tags":[63,1011,27,60],"class_list":{"0":"post-374786","1":"post","2":"type-post","3":"status-publish","4":"format-standard","5":"has-post-thumbnail","7":"category-football","8":"tag-football","9":"tag-fr","10":"tag-france","11":"tag-sports"},"share_on_mastodon":{"url":"https:\/\/pubeurope.com\/@fr\/115167697629610186","error":""},"_links":{"self":[{"href":"https:\/\/www.europesays.com\/fr\/wp-json\/wp\/v2\/posts\/374786","targetHints":{"allow":["GET"]}}],"collection":[{"href":"https:\/\/www.europesays.com\/fr\/wp-json\/wp\/v2\/posts"}],"about":[{"href":"https:\/\/www.europesays.com\/fr\/wp-json\/wp\/v2\/types\/post"}],"author":[{"embeddable":true,"href":"https:\/\/www.europesays.com\/fr\/wp-json\/wp\/v2\/users\/2"}],"replies":[{"embeddable":true,"href":"https:\/\/www.europesays.com\/fr\/wp-json\/wp\/v2\/comments?post=374786"}],"version-history":[{"count":0,"href":"https:\/\/www.europesays.com\/fr\/wp-json\/wp\/v2\/posts\/374786\/revisions"}],"wp:featuredmedia":[{"embeddable":true,"href":"https:\/\/www.europesays.com\/fr\/wp-json\/wp\/v2\/media\/374787"}],"wp:attachment":[{"href":"https:\/\/www.europesays.com\/fr\/wp-json\/wp\/v2\/media?parent=374786"}],"wp:term":[{"taxonomy":"category","embeddable":true,"href":"https:\/\/www.europesays.com\/fr\/wp-json\/wp\/v2\/categories?post=374786"},{"taxonomy":"post_tag","embeddable":true,"href":"https:\/\/www.europesays.com\/fr\/wp-json\/wp\/v2\/tags?post=374786"}],"curies":[{"name":"wp","href":"https:\/\/api.w.org\/{rel}","templated":true}]}}