{"id":374788,"date":"2025-09-08T08:19:10","date_gmt":"2025-09-08T08:19:10","guid":{"rendered":"https:\/\/www.europesays.com\/fr\/374788\/"},"modified":"2025-09-08T08:19:10","modified_gmt":"2025-09-08T08:19:10","slug":"laura-smet-avoue-communiquer-avec-son-defunt-pere-johnny-hallyday-il-mecoute-plus-que-lorsquil-etait-sur-terre","status":"publish","type":"post","link":"https:\/\/www.europesays.com\/fr\/374788\/","title":{"rendered":"Laura Smet avoue communiquer avec son d\u00e9funt p\u00e8re Johnny Hallyday, \u00ab\u00a0Il m&rsquo;\u00e9coute plus que lorsqu&rsquo;il \u00e9tait sur Terre\u00a0\u00bb"},"content":{"rendered":"<p>La suite apr\u00e8s la publicit\u00e9<\/p>\n<p>Invit\u00e9e par <a href=\"https:\/\/www.purepeople.com\/people\/laurent-delahousse_p769\" rel=\"nofollow noopener\" target=\"_blank\">Laurent Delahousse<\/a> ce dimanche 7 septembre dans l&rsquo;\u00e9mission 20h30 le dimanche, <a href=\"https:\/\/www.purepeople.com\/people\/laura-smet_p146\" rel=\"nofollow noopener\" target=\"_blank\">Laura Smet <\/a>s\u2019est montr\u00e9e<strong> touchante<\/strong> en revenant sur son parcours personnel et artistique. Fille du l\u00e9gendaire <a href=\"https:\/\/www.purepeople.com\/people\/johnny-hallyday_p44\" rel=\"nofollow noopener\" target=\"_blank\">Johnny Hallyday<\/a> et de l\u2019actrice <a href=\"https:\/\/www.purepeople.com\/people\/nathalie-baye_p99\" rel=\"nofollow noopener\" target=\"_blank\">Nathalie Baye<\/a>, <a href=\"https:\/\/www.purepeople.com\/article\/laura-smet-56-kilos-pour-1m70-lactrice-adepte-dun-regime-aux-nombreux-bienfaits-pour-le-corps-je-ne-mange-plus-de_a542009\/1\" rel=\"nofollow noopener\" target=\"_blank\">la com\u00e9dienne et chanteuse<\/a> a grandi sous le feu des projecteurs, avec tout ce que cela implique.<\/p>\n<p>Laura Smet : une enfance marqu\u00e9e par la c\u00e9l\u00e9brit\u00e9 de ses parents<\/p>\n<p>\u00ab\u00a0J&rsquo;ai eu des parents tr\u00e8s connus mais qui \u00e9taient tr\u00e8s normaux (&#8230;). <strong>C&rsquo;\u00e9tait \u00e0 l&rsquo;ext\u00e9rieur que c&rsquo;\u00e9tait compliqu\u00e9<\/strong>. C\u2019est les paparazzis, la presse, ce qu\u2019on peut dire sur vos parents quand vous \u00eates jeune \u00e0 l\u2019\u00e9cole, c\u2019est Les Guignols de l\u2019info. Tout \u00e7a, c\u2019est difficile pour un enfant. On se sent un peu diff\u00e9rent\u00a0\u00bb, a-t-elle confi\u00e9 face cam\u00e9ra sur France 2.<\/p>\n<p>Malgr\u00e9 cette exposition parfois pesante, Laura Smet souligne \u00e0 quel point <a href=\"https:\/\/www.purepeople.com\/article\/les-gens-ne-se-rendent-pas-compte-nathalie-baye-et-laura-smet-unies-face-aux-moments-difficiles_a539390\/1\" rel=\"nofollow noopener\" target=\"_blank\">ses parents restent pour elle des mod\u00e8les de vie<\/a> : \u00ab\u00a0<strong>Moi \u00e7a m\u2019a juste rendue plus forte et puis surtout je suis tr\u00e8s fi\u00e8re de mes parents<\/strong>. Ce sont des exemples pour moi. Je m\u2019entends tr\u00e8s bien avec eux, j\u2019en parle comme s\u2019ils \u00e9taient encore l\u00e0. Ils me portent\u00a0\u00bb, a-t-elle ajout\u00e9.<\/p>\n<p>Des mots tendres qui rappellent<strong> le lien ind\u00e9fectible <\/strong>qu\u2019elle entretient avec sa m\u00e8re, <a href=\"https:\/\/www.purepeople.com\/article\/johnny-hallyday-separe-de-nathalie-baye-il-avait-pris-un-appartement-a-200-metres-de-lactrice-comme-pour-garder-un-oeil-sur-elle_a531903\/1\" rel=\"nofollow noopener\" target=\"_blank\">Nathalie Baye, actrice plusieurs fois r\u00e9compens\u00e9e au C\u00e9sar, mais aussi avec son p\u00e8re Johnny<\/a>, v\u00e9ritable monument de la chanson fran\u00e7aise.<\/p>\n<p>Johnny Hallyday, une pr\u00e9sence spirituelle toujours vivante<\/p>\n<p>Plus de six ans apr\u00e8s la disparition de Johnny Hallyday, Laura Smet affirme ressentir encore tr\u00e8s fortement sa pr\u00e9sence. Avec une sinc\u00e9rit\u00e9 d\u00e9sarmante, l&rsquo;actrice a confi\u00e9 : \u00ab\u00a0Des fois je lui parle et j\u2019ai l\u2019impression qu\u2019il m\u2019\u00e9coute plus que lorsqu\u2019il \u00e9tait sur Terre. <strong>Je ressens une pr\u00e9sence qui m\u2019accompagne souvent<\/strong>\u00ab\u00a0<\/p>\n<p>Une confidence qui r\u00e9v\u00e8le la profonde dimension spirituelle de<a href=\"https:\/\/www.purepeople.com\/article\/laura-smet-ultra-fiere-de-son-frere-david-hallyday-pour-une-soiree-tres-speciale_a533185\/1\" rel=\"nofollow noopener\" target=\"_blank\"> la s\u0153ur<\/a> de <a href=\"https:\/\/www.purepeople.com\/people\/david-hallyday_p136\" rel=\"nofollow noopener\" target=\"_blank\">David Hallyday<\/a>, qui avait m\u00eame apport\u00e9<strong> des pierres protectrices<\/strong> sur le plateau de l\u2019\u00e9mission pour \u00ab\u00a0ramener de bonnes vibes\u00a0\u00bb. Une fa\u00e7on pour elle de garder un lien avec son p\u00e8re, dont l\u2019\u00e2me, dit-elle, continue \u00e0 veiller sur elle : \u00ab\u00a0J\u2019ai eu \u00e7a avec mon grand-p\u00e8re aussi quand il est parti mais avec mon p\u00e8re, il y a quelque chose de plus fort. Je pense que mon p\u00e8re avait une \u00e2me tr\u00e8s grande et donc cette \u00e2me, elle arrive \u00e0 faire des choses\u00a0\u00bb, a-t-elle poursuivi.<\/p>\n<p>Ces confidences bouleversantes rappellent combien Johnny Hallyday, disparu en 2017 des suites d\u2019<strong>un cancer du poumon<\/strong>, reste une figure omnipr\u00e9sente dans la vie de ses proches et de ses fans. Aujourd\u2019hui, Laura Smet perp\u00e9tue \u00e0 sa mani\u00e8re ce lien, en parlant de lui non pas au pass\u00e9 mais comme une \u00e9nergie toujours active dans son quotidien. Une fa\u00e7on d\u2019affirmer que, malgr\u00e9 l\u2019absence, l\u2019amour et la transmission demeurent intacts.<\/p>\n<p>Laura Smet se reconna\u00eet \u00e0 travers la s\u00e9rie \u00ab\u00a0Surface\u00a0\u00bb<\/p>\n<p>Si Laura Smet accepte de se livrer avec autant d\u2019\u00e9motion, c\u2019est aussi \u00e0 l\u2019occasion de la sortie de la s\u00e9rie <strong>Surface<\/strong> sur France 2, adapt\u00e9e du roman d\u2019Olivier Norek. Dans ce r\u00f4le de capitaine caboss\u00e9e par la vie,<a href=\"https:\/\/www.purepeople.com\/article\/ce-netait-pas-prevu-laura-smet-evoque-ce-coup-du-destin-lors-de-son-mariage-avec-raphael-lancrey-javal_a542233\/1\" rel=\"nofollow noopener\" target=\"_blank\"> l\u2019actrice qui s&rsquo;est r\u00e9cemment confi\u00e9 sur son mariage avec Rapha\u00ebl Lancrey-Javal <\/a>impressionne par son intensit\u00e9 et sa justesse. Sur le plateau de 20h30 le dimanche, la com\u00e9dienne assure s&rsquo;identifier au personnage qu&rsquo;elle incarne.<\/p>\n<p>Entre force spirituelle et talent artistique, Laura Smet prouve qu\u2019elle trace sa route en restant fid\u00e8le \u00e0 ce qu\u2019elle est : la fille d\u2019un mythe, mais surtout<strong> une artiste \u00e0 part enti\u00e8re<\/strong>, guid\u00e9e par une sensibilit\u00e9 qui lui appartient.<\/p>\n","protected":false},"excerpt":{"rendered":"La suite apr\u00e8s la publicit\u00e9 Invit\u00e9e par Laurent Delahousse ce dimanche 7 septembre dans l&rsquo;\u00e9mission 20h30 le dimanche,&hellip;\n","protected":false},"author":2,"featured_media":374789,"comment_status":"","ping_status":"","sticky":false,"template":"","format":"standard","meta":{"footnotes":""},"categories":[1359],"tags":[58,59,1011,27,973],"class_list":{"0":"post-374788","1":"post","2":"type-post","3":"status-publish","4":"format-standard","5":"has-post-thumbnail","7":"category-people","8":"tag-divertissement","9":"tag-entertainment","10":"tag-fr","11":"tag-france","12":"tag-people"},"share_on_mastodon":{"url":"https:\/\/pubeurope.com\/@fr\/115167701433923136","error":""},"_links":{"self":[{"href":"https:\/\/www.europesays.com\/fr\/wp-json\/wp\/v2\/posts\/374788","targetHints":{"allow":["GET"]}}],"collection":[{"href":"https:\/\/www.europesays.com\/fr\/wp-json\/wp\/v2\/posts"}],"about":[{"href":"https:\/\/www.europesays.com\/fr\/wp-json\/wp\/v2\/types\/post"}],"author":[{"embeddable":true,"href":"https:\/\/www.europesays.com\/fr\/wp-json\/wp\/v2\/users\/2"}],"replies":[{"embeddable":true,"href":"https:\/\/www.europesays.com\/fr\/wp-json\/wp\/v2\/comments?post=374788"}],"version-history":[{"count":0,"href":"https:\/\/www.europesays.com\/fr\/wp-json\/wp\/v2\/posts\/374788\/revisions"}],"wp:featuredmedia":[{"embeddable":true,"href":"https:\/\/www.europesays.com\/fr\/wp-json\/wp\/v2\/media\/374789"}],"wp:attachment":[{"href":"https:\/\/www.europesays.com\/fr\/wp-json\/wp\/v2\/media?parent=374788"}],"wp:term":[{"taxonomy":"category","embeddable":true,"href":"https:\/\/www.europesays.com\/fr\/wp-json\/wp\/v2\/categories?post=374788"},{"taxonomy":"post_tag","embeddable":true,"href":"https:\/\/www.europesays.com\/fr\/wp-json\/wp\/v2\/tags?post=374788"}],"curies":[{"name":"wp","href":"https:\/\/api.w.org\/{rel}","templated":true}]}}