{"id":374790,"date":"2025-09-08T08:21:17","date_gmt":"2025-09-08T08:21:17","guid":{"rendered":"https:\/\/www.europesays.com\/fr\/374790\/"},"modified":"2025-09-08T08:21:17","modified_gmt":"2025-09-08T08:21:17","slug":"raconter-en-simplicite-toute-la-complexite-du-communisme","status":"publish","type":"post","link":"https:\/\/www.europesays.com\/fr\/374790\/","title":{"rendered":"Raconter en simplicit\u00e9 toute la complexit\u00e9 du communisme"},"content":{"rendered":"<p class=\"article-bodystyled__StyledText-sc-19uhgql-0 bGeyRM body-paragraph\">Rencontr\u00e9 \u00e0 deux pas de la coop\u00e9rative d\u2019habitation o\u00f9 il habite, l\u2019auteur et cin\u00e9aste d\u00e9crit son ouvrage comme un film sur papier. \u00abCe sont des capsules travaill\u00e9es dans une sorte de montage. Chaque capsule est un objet t\u00e9moin de notre vie en 1989, alors que j\u2019avais 17 ans\u00bb. Une forme d\u2019inventaire qui d\u00e9crit dans des mots simples une situation extr\u00eamement complexe.<\/p>\n<p class=\"article-bodystyled__StyledText-sc-19uhgql-0 bGeyRM body-paragraph\">D\u2019abord, la mise en contexte. En d\u00e9cembre 1989, apr\u00e8s 45 ans d\u2019un r\u00e9gime de communisme en Roumanie, le dictateur en place depuis 1974, Nicolae Ceau\u0219escu est la cible d\u2019un coup d\u2019\u00c9tat. Le jour de No\u00ebl, il sera jug\u00e9 et ex\u00e9cut\u00e9 avec son \u00e9pouse. <\/p>\n<p>Sous le r\u00e9gime<\/p>\n<p class=\"article-bodystyled__StyledText-sc-19uhgql-0 bGeyRM body-paragraph\">Comment parler de cette guerre sourde? <\/p>\n<p class=\"article-bodystyled__StyledText-sc-19uhgql-0 bGeyRM body-paragraph\">L\u2019auteur s\u2019est souvent pos\u00e9 la question. Parce que les humiliations, les files d\u2019attente pour avoir du beurre ou des \u0153ufs, et les interdits (comme les jeans!) se m\u00e9langeaient \u00e0 une vie heureuse pour Bogdan Stefan. Ses parents faisaient partie des intellectuels et ils vivaient un peu mieux que ceux qui devaient travailler dans les usines. \u00abOui, j\u2019\u00e9tais heureux. Mes parents avaient su cr\u00e9er pour ma s\u0153ur et moi un environnement s\u00fbr et stable, une zone de protection, une cloche de verre\u00bb, \u00e9crit-il.<\/p>\n<blockquote class=\"pullquote\" cite=\"Bogdan Stefan, auteur\">\n<p class=\"secondary-font__SecondaryFontStyles-sc-jft5zj-0 kJOXaj\">\u00abContrairement au nazisme, le communisme n\u2019est pas mort par une victoire \u00e9clatante. Il n\u2019y a pas eu un proc\u00e8s comme celui de Nuremberg. Pourtant, le nombre de victimes sous le r\u00e9gime communisme d\u00e9passe de loin celui sous le nazisme. Et si les partis nazis sont interdits maintenant, il reste des partis politiques communistes.\u00bb<\/p>\n<p>\u2014 \u00a0Bogdan Stefan, auteur<\/p><\/blockquote>\n<p class=\"article-bodystyled__StyledText-sc-19uhgql-0 bGeyRM body-paragraph\">Mais cette dictature, il l\u2019a tout de m\u00eame subie, avec les manifestations obligatoires pour o\u00f9 ils devaient clamer leur amour pour le Parti et Ceau\u0219escu. Avec cette carte de rationnement et cette interdiction de quitter le pays. \u00abJe r\u00eavais tellement de partir.\u00bb<\/p>\n<p>D\u00e9couvrir une libert\u00e9<\/p>\n<p class=\"article-bodystyled__StyledText-sc-19uhgql-0 bGeyRM body-paragraph\">\u00ab\u00c0 17 ans, c\u2019est le moment o\u00f9 on devient plus libre dans notre vie. Moi, cette libert\u00e9 est arriv\u00e9e au bon moment avec la chute du r\u00e9gime. Mais c\u2019est difficile \u00e0 apprivoiser en m\u00eame temps parce que nous n\u2019avions pas de m\u00e9canismes sociaux. Nous ne savions pas discuter avec les autres\u00bb, raconte Bogdan Stefan en entrevue.<\/p>\n<p class=\"article-bodystyled__StyledText-sc-19uhgql-0 bGeyRM body-paragraph\">Le jeune homme de l\u2019\u00e9poque n\u2019avait m\u00eame jamais r\u00e9fl\u00e9chi \u00e0 cette possibilit\u00e9. \u00abC\u2019est une t\u00e2che immense de se reconstruire comme peuple et comme individu. Je n\u2019ose pas imaginer en Cor\u00e9e du Nord lorsque \u00e7a arrivera.\u00bb<\/p>\n<p><img decoding=\"async\" data-chromatic=\"ignore\" alt=\"Le communisme est une guerre sourde, exprime l'auteur.\" class=\"c-image\" loading=\"lazy\" src=\"https:\/\/www.europesays.com\/fr\/wp-content\/uploads\/2025\/09\/TM7Z27TUZBHNRFLBY47SP54XGQ.jpg\"  width=\"1200\" height=\"801\"\/><\/p>\n<p class=\"image-metadata__MetadataParagraph-sc-1gfk7p2-0 cAaLKg image-metadata\">Le communisme est une guerre sourde, exprime l&rsquo;auteur. (Mariane L. St-Gelais\/Le Quotidien)<\/p>\n<p class=\"article-bodystyled__StyledText-sc-19uhgql-0 bGeyRM body-paragraph\">En Roumanie, la population pensait retrouver sa libert\u00e9 compl\u00e8te et une prosp\u00e9rit\u00e9 apr\u00e8s cinq ou dix ans. Il croit aujourd\u2019hui qu\u2019il en faudra probablement 45, comme le temps qu\u2019a dur\u00e9 le r\u00e9gime \u00abOn se voyait comme la France ou l\u2019Allemagne, mais ce n\u2019est pas \u00e7a. Tout est \u00e0 reconstruire. Les march\u00e9s \u00e9conomiques, mais aussi les institutions, les relations entre les gens et la d\u00e9mocratie.\u00bb<\/p>\n<p>Mieux se conna\u00eetre<\/p>\n<p class=\"article-bodystyled__StyledText-sc-19uhgql-0 bGeyRM body-paragraph\">Ce livre, il l\u2019a aussi \u00e9crit pour aller vers l\u2019autre. Susciter la r\u00e9flexion et des discussions. <\/p>\n<p class=\"article-bodystyled__StyledText-sc-19uhgql-0 bGeyRM body-paragraph\">Et aujourd\u2019hui, quand il traverse la r\u00e9serve faunique des Laurentides pour revenir \u00e0 la maison, il est encore surpris de tout ce parcours. Il adore sa vie ici.<\/p>\n<p class=\"article-bodystyled__StyledText-sc-19uhgql-0 bGeyRM body-paragraph\">\u00abAu Qu\u00e9bec, il y a un r\u00e9seau associatif tellement riche et bien implant\u00e9 que la soci\u00e9t\u00e9 est capable de bien faire m\u00eame quand les dirigeants sont moins forts. C\u2019est une \u00e9norme richesse. Les gens s\u2019impliquent. Ils sentent qu\u2019on a pris soin d\u2019eux et ils veulent redonner.\u00bb<\/p>\n<p class=\"article-bodystyled__StyledText-sc-19uhgql-0 bGeyRM body-paragraph\">1989 Le communisme racont\u00e9 \u00e0 ceux qui ne l\u2019ont pas v\u00e9cu para\u00eet aujourd\u2019hui (8 septembre). <\/p>\n<p class=\"article-bodystyled__StyledText-sc-19uhgql-0 bGeyRM body-paragraph\">Le lancement officiel se fera le 16 septembre \u00e0 17h \u00e0 la librairie Les Bouquinistes de Chicoutimi. Le lendemain l\u2019auteur sera \u00e0 la librairie La Libert\u00e9 de Qu\u00e9bec et finalement le 18 septembre \u00e0 la librairie du Square &#8211; Outremont.<\/p>\n","protected":false},"excerpt":{"rendered":"Rencontr\u00e9 \u00e0 deux pas de la coop\u00e9rative d\u2019habitation o\u00f9 il habite, l\u2019auteur et cin\u00e9aste d\u00e9crit son ouvrage comme&hellip;\n","protected":false},"author":2,"featured_media":374791,"comment_status":"","ping_status":"","sticky":false,"template":"","format":"standard","meta":{"footnotes":""},"categories":[1357],"tags":[50887,1379,50888,34005,58,59,1011,27,50889,1380,4868],"class_list":{"0":"post-374790","1":"post","2":"type-post","3":"status-publish","4":"format-standard","5":"has-post-thumbnail","7":"category-livres","8":"tag-bogdan-stefan","9":"tag-books","10":"tag-chicoutimi","11":"tag-communisme","12":"tag-divertissement","13":"tag-entertainment","14":"tag-fr","15":"tag-france","16":"tag-les-presses-de-luniversite-de-montreal","17":"tag-livres","18":"tag-roumanie"},"share_on_mastodon":{"url":"https:\/\/pubeurope.com\/@fr\/115167709469024763","error":""},"_links":{"self":[{"href":"https:\/\/www.europesays.com\/fr\/wp-json\/wp\/v2\/posts\/374790","targetHints":{"allow":["GET"]}}],"collection":[{"href":"https:\/\/www.europesays.com\/fr\/wp-json\/wp\/v2\/posts"}],"about":[{"href":"https:\/\/www.europesays.com\/fr\/wp-json\/wp\/v2\/types\/post"}],"author":[{"embeddable":true,"href":"https:\/\/www.europesays.com\/fr\/wp-json\/wp\/v2\/users\/2"}],"replies":[{"embeddable":true,"href":"https:\/\/www.europesays.com\/fr\/wp-json\/wp\/v2\/comments?post=374790"}],"version-history":[{"count":0,"href":"https:\/\/www.europesays.com\/fr\/wp-json\/wp\/v2\/posts\/374790\/revisions"}],"wp:featuredmedia":[{"embeddable":true,"href":"https:\/\/www.europesays.com\/fr\/wp-json\/wp\/v2\/media\/374791"}],"wp:attachment":[{"href":"https:\/\/www.europesays.com\/fr\/wp-json\/wp\/v2\/media?parent=374790"}],"wp:term":[{"taxonomy":"category","embeddable":true,"href":"https:\/\/www.europesays.com\/fr\/wp-json\/wp\/v2\/categories?post=374790"},{"taxonomy":"post_tag","embeddable":true,"href":"https:\/\/www.europesays.com\/fr\/wp-json\/wp\/v2\/tags?post=374790"}],"curies":[{"name":"wp","href":"https:\/\/api.w.org\/{rel}","templated":true}]}}