{"id":374794,"date":"2025-09-08T08:23:11","date_gmt":"2025-09-08T08:23:11","guid":{"rendered":"https:\/\/www.europesays.com\/fr\/374794\/"},"modified":"2025-09-08T08:23:11","modified_gmt":"2025-09-08T08:23:11","slug":"aux-mtv-vma-2025-doja-cat-fait-sensation-en-mangeant-son-rouge-a-levres-sur-le-tapis-rouge","status":"publish","type":"post","link":"https:\/\/www.europesays.com\/fr\/374794\/","title":{"rendered":"Aux MTV VMA 2025, Doja Cat fait sensation en mangeant son rouge \u00e0 l\u00e8vres sur le tapis rouge"},"content":{"rendered":"<p>        <img decoding=\"async\" loading=\"lazy\" src=\"https:\/\/www.europesays.com\/fr\/wp-content\/uploads\/2025\/09\/0ff17db_upload-1-flyz61wexcnm-000-73ph2ma.jpg\"  width=\"728\" height=\"410\" alt=\"La rappeuse am\u00e9ricaine Doja Cat assiste aux MTV Video Music Awards \u00e0 l\u2019UBS Arena d\u2019Elmont, dans l\u2019\u00c9tat de New York, le 7\u00a0septembre 2025.\"\/>  <\/p>\n<p>LEONARDO MUNOZ \/ AFP<\/p>\n<p>La rappeuse am\u00e9ricaine Doja Cat assiste aux MTV Video Music Awards \u00e0 l\u2019UBS Arena d\u2019Elmont, dans l\u2019\u00c9tat de New York, le 7\u00a0septembre 2025.<\/p>\n<p class=\"asset asset-text\">PEOPLE &#8211; <a href=\"https:\/\/www.huffingtonpost.fr\/culture\/video\/au-met-gala-2023-doja-cat-a-rendu-hommage-a-karl-lagerfeld-et-choupette-a-sa-facon_217330.html\" target=\"_blank\" rel=\"noopener\">Doja Cat<\/a>\u00a0a encore fait sensation. Sur le tapis rouge des <a href=\"https:\/\/www.huffingtonpost.fr\/culture\/article\/mtv-vma-2023-l-artiste-de-l-annee-sera-forcement-une-femme-lors-de-la-ceremonie-du-13-septembre-clx1_221592.html\" target=\"_blank\" rel=\"noopener\">MTV Video Music Awards<\/a>, qui se d\u00e9roulaient \u00e0 l\u2019UBS Arena de New York, dans la nuit de dimanche 7\u00a0septembre \u00e0 ce lundi 8\u00a0septembre, la rappeuse am\u00e9ricaine est arriv\u00e9e v\u00eatue d\u2019une robe Balmain inspir\u00e9e des ann\u00e9es 80. Elle l\u2019avait associ\u00e9e \u00e0 une perruque blonde et \u00e0 un sac \u00e0 main en forme de rouge \u00e0 l\u00e8vres rouge. Mais ce n\u2019est pas son look qui a le plus \u00e9tonn\u00e9.<\/p>\n<p class=\"asset asset-text\">Devant les photographes, l\u2019interpr\u00e8te de\u00a0Kiss Me More a sorti un petit tube de rouge \u00e0 l\u00e8vres, qu\u2019elle s\u2019est mis \u00e0 m\u00e2chouiller avant de compl\u00e8tement le manger\u00a0! Le tout, avec un large sourire. La s\u00e9quence, tr\u00e8s partag\u00e9e sur les r\u00e9seaux sociaux, a laiss\u00e9 sans voix de nombreux internautes.<\/p>\n<p class=\"asset asset-text\">Si certains se demandent si Doja Cat a r\u00e9ellement aval\u00e9 son rouge \u00e0 l\u00e8vres, la r\u00e9ponse est oui. Mais ne vous inqui\u00e9tez pas pour son syst\u00e8me digestif\u00a0: le tube \u00e9tait en fait une confiserie en chocolat trompe-l\u2019\u0153il, explique le m\u00e9dia <a href=\"https:\/\/www.instyle.com\/doja-cat-vmas-2025-mac-cosmetics-11805049\" target=\"_blank\" rel=\"noopener\" title=\"Nouvelle fen\u00eatre\">InStyle.<\/a> La pi\u00e8ce chocolat\u00e9e a \u00e9t\u00e9 r\u00e9alis\u00e9e par le p\u00e2tissier franco-suisse de renomm\u00e9e mondiale Amaury Guichon. Ce dernier est connu pour ses sculptures en chocolat de grande taille, dont une r\u00e9plique impressionnante\u00a0de la\u00a0statue de la Libert\u00e9.<\/p>\n<p>    Habitu\u00e9e des tenues sensationnelles    <\/p>\n<p class=\"asset asset-text\">Derri\u00e8re ce show, Doja Cat esp\u00e9rait faire parler d\u2019elle alors qu\u2019elle va devenir, d\u2019apr\u00e8s les informations d\u2019 InStyle, la nouvelle ambassadrice mondiale de la marque de maquillage MAC.<\/p>\n<p class=\"asset asset-text\">Ce n\u2019est pas la premi\u00e8re fois que la rappeuse fait sensation avec son look.\u00a0Lors du\u00a0<a href=\"https:\/\/www.huffingtonpost.fr\/culture\/article\/au-met-gala-2024-doja-cat-portait-un-simple-t-shirt-blanc-pour-une-raison-bien-precise_232671.html\" target=\"_blank\" rel=\"noopener\">Met Gala 2024<\/a>, \u00e9v\u00e9nement mondain caritatif de renom orchestr\u00e9 par\u00a0Anna Wintour, elle avait opt\u00e9 pour un simple t-shirt blanc, alors que le dress-code devait \u00eatre \u00ab\u00a0printanier\u00a0\u00bb. \u00ab\u00a0Je sais que les gens vont porter des fleurs, mais la fleur que je pr\u00e9f\u00e8re est la fleur la plus utilis\u00e9e. Et c\u2019est du coton\u00bb, avait-elle justifi\u00e9. Et au Met Gala 2023, elle avait rendu hommage au d\u00e9funt couturier Karl Lagerfeld en se transformant en son c\u00e9l\u00e8bre chat, Choupette.<\/p>\n<p class=\"asset asset-text\">Sur la sc\u00e8ne des MTV Video Music Awards, Doja Cat a \u00e9galement offert \u00e0 ses fans une interpr\u00e9tation de son nouveau single, Jealous Type, dans un d\u00e9cor excentrique.<\/p>\n<p> La lecture de ce contenu est susceptible d\u2019entra\u00eener un d\u00e9p\u00f4t de cookies de la part de l\u2019op\u00e9rateur tiers qui l\u2019h\u00e9berge. Compte-tenu des choix que vous avez exprim\u00e9s en mati\u00e8re de d\u00e9p\u00f4t de cookies, nous avons bloqu\u00e9 l\u2019affichage de ce contenu. Si vous souhaitez y acc\u00e9der, vous devez accepter la cat\u00e9gorie de cookies \u201cContenus tiers\u201d en cliquant sur le bouton ci-dessous. <\/p>\n<p> Lire la Vid\u00e9o            <\/p>\n<p class=\"asset asset-text\">Aux MTV Video Music Awards, Lady Gaga arrivait en t\u00eate avec 12 nominations, suivie de Bruno Mars avec 11 nominations et Kendrick Lamar avec 10 nominations.<\/p>\n","protected":false},"excerpt":{"rendered":"LEONARDO MUNOZ \/ AFP La rappeuse am\u00e9ricaine Doja Cat assiste aux MTV Video Music Awards \u00e0 l\u2019UBS Arena&hellip;\n","protected":false},"author":2,"featured_media":374795,"comment_status":"","ping_status":"","sticky":false,"template":"","format":"standard","meta":{"footnotes":""},"categories":[1355],"tags":[58,50890,59,1011,27,50891,1361,873,973],"class_list":{"0":"post-374794","1":"post","2":"type-post","3":"status-publish","4":"format-standard","5":"has-post-thumbnail","7":"category-musique","8":"tag-divertissement","9":"tag-doja-cat","10":"tag-entertainment","11":"tag-fr","12":"tag-france","13":"tag-mtv-vma","14":"tag-music","15":"tag-musique","16":"tag-people"},"share_on_mastodon":{"url":"https:\/\/pubeurope.com\/@fr\/115167717252275901","error":""},"_links":{"self":[{"href":"https:\/\/www.europesays.com\/fr\/wp-json\/wp\/v2\/posts\/374794","targetHints":{"allow":["GET"]}}],"collection":[{"href":"https:\/\/www.europesays.com\/fr\/wp-json\/wp\/v2\/posts"}],"about":[{"href":"https:\/\/www.europesays.com\/fr\/wp-json\/wp\/v2\/types\/post"}],"author":[{"embeddable":true,"href":"https:\/\/www.europesays.com\/fr\/wp-json\/wp\/v2\/users\/2"}],"replies":[{"embeddable":true,"href":"https:\/\/www.europesays.com\/fr\/wp-json\/wp\/v2\/comments?post=374794"}],"version-history":[{"count":0,"href":"https:\/\/www.europesays.com\/fr\/wp-json\/wp\/v2\/posts\/374794\/revisions"}],"wp:featuredmedia":[{"embeddable":true,"href":"https:\/\/www.europesays.com\/fr\/wp-json\/wp\/v2\/media\/374795"}],"wp:attachment":[{"href":"https:\/\/www.europesays.com\/fr\/wp-json\/wp\/v2\/media?parent=374794"}],"wp:term":[{"taxonomy":"category","embeddable":true,"href":"https:\/\/www.europesays.com\/fr\/wp-json\/wp\/v2\/categories?post=374794"},{"taxonomy":"post_tag","embeddable":true,"href":"https:\/\/www.europesays.com\/fr\/wp-json\/wp\/v2\/tags?post=374794"}],"curies":[{"name":"wp","href":"https:\/\/api.w.org\/{rel}","templated":true}]}}