{"id":374798,"date":"2025-09-08T08:26:10","date_gmt":"2025-09-08T08:26:10","guid":{"rendered":"https:\/\/www.europesays.com\/fr\/374798\/"},"modified":"2025-09-08T08:26:10","modified_gmt":"2025-09-08T08:26:10","slug":"selections-le-brassard-un-nouveau-but-et-77-minutes-pour-kvaratskhelia","status":"publish","type":"post","link":"https:\/\/www.europesays.com\/fr\/374798\/","title":{"rendered":"S\u00e9lections : Le brassard, un nouveau but et 77 minutes pour Kvaratskhelia"},"content":{"rendered":"<p>Trois jours apr\u00e8s sa d\u00e9faite 3-2 face \u00e0 la Turquie, la G\u00e9orgie de Khvicha Kvaratskhelia s&rsquo;est impos\u00e9e 3-0 dimanche \u00e0 Tbilissi face \u00e0 la Bulgarie. Titulaire et capitaine, Kvara a marqu\u00e9 son deuxi\u00e8me but de la tr\u00eave internationale et jou\u00e9 77 minutes.<\/p>\n<p>La G\u00e9orgie a parfaitement tourn\u00e9 la page de <a href=\"https:\/\/www.culturepsg.com\/news\/selections\/une-defaite-mais-un-joli-but-et-90-minutes-pour-kvaratskhelia\/56883\" rel=\"nofollow noopener\" target=\"_blank\">sa d\u00e9faite 3-2 jeudi soir contre la Turquie<\/a>. Pour la deuxi\u00e8me journ\u00e9e des qualifications \u00e0 la Coupe du monde 2026, l&rsquo;\u00e9quipe entra\u00een\u00e9e par Willy Sagnol s&rsquo;est impos\u00e9e 3-0 \u00e0 domicile face \u00e0 la Bulgarie dimanche \u00e0 Tbilissi. Le capitaine Guram Kashia envoy\u00e9 sur le banc, c&rsquo;est\u00a0Khvicha Kvaratskhelia qui avait le brassard face aux Bulgares.<\/p>\n<p>Et le num\u00e9ro 7 du PSG et de la G\u00e9orgie a parfaitement assum\u00e9 cette responsabilit\u00e9 en ouvrant le score pour son pays \u00e0 la 30e minute d&rsquo;une frappe de l&rsquo;int\u00e9rieur du pied droit, inscrivant au passage son 20e but en s\u00e9lection, \u00e0 seulement 24 ans.\u00a0Nika Gagnidze et\u00a0Georges Mikautadze ont marqu\u00e9 les deux autres buts g\u00e9orgiens du match.<\/p>\n<blockquote class=\"twitter-tweet\">\n<p>Kvaratskhelia profite d\u2019une erreur bulgare pour inscrire le premier but de la G\u00e9orgie apr\u00e8s seulement 30 minutes de jeu !<\/p>\n<p>Suivez le match en direct sur L&rsquo;\u00c9quipe live foot <a href=\"https:\/\/twitter.com\/hashtag\/lequipeFOOT?src=hash&amp;ref_src=twsrc%5Etfw\" rel=\"nofollow noopener\" target=\"_blank\">#lequipeFOOT<\/a> <a href=\"https:\/\/t.co\/LXWydi7V6G\" rel=\"nofollow\">pic.twitter.com\/LXWydi7V6G<\/a><\/p>\n<p>\u2014 L&rsquo;\u00c9quipe (@lequipe) <a href=\"https:\/\/twitter.com\/lequipe\/status\/1964684563453813228?ref_src=twsrc%5Etfw\" rel=\"nofollow noopener\" target=\"_blank\">September 7, 2025<\/a><\/p><\/blockquote>\n<p>\u00ab Entrer sur le terrain aujourd&rsquo;hui en tant que capitaine, c&rsquo;est \u00e9videmment une grande responsabilit\u00e9. Je suis tr\u00e8s heureux de mener l&rsquo;\u00e9quipe sur le terrain et tout s&rsquo;est bien pass\u00e9 \u00bb, a r\u00e9agi\u00a0Kvaratskhelia apr\u00e8s le match, lui qui est sorti \u00e0 la 77e minute et a profit\u00e9 de la tr\u00eave internationale pour accumuler des minutes (il avait aussi jou\u00e9 90 minutes contre la Turquie) et de la confiance, avec deux buts en deux matches.<\/p>\n<p><script async src=\"https:\/\/platform.twitter.com\/widgets.js\" charset=\"utf-8\"><\/script><\/p>\n","protected":false},"excerpt":{"rendered":"Trois jours apr\u00e8s sa d\u00e9faite 3-2 face \u00e0 la Turquie, la G\u00e9orgie de Khvicha Kvaratskhelia s&rsquo;est impos\u00e9e 3-0&hellip;\n","protected":false},"author":2,"featured_media":374799,"comment_status":"","ping_status":"","sticky":false,"template":"","format":"standard","meta":{"footnotes":""},"categories":[9],"tags":[1011,27,60],"class_list":{"0":"post-374798","1":"post","2":"type-post","3":"status-publish","4":"format-standard","5":"has-post-thumbnail","7":"category-sports","8":"tag-fr","9":"tag-france","10":"tag-sports"},"share_on_mastodon":{"url":"https:\/\/pubeurope.com\/@fr\/115167728942212975","error":""},"_links":{"self":[{"href":"https:\/\/www.europesays.com\/fr\/wp-json\/wp\/v2\/posts\/374798","targetHints":{"allow":["GET"]}}],"collection":[{"href":"https:\/\/www.europesays.com\/fr\/wp-json\/wp\/v2\/posts"}],"about":[{"href":"https:\/\/www.europesays.com\/fr\/wp-json\/wp\/v2\/types\/post"}],"author":[{"embeddable":true,"href":"https:\/\/www.europesays.com\/fr\/wp-json\/wp\/v2\/users\/2"}],"replies":[{"embeddable":true,"href":"https:\/\/www.europesays.com\/fr\/wp-json\/wp\/v2\/comments?post=374798"}],"version-history":[{"count":0,"href":"https:\/\/www.europesays.com\/fr\/wp-json\/wp\/v2\/posts\/374798\/revisions"}],"wp:featuredmedia":[{"embeddable":true,"href":"https:\/\/www.europesays.com\/fr\/wp-json\/wp\/v2\/media\/374799"}],"wp:attachment":[{"href":"https:\/\/www.europesays.com\/fr\/wp-json\/wp\/v2\/media?parent=374798"}],"wp:term":[{"taxonomy":"category","embeddable":true,"href":"https:\/\/www.europesays.com\/fr\/wp-json\/wp\/v2\/categories?post=374798"},{"taxonomy":"post_tag","embeddable":true,"href":"https:\/\/www.europesays.com\/fr\/wp-json\/wp\/v2\/tags?post=374798"}],"curies":[{"name":"wp","href":"https:\/\/api.w.org\/{rel}","templated":true}]}}