{"id":374800,"date":"2025-09-08T08:27:11","date_gmt":"2025-09-08T08:27:11","guid":{"rendered":"https:\/\/www.europesays.com\/fr\/374800\/"},"modified":"2025-09-08T08:27:11","modified_gmt":"2025-09-08T08:27:11","slug":"mort-de-rick-davies-figure-emblematique-du-groupe-supertramp-a-81-ans-actualites","status":"publish","type":"post","link":"https:\/\/www.europesays.com\/fr\/374800\/","title":{"rendered":"Mort de Rick Davies, figure embl\u00e9matique du groupe Supertramp, \u00e0 81 ans : Actualit\u00e9s"},"content":{"rendered":"<p class=\"lead \"><strong>Le chanteur et musicien Rick Davies, cofondateur du groupe de rock Supertramp, est d\u00e9c\u00e9d\u00e9 vendredi 5 septembre. Il se battait contre un cancer depuis dix ans.<\/strong><\/p>\n<p class=\"lead \">Carnet noir dans le monde de la musique. Rick Davies, membre fondateur du groupe de rock mythique Supertramp, s&rsquo;est \u00e9teint vendredi 5 septembre, \u00e0 l&rsquo;\u00e2ge de 81 ans, aux \u00c9tats-Unis dans sa maison de Long Island. Le groupe a confirm\u00e9 la triste nouvelle dans un communiqu\u00e9 transmis \u00e0 la presse am\u00e9ricaine, et relay\u00e9 par <a href=\"https:\/\/variety.com\/2025\/music\/news\/supertramp-rick-davies-bloody-well-right-dead-1236511107\/\" target=\"_blank\" rel=\"nofollow noopener\">Variety<\/a>, dimanche soir. <\/p>\n<p class=\"lead \">\u00ab\u00a0Le groupe Supertramp a le profond regret d&rsquo;annoncer la mort d&rsquo;un de ses fondateurs, Rick Davies, d\u00e9c\u00e9d\u00e9 des suites d&rsquo;une longue maladie. Rick s&rsquo;est \u00e9teint chez lui \u00e0 Long Island le 5 septembre. Nous avons eu le privil\u00e8ge de le conna\u00eetre et de faire de la musique \u00e0 ses c\u00f4t\u00e9s pendant cinquante ans\u00a0\u00bb, \u00e9crivent ses anciens partenaires de sc\u00e8ne, avant de transmettre leurs condol\u00e9ances \u00e0 Sue Davies, qui \u00e9tait son \u00e9pouse depuis 1977.<\/p>\n<p class=\"lead \"><strong>Supertramp avait annul\u00e9 une tourn\u00e9e en 2015<\/strong><\/p>\n<p class=\"lead \">Rick Davies se battait contre un cancer de la moelle osseuse depuis une dizaine d&rsquo;ann\u00e9es. En 2015, lorsque la maladie de l&rsquo;artiste s&rsquo;est d\u00e9clar\u00e9e, Supertramp avait d\u00fb annuler sa tourn\u00e9e de concerts en Europe. \u00c0 l&rsquo;\u00e9poque, Rick Davies \u00e9tait le dernier fondateur du groupe originel, puisque Roger Hodgson, en froid avec le reste de l&rsquo;\u00e9quipe, avait d\u00e9cid\u00e9 de poursuivre sa carri\u00e8re en solo.<\/p>\n<p class=\"lead \">En pr\u00e8s de cinquante ans d&rsquo;existence, Supertramp a produit des tubes en s\u00e9rie, comme Give a Little Bit et Breakfast in America, des titres co\u00e9crits par Rick Davies, ou encore The Logical Song et Take the Long Way Home. <\/p>\n<p class=\"small font-weight-bold text-gray3 \"> publi\u00e9 le 8 septembre \u00e0 07h45, Maeliss Innocenti, 6Medias<\/p>\n<p>                             Partager<\/p>\n","protected":false},"excerpt":{"rendered":"Le chanteur et musicien Rick Davies, cofondateur du groupe de rock Supertramp, est d\u00e9c\u00e9d\u00e9 vendredi 5 septembre. Il&hellip;\n","protected":false},"author":2,"featured_media":374801,"comment_status":"","ping_status":"","sticky":false,"template":"","format":"standard","meta":{"footnotes":""},"categories":[8],"tags":[58,59,1011,27],"class_list":{"0":"post-374800","1":"post","2":"type-post","3":"status-publish","4":"format-standard","5":"has-post-thumbnail","7":"category-divertissement","8":"tag-divertissement","9":"tag-entertainment","10":"tag-fr","11":"tag-france"},"share_on_mastodon":{"url":"https:\/\/pubeurope.com\/@fr\/115167733059297250","error":""},"_links":{"self":[{"href":"https:\/\/www.europesays.com\/fr\/wp-json\/wp\/v2\/posts\/374800","targetHints":{"allow":["GET"]}}],"collection":[{"href":"https:\/\/www.europesays.com\/fr\/wp-json\/wp\/v2\/posts"}],"about":[{"href":"https:\/\/www.europesays.com\/fr\/wp-json\/wp\/v2\/types\/post"}],"author":[{"embeddable":true,"href":"https:\/\/www.europesays.com\/fr\/wp-json\/wp\/v2\/users\/2"}],"replies":[{"embeddable":true,"href":"https:\/\/www.europesays.com\/fr\/wp-json\/wp\/v2\/comments?post=374800"}],"version-history":[{"count":0,"href":"https:\/\/www.europesays.com\/fr\/wp-json\/wp\/v2\/posts\/374800\/revisions"}],"wp:featuredmedia":[{"embeddable":true,"href":"https:\/\/www.europesays.com\/fr\/wp-json\/wp\/v2\/media\/374801"}],"wp:attachment":[{"href":"https:\/\/www.europesays.com\/fr\/wp-json\/wp\/v2\/media?parent=374800"}],"wp:term":[{"taxonomy":"category","embeddable":true,"href":"https:\/\/www.europesays.com\/fr\/wp-json\/wp\/v2\/categories?post=374800"},{"taxonomy":"post_tag","embeddable":true,"href":"https:\/\/www.europesays.com\/fr\/wp-json\/wp\/v2\/tags?post=374800"}],"curies":[{"name":"wp","href":"https:\/\/api.w.org\/{rel}","templated":true}]}}