{"id":374809,"date":"2025-09-08T08:32:12","date_gmt":"2025-09-08T08:32:12","guid":{"rendered":"https:\/\/www.europesays.com\/fr\/374809\/"},"modified":"2025-09-08T08:32:12","modified_gmt":"2025-09-08T08:32:12","slug":"cest-absolument-obscene-quil-puisse-y-avoir-une-operation-militaire-de-cette-envergure-tout-en-cherchant-a-deplacer-lentierete-de-la-population-de-gaza","status":"publish","type":"post","link":"https:\/\/www.europesays.com\/fr\/374809\/","title":{"rendered":"\u00ab\u00a0C\u2019est absolument obsc\u00e8ne qu\u2019il puisse y avoir une op\u00e9ration militaire de cette envergure tout en cherchant \u00e0 d\u00e9placer l\u2019enti\u00e8ret\u00e9 de la population de Gaza\u00a0\u00bb"},"content":{"rendered":"<p>                         <img loading=\"lazy\" decoding=\"async\" src=\"https:\/\/www.europesays.com\/fr\/wp-content\/uploads\/2025\/09\/907b34e_upload-1-elexrvxhhsea-000-36zq722.jpg\" alt=\"Philippe Lazzarini, commissaire g\u00e9n\u00e9ral de l\u2019agence des Nations unies pour les r\u00e9fugi\u00e9s palestiniens (UNRWA), \u00e0 Gen\u00e8ve (Suisse), le 10\u00a0mars 2025.\"   width=\"664\" height=\"443\"\/>    Philippe Lazzarini, commissaire g\u00e9n\u00e9ral de l\u2019agence des Nations unies pour les r\u00e9fugi\u00e9s palestiniens (UNRWA), \u00e0 Gen\u00e8ve (Suisse), le 10\u00a0mars 2025.  FABRICE COFFRINI\/AFP                 <\/p>\n<p class=\"article__paragraph  \"><a href=\"https:\/\/www.lemonde.fr\/international\/article\/2024\/07\/15\/philippe-lazzarini-un-haut-fonctionnaire-onusien-dans-le-collimateur-d-israel_6250400_3210.html\" rel=\"nofollow noopener\" target=\"_blank\">Philippe Lazzarini est commissaire g\u00e9n\u00e9ral de l\u2019agence des Nations unies pour les r\u00e9fugi\u00e9s palestiniens<\/a> (UNRWA), une organisation cr\u00e9\u00e9e en\u00a01949, qui intervient \u00e0 Gaza, en Cisjordanie, en Jordanie, au Liban et en Syrie. Dans l\u2019enclave palestinienne, plus de 10\u00a0000\u00a0employ\u00e9s palestiniens de l\u2019agence assurent des missions humanitaires, d\u2019\u00e9ducation et de sant\u00e9.<\/p>\n<p class=\"article__paragraph  \">Depuis l\u2019attaque terroriste men\u00e9e par le Hamas, le 7\u00a0octobre\u00a02023, les relations avec Isra\u00ebl se\u00a0sont d\u00e9grad\u00e9es, l\u2019Etat h\u00e9breu accusant l\u2019UNRWA de complicit\u00e9 avec le mouvement palestinien, ce que des enqu\u00eates internes de l\u2019Organisation des Nations unies (ONU) ont d\u00e9menti. M.\u00a0Lazzarini, qui n\u2019est plus autoris\u00e9 par Isra\u00ebl \u00e0 se rendre \u00e0 J\u00e9rusalem, a r\u00e9pondu au Monde par visioconf\u00e9rence.<\/p>\n<p>           Quelle est la situation dans la ville de Gaza, alors que l\u2019offensive de l\u2019arm\u00e9e isra\u00e9lienne s\u2019intensifie\u00a0?           <\/p>\n<p class=\"article__paragraph  \">Il y a une atmosph\u00e8re d\u2019incr\u00e9dulit\u00e9, de panique, de peur, d\u2019angoisse. Les gens de Gaza ne savent pas vraiment ce qu\u2019ils veulent faire ou ne pas faire parce que, de toute mani\u00e8re, les ordres d\u2019\u00e9vacuation sur des zones dites \u00ab\u00a0humanitaires\u00a0\u00bb ne signifient \u00e9videmment pas grand-chose pour eux\u00a0; ils ont l\u2019impression, o\u00f9 qu\u2019ils soient, qu\u2019il n\u2019y a aucun endroit s\u00fbr. Il y a aussi la peur des habitants de se dire\u00a0: si on s\u2019en va, on ne reviendra pas. C\u2019est un peu toujours cette angoisse, h\u00e9rit\u00e9e de la premi\u00e8re Nakba [le d\u00e9placement forc\u00e9 de 700\u00a0000\u00a0Palestiniens \u00e0 la cr\u00e9ation de l\u2019Etat d\u2019Isra\u00ebl en\u00a01948]\u00a0: on est partis, on ne revient jamais.<\/p>\n<p class=\"reading-mode-only \"><strong>Il vous reste 84.14% de cet article \u00e0 lire. La suite est r\u00e9serv\u00e9e aux abonn\u00e9s.<\/strong><\/p>\n","protected":false},"excerpt":{"rendered":"Philippe Lazzarini, commissaire g\u00e9n\u00e9ral de l\u2019agence des Nations unies pour les r\u00e9fugi\u00e9s palestiniens (UNRWA), \u00e0 Gen\u00e8ve (Suisse), le&hellip;\n","protected":false},"author":2,"featured_media":374810,"comment_status":"","ping_status":"","sticky":false,"template":"","format":"standard","meta":{"footnotes":""},"categories":[2],"tags":[11,1011,27,12],"class_list":{"0":"post-374809","1":"post","2":"type-post","3":"status-publish","4":"format-standard","5":"has-post-thumbnail","7":"category-actualites","8":"tag-actualites","9":"tag-fr","10":"tag-france","11":"tag-news"},"share_on_mastodon":{"url":"https:\/\/pubeurope.com\/@fr\/115167752585560158","error":""},"_links":{"self":[{"href":"https:\/\/www.europesays.com\/fr\/wp-json\/wp\/v2\/posts\/374809","targetHints":{"allow":["GET"]}}],"collection":[{"href":"https:\/\/www.europesays.com\/fr\/wp-json\/wp\/v2\/posts"}],"about":[{"href":"https:\/\/www.europesays.com\/fr\/wp-json\/wp\/v2\/types\/post"}],"author":[{"embeddable":true,"href":"https:\/\/www.europesays.com\/fr\/wp-json\/wp\/v2\/users\/2"}],"replies":[{"embeddable":true,"href":"https:\/\/www.europesays.com\/fr\/wp-json\/wp\/v2\/comments?post=374809"}],"version-history":[{"count":0,"href":"https:\/\/www.europesays.com\/fr\/wp-json\/wp\/v2\/posts\/374809\/revisions"}],"wp:featuredmedia":[{"embeddable":true,"href":"https:\/\/www.europesays.com\/fr\/wp-json\/wp\/v2\/media\/374810"}],"wp:attachment":[{"href":"https:\/\/www.europesays.com\/fr\/wp-json\/wp\/v2\/media?parent=374809"}],"wp:term":[{"taxonomy":"category","embeddable":true,"href":"https:\/\/www.europesays.com\/fr\/wp-json\/wp\/v2\/categories?post=374809"},{"taxonomy":"post_tag","embeddable":true,"href":"https:\/\/www.europesays.com\/fr\/wp-json\/wp\/v2\/tags?post=374809"}],"curies":[{"name":"wp","href":"https:\/\/api.w.org\/{rel}","templated":true}]}}