{"id":374811,"date":"2025-09-08T08:33:09","date_gmt":"2025-09-08T08:33:09","guid":{"rendered":"https:\/\/www.europesays.com\/fr\/374811\/"},"modified":"2025-09-08T08:33:09","modified_gmt":"2025-09-08T08:33:09","slug":"saint-etienne-un-pot-de-depart-organise-ce-lundi-pour-francois-bayrou","status":"publish","type":"post","link":"https:\/\/www.europesays.com\/fr\/374811\/","title":{"rendered":"Saint-\u00c9tienne : un pot de d\u00e9part organis\u00e9 ce lundi pour Fran\u00e7ois Bayrou"},"content":{"rendered":"<p>Alors que le Premier ministre, Fran\u00e7ois Bayrou, pourrait quitter son poste \u00e0 l&rsquo;issue du vote de confiance, ce lundi 8 septembre, \u00e0 l&rsquo;Assembl\u00e9e nationale, la CGT appelle \u00e0 un rassemblement \u00e0 18h devant l&rsquo;H\u00f4tel de Ville de Saint-\u00c9tienne.<\/p>\n<p>Il est sur le point de tomber.<\/p>\n<p>Sauf coup de th\u00e9\u00e2tre, <b>Fran\u00e7ois Bayrou<\/b> va devenir le premier chef de gouvernement de la Ve R\u00e9publique \u00e0 tomber sur un vote de confiance. Un sc\u00e9nario qu&rsquo;il a lui-m\u00eame provoqu\u00e9 et qui ouvre une nouvelle p\u00e9riode d&rsquo;incertitudes, au moins jusqu&rsquo;\u00e0 la nomination de son successeur.<\/p>\n<p>Vote attendu dans la soir\u00e9e<\/p>\n<p>Apr\u00e8s moins de neuf mois \u00e0 Matignon, le Premier ministre montera \u00e0 <b>15h<\/b>, ce lundi, \u00e0 la tribune de l&rsquo;<b>Assembl\u00e9e nationale<\/b> pour engager la responsabilit\u00e9 de son gouvernement. Les chefs de files des groupes parlementaires lui r\u00e9pondront, avant le vote attendu dans la soir\u00e9e.<\/p>\n<p>La sentence est d\u00e9j\u00e0 connue : face aux v\u00e9tos annonc\u00e9s de la gauche et de l&rsquo;extr\u00eame droite, le centriste sait que la fin de son bail est imminente. Dans cet esprit, il a convi\u00e9 ses ministres \u00e0 Matignon dans la soir\u00e9e.<\/p>\n<p>De son c\u00f4t\u00e9, la <b>CGT<\/b> a \u00e9galement anticip\u00e9. Elle pr\u00e9voit, en effet, un rassemblement devant <b>l&rsquo;H\u00f4tel de Ville de Saint-\u00c9tienne<\/b>, ce lundi, \u00e0 <b>18h<\/b>, en guise de <b>\u00ab\u00a0pot de d\u00e9part\u00a0\u00bb<\/b>.<\/p>\n<p>Le syndicat pr\u00e9pare, par ailleurs, la grande journ\u00e9e de mobilisation pr\u00e9vue ce mercredi 10 septembre. Des manifestations seront organis\u00e9es \u00e0 <b>Saint-\u00c9tienne<\/b>, \u00e0 <b>Roanne<\/b> et au <b>Puy-en-Velay<\/b>. Plusieurs autres rassemblements sont aussi en pr\u00e9vision dans la Loire et en Haute-Loire.<\/p>\n<p><img loading=\"lazy\" decoding=\"async\" src=\"https:\/\/www.europesays.com\/fr\/wp-content\/uploads\/2025\/09\/1757320389_207_img\" width=\"350\" height=\"200\" border=\"0\" title=\"La vigilance jaune \" orages=\"\" est=\"\" activ=\"\" en=\"\" auvergne-rh=\"\"\/><\/p>\n<p>\u25baM\u00e9t\u00e9o<\/p>\n<p style=\"font-size: 22px;\"><b>Orages : o\u00f9 sera activ\u00e9e la vigilance jaune en Auvergne-Rh\u00f4ne-Alpes ?<\/b><\/p>\n<p>M\u00e9t\u00e9o France a plac\u00e9 toute l&rsquo;Auvergne-Rh\u00f4ne-Alpes&#8230;<\/p>\n<p><\/p>\n","protected":false},"excerpt":{"rendered":"Alors que le Premier ministre, Fran\u00e7ois Bayrou, pourrait quitter son poste \u00e0 l&rsquo;issue du vote de confiance, ce&hellip;\n","protected":false},"author":2,"featured_media":374812,"comment_status":"","ping_status":"","sticky":false,"template":"","format":"standard","meta":{"footnotes":""},"categories":[9653],"tags":[1111,11,2430,1271,50894,1777,674,1011,50893,27,50895,12,29057,3363,25,9920,4001],"class_list":{"0":"post-374811","1":"post","2":"type-post","3":"status-publish","4":"format-standard","5":"has-post-thumbnail","7":"category-saint-etienne","8":"tag-actu","9":"tag-actualites","10":"tag-auvergne-rhone-alpes","11":"tag-cgt","12":"tag-dpart","13":"tag-eu","14":"tag-europe","15":"tag-fr","16":"tag-franois-bayrou","17":"tag-france","18":"tag-htel-de-ville","19":"tag-news","20":"tag-pot","21":"tag-premier-ministre","22":"tag-republique-francaise","23":"tag-saint-tienne","24":"tag-saint-etienne"},"share_on_mastodon":{"url":"https:\/\/pubeurope.com\/@fr\/115167756572363903","error":""},"_links":{"self":[{"href":"https:\/\/www.europesays.com\/fr\/wp-json\/wp\/v2\/posts\/374811","targetHints":{"allow":["GET"]}}],"collection":[{"href":"https:\/\/www.europesays.com\/fr\/wp-json\/wp\/v2\/posts"}],"about":[{"href":"https:\/\/www.europesays.com\/fr\/wp-json\/wp\/v2\/types\/post"}],"author":[{"embeddable":true,"href":"https:\/\/www.europesays.com\/fr\/wp-json\/wp\/v2\/users\/2"}],"replies":[{"embeddable":true,"href":"https:\/\/www.europesays.com\/fr\/wp-json\/wp\/v2\/comments?post=374811"}],"version-history":[{"count":0,"href":"https:\/\/www.europesays.com\/fr\/wp-json\/wp\/v2\/posts\/374811\/revisions"}],"wp:featuredmedia":[{"embeddable":true,"href":"https:\/\/www.europesays.com\/fr\/wp-json\/wp\/v2\/media\/374812"}],"wp:attachment":[{"href":"https:\/\/www.europesays.com\/fr\/wp-json\/wp\/v2\/media?parent=374811"}],"wp:term":[{"taxonomy":"category","embeddable":true,"href":"https:\/\/www.europesays.com\/fr\/wp-json\/wp\/v2\/categories?post=374811"},{"taxonomy":"post_tag","embeddable":true,"href":"https:\/\/www.europesays.com\/fr\/wp-json\/wp\/v2\/tags?post=374811"}],"curies":[{"name":"wp","href":"https:\/\/api.w.org\/{rel}","templated":true}]}}