{"id":374813,"date":"2025-09-08T08:34:29","date_gmt":"2025-09-08T08:34:29","guid":{"rendered":"https:\/\/www.europesays.com\/fr\/374813\/"},"modified":"2025-09-08T08:34:29","modified_gmt":"2025-09-08T08:34:29","slug":"deux-joueurs-pretes-par-lasse-simposent-dans-leur-club","status":"publish","type":"post","link":"https:\/\/www.europesays.com\/fr\/374813\/","title":{"rendered":"Deux joueurs pr\u00eat\u00e9s par l&rsquo;ASSE s&rsquo;imposent dans leur club"},"content":{"rendered":"<p>Cet \u00e9t\u00e9, l&rsquo;AS <a href=\"https:\/\/onefootball.com\/en\/team\/saint-etienne-266\" rel=\"nofollow noopener\" target=\"_blank\">Saint-\u00c9tienne<\/a> a pr\u00eat\u00e9 deux jeunes joueurs. Enzo Mayilla a rejoint Aubagne en National 1 tandis que Beres Owusu a \u00e9t\u00e9 pr\u00eat\u00e9 avec option d&rsquo;achat en Autriche \u00e0 Grazer.<\/p>\n<p>Si <strong><strong>Beres Owusu<\/strong><\/strong> pourrait donc ne jamais revenir dans le Forez, en cas de lev\u00e9e de l&rsquo;option d&rsquo;achat par Grazer, il r\u00e9alise des d\u00e9buts plut\u00f4t int\u00e9ressants. Il fait partie des cadres de son \u00e9quipe avec qui il a disput\u00e9 quatre matchs de championnat sur cinq en ce d\u00e9but de saison, tout en sachant que la premi\u00e8re journ\u00e9e s&rsquo;\u00e9tait d\u00e9roul\u00e9e alors qu&rsquo;il n&rsquo;\u00e9tait pas encore arriv\u00e9. S&rsquo;il \u00e9volue dans une \u00e9quipe qui souffre et qui n&rsquo;a pas encore gagn\u00e9 en championnat avec une onzi\u00e8me place sur douze, Beres Owusu a pris part \u00e0 l&rsquo;int\u00e9gralit\u00e9 des quatre matchs qu&rsquo;il a eu \u00e0 disputer. Il a m\u00eame marqu\u00e9 un but face \u00e0 Tirol dans un dr\u00f4le de match pour lui, puisqu&rsquo;avant ce but marqu\u00e9 pour son \u00e9quipe, il avait ouvert le score&#8230;contre-son-camp quelques minutes auparavant sur une intervention d\u00e9fensive o\u00f9 il a clairement manqu\u00e9 de r\u00e9ussite.<\/p>\n<p>Un autre jeune joueur de l&rsquo;AS <a href=\"https:\/\/onefootball.com\/en\/team\/saint-etienne-266\" rel=\"nofollow noopener\" target=\"_blank\">Saint-\u00c9tienne<\/a> a \u00e9t\u00e9 pr\u00eat\u00e9 cet \u00e9t\u00e9 : il s&rsquo;agit du jeune attaquant <strong><strong>Enzo Mayilla<\/strong><\/strong>. Le joueur de 19 ans a rejoint Aubagne en National 1, lui permettant d&rsquo;\u00e9voluer deux niveaux au dessus de la r\u00e9serve, lui qui est pour le moment bouch\u00e9 par de nombreux offensifs pour acc\u00e9der \u00e0 l&rsquo;\u00e9quipe fanion de l&rsquo;ASSE, Lucas Stassin, Djylian N&rsquo;Guessan ou encore Joshua Duffus pour ne citer qu&rsquo;eux. Il a fait ses d\u00e9buts avec le club du sud de la France face \u00e0 Villefranche, avec une entr\u00e9e en seconde mi-temps (victoire 3-1). Derri\u00e8re, il a encha\u00een\u00e9 deux matchs en tant que titulaire, face \u00e0 Concarneau d&rsquo;abord (1-1) puis \u00e0 Bourg-en-Bresse (0-0). S&rsquo;il n&rsquo;a pas encore ouvert son compteur but, Enzo Mayilla engrange du temps de jeu et de l&rsquo;exp\u00e9rience dans une \u00e9quipe qui se classe pour le moment dixi\u00e8me de National 1.<\/p>\n","protected":false},"excerpt":{"rendered":"Cet \u00e9t\u00e9, l&rsquo;AS Saint-\u00c9tienne a pr\u00eat\u00e9 deux jeunes joueurs. Enzo Mayilla a rejoint Aubagne en National 1 tandis&hellip;\n","protected":false},"author":2,"featured_media":374814,"comment_status":"","ping_status":"","sticky":false,"template":"","format":"standard","meta":{"footnotes":""},"categories":[9653],"tags":[1111,11,2430,1777,674,1011,27,12,25,4001],"class_list":{"0":"post-374813","1":"post","2":"type-post","3":"status-publish","4":"format-standard","5":"has-post-thumbnail","7":"category-saint-etienne","8":"tag-actu","9":"tag-actualites","10":"tag-auvergne-rhone-alpes","11":"tag-eu","12":"tag-europe","13":"tag-fr","14":"tag-france","15":"tag-news","16":"tag-republique-francaise","17":"tag-saint-etienne"},"share_on_mastodon":{"url":"https:\/\/pubeurope.com\/@fr\/115167760668802809","error":""},"_links":{"self":[{"href":"https:\/\/www.europesays.com\/fr\/wp-json\/wp\/v2\/posts\/374813","targetHints":{"allow":["GET"]}}],"collection":[{"href":"https:\/\/www.europesays.com\/fr\/wp-json\/wp\/v2\/posts"}],"about":[{"href":"https:\/\/www.europesays.com\/fr\/wp-json\/wp\/v2\/types\/post"}],"author":[{"embeddable":true,"href":"https:\/\/www.europesays.com\/fr\/wp-json\/wp\/v2\/users\/2"}],"replies":[{"embeddable":true,"href":"https:\/\/www.europesays.com\/fr\/wp-json\/wp\/v2\/comments?post=374813"}],"version-history":[{"count":0,"href":"https:\/\/www.europesays.com\/fr\/wp-json\/wp\/v2\/posts\/374813\/revisions"}],"wp:featuredmedia":[{"embeddable":true,"href":"https:\/\/www.europesays.com\/fr\/wp-json\/wp\/v2\/media\/374814"}],"wp:attachment":[{"href":"https:\/\/www.europesays.com\/fr\/wp-json\/wp\/v2\/media?parent=374813"}],"wp:term":[{"taxonomy":"category","embeddable":true,"href":"https:\/\/www.europesays.com\/fr\/wp-json\/wp\/v2\/categories?post=374813"},{"taxonomy":"post_tag","embeddable":true,"href":"https:\/\/www.europesays.com\/fr\/wp-json\/wp\/v2\/tags?post=374813"}],"curies":[{"name":"wp","href":"https:\/\/api.w.org\/{rel}","templated":true}]}}