{"id":374829,"date":"2025-09-08T08:43:09","date_gmt":"2025-09-08T08:43:09","guid":{"rendered":"https:\/\/www.europesays.com\/fr\/374829\/"},"modified":"2025-09-08T08:43:09","modified_gmt":"2025-09-08T08:43:09","slug":"grenoble-un-homme-saute-dun-pont-dans-lisere-dimportants-moyens-de-secours-deployes","status":"publish","type":"post","link":"https:\/\/www.europesays.com\/fr\/374829\/","title":{"rendered":"Grenoble. Un homme saute d&rsquo;un pont dans l&rsquo;Is\u00e8re, d&rsquo;importants moyens de secours d\u00e9ploy\u00e9s"},"content":{"rendered":"<p>            Par<br \/>\n        <strong><br \/>\n            <a href=\"https:\/\/actu.fr\/auteur\/lisa-rodrigues\" title=\"Consulter tous les articles de Lisa Rodrigues\" rel=\"nofollow noopener\" target=\"_blank\">Lisa Rodrigues<\/a><br \/>\n        <\/strong><\/p>\n<p>        Publi\u00e9 le<\/p>\n<p>            8 sept. 2025 \u00e0 9h56        <\/p>\n<p>Les sapeurs-pompiers sont en intervention depuis un peu plus de 7h45 lundi 8 septembre \u00e0 <a href=\"https:\/\/actu.fr\/auvergne-rhone-alpes\/grenoble_38185\" rel=\"nofollow noopener\" target=\"_blank\">Grenoble<\/a> au niveau du pont du boulevard Jean-Pain.<\/p>\n<p>    <a href=\"https:\/\/www.google.com\/maps\/embed?pb=!1m14!1m12!1m3!1d2364.4802471469366!2d5.742959885117501!3d45.18999629436354!2m3!1f0!2f0!3f0!3m2!1i1024!2i768!4f13.1!5e0!3m2!1sfr!2sfr!4v1757317203431!5m2!1sfr!2sfr\" title=\"Ouvrie le lien\" rel=\"nofollow noopener\" target=\"_blank\">Cliquez ici pour visualiser le contenu<\/a><\/p>\n<p class=\" wall-content\">Un peu plus t\u00f4t dans la matin\u00e9e, un <strong>homme a saut\u00e9 du pont<\/strong> dans l\u2019Is\u00e8re.\u00a0<\/p>\n<p>Des plongeurs mobilis\u00e9s<\/p>\n<p class=\" wall-content\">Rapidement, les secours sont arriv\u00e9s sur place. Une <strong>\u00e9quipe de plongeurs sp\u00e9cialis\u00e9s<\/strong> a \u00e9t\u00e9 d\u00e9ploy\u00e9e, ainsi que des chiens de recherche.<\/p>\n<p class=\" wall-content\">Peu apr\u00e8s 9h30, les recherches \u00e9taient toujours en cours pour tenter de retrouver la victime.<\/p>\n<p class=\" wall-content\">Personnalisez votre actualit\u00e9 en ajoutant vos villes et m\u00e9dias en favori avec <a href=\"https:\/\/moncompte.actu.fr\" title=\"D\u00e9couvez Mon Actu\" rel=\"nofollow noopener\" data-trk=\"{&quot;cta&quot;:{&quot;action&quot;:&quot;https:\\\/\\\/moncompte.actu.fr&quot;,&quot;category&quot;:&quot;mon compte&quot;,&quot;from&quot;:&quot;article footer&quot;,&quot;name&quot;:&quot;Mon actu&quot;,&quot;type&quot;:&quot;cta&quot;}}\" target=\"_blank\">Mon Actu<\/a>.<\/p>\n","protected":false},"excerpt":{"rendered":"Par Lisa Rodrigues Publi\u00e9 le 8 sept. 2025 \u00e0 9h56 Les sapeurs-pompiers sont en intervention depuis un peu&hellip;\n","protected":false},"author":2,"featured_media":374830,"comment_status":"","ping_status":"","sticky":false,"template":"","format":"standard","meta":{"footnotes":""},"categories":[9566],"tags":[1111,11,2430,1777,674,118,1011,27,2731,12,1311,25],"class_list":{"0":"post-374829","1":"post","2":"type-post","3":"status-publish","4":"format-standard","5":"has-post-thumbnail","7":"category-grenoble","8":"tag-actu","9":"tag-actualites","10":"tag-auvergne-rhone-alpes","11":"tag-eu","12":"tag-europe","13":"tag-faits-divers","14":"tag-fr","15":"tag-france","16":"tag-grenoble","17":"tag-news","18":"tag-pompiers","19":"tag-republique-francaise"},"share_on_mastodon":{"url":"https:\/\/pubeurope.com\/@fr\/115167795928707587","error":""},"_links":{"self":[{"href":"https:\/\/www.europesays.com\/fr\/wp-json\/wp\/v2\/posts\/374829","targetHints":{"allow":["GET"]}}],"collection":[{"href":"https:\/\/www.europesays.com\/fr\/wp-json\/wp\/v2\/posts"}],"about":[{"href":"https:\/\/www.europesays.com\/fr\/wp-json\/wp\/v2\/types\/post"}],"author":[{"embeddable":true,"href":"https:\/\/www.europesays.com\/fr\/wp-json\/wp\/v2\/users\/2"}],"replies":[{"embeddable":true,"href":"https:\/\/www.europesays.com\/fr\/wp-json\/wp\/v2\/comments?post=374829"}],"version-history":[{"count":0,"href":"https:\/\/www.europesays.com\/fr\/wp-json\/wp\/v2\/posts\/374829\/revisions"}],"wp:featuredmedia":[{"embeddable":true,"href":"https:\/\/www.europesays.com\/fr\/wp-json\/wp\/v2\/media\/374830"}],"wp:attachment":[{"href":"https:\/\/www.europesays.com\/fr\/wp-json\/wp\/v2\/media?parent=374829"}],"wp:term":[{"taxonomy":"category","embeddable":true,"href":"https:\/\/www.europesays.com\/fr\/wp-json\/wp\/v2\/categories?post=374829"},{"taxonomy":"post_tag","embeddable":true,"href":"https:\/\/www.europesays.com\/fr\/wp-json\/wp\/v2\/tags?post=374829"}],"curies":[{"name":"wp","href":"https:\/\/api.w.org\/{rel}","templated":true}]}}