{"id":374831,"date":"2025-09-08T08:44:13","date_gmt":"2025-09-08T08:44:13","guid":{"rendered":"https:\/\/www.europesays.com\/fr\/374831\/"},"modified":"2025-09-08T08:44:13","modified_gmt":"2025-09-08T08:44:13","slug":"trois-proches-du-suspect-mis-en-examen-pour-leur-aide","status":"publish","type":"post","link":"https:\/\/www.europesays.com\/fr\/374831\/","title":{"rendered":"trois proches du suspect mis en examen pour leur aide"},"content":{"rendered":"<p>C&rsquo;\u00e9tait il y un an. Lilian Dejean, cadre au service de la propret\u00e9 urbaine de Grenoble, <a href=\"https:\/\/www.estrepublicain.fr\/faits-divers-justice\/2024\/09\/08\/agent-municipal-tue-par-balles-a-grenoble-la-colere-et-le-degout\" target=\"_blank\" rel=\"nofollow noopener\">\u00e9tait tu\u00e9 froidement de deux balles dans le thorax<\/a> alors qu&rsquo;il tentait de retenir l&rsquo;auteur d&rsquo;un accident de la route qui tentait de s&rsquo;enfuir. Apr\u00e8s dix semaines de cavale, l&rsquo;auteur pr\u00e9sum\u00e9 avait finalement \u00e9t\u00e9 interpell\u00e9 au Portugal, <a href=\"https:\/\/www.estrepublicain.fr\/faits-divers-justice\/2024\/11\/30\/agent-municipal-tue-par-balles-a-grenoble-le-suspect-mis-en-examen-et-ecroue\" target=\"_blank\" rel=\"nofollow noopener\">puis extrad\u00e9 vers la France, mis en examen et \u00e9crou\u00e9<\/a>.<\/p>\n<p>Selon <a href=\"https:\/\/www.ledauphine.com\/faits-divers-justice\/2025\/09\/08\/isere-grenoble-mort-de-lilian-dejean-trois-proches-d-abdoul-diallo-suspectes-de-l-avoir-aide-pendant-sa-cavale-mis-en-examen\" target=\"_blank\" rel=\"nofollow noopener\">le Dauphin\u00e9 Lib\u00e9r\u00e9<\/a>, trois personnes suspect\u00e9es d&rsquo;avoir apporter leur aide au fugitif Abdoul Diallo ont \u00e9t\u00e9 mis en examen pour \u00ab recel de malfaiteurs\u00a0\u00bb depuis le mois d&rsquo;avril.\u00a0 <\/p>\n<p>La belle-soeur et deux amis<\/p>\n<p>La belle-s\u0153ur du suspect, une femme de 21 ans, correspondait r\u00e9guli\u00e8rement avec le suspect par message. Les deux autres personnes soup\u00e7onn\u00e9es sont des \u00ab\u00a0amis du mis en examen\u00a0\u00bb qui l&rsquo;ont \u00ab exfiltr\u00e9 de Grenoble\u00a0\u00bb. La compagne du suspect semble \u00e9galement \u00ab avoir \u00e9t\u00e9 \u00e0 la manoeuvre\u00a0\u00bb. <\/p>\n<p>Pendant que l&rsquo;enqu\u00eate se poursuit, une journ\u00e9e de comm\u00e9moration aura lieu ce lundi \u00e0 Grenoble pour honorer la m\u00e9moire de cet agent municipal, dont la famille est encore sous le choc.<\/p>\n<p class=\"note\">Lire l&rsquo;article complet sur <a href=\"https:\/\/www.ledauphine.com\/faits-divers-justice\/2025\/09\/08\/isere-grenoble-mort-de-lilian-dejean-trois-proches-d-abdoul-diallo-suspectes-de-l-avoir-aide-pendant-sa-cavale-mis-en-examen\" target=\"_blank\" rel=\"nofollow noopener\">Le Dauphin\u00e9 Lib\u00e9r\u00e9<\/a>.<\/p>\n","protected":false},"excerpt":{"rendered":"C&rsquo;\u00e9tait il y un an. Lilian Dejean, cadre au service de la propret\u00e9 urbaine de Grenoble, \u00e9tait tu\u00e9&hellip;\n","protected":false},"author":2,"featured_media":374832,"comment_status":"","ping_status":"","sticky":false,"template":"","format":"standard","meta":{"footnotes":""},"categories":[9566],"tags":[1111,11,2430,1777,674,274,107,1011,27,329,2731,12,25],"class_list":{"0":"post-374831","1":"post","2":"type-post","3":"status-publish","4":"format-standard","5":"has-post-thumbnail","7":"category-grenoble","8":"tag-actu","9":"tag-actualites","10":"tag-auvergne-rhone-alpes","11":"tag-eu","12":"tag-europe","13":"tag-faits-divers-justice","14":"tag-fil-info","15":"tag-fr","16":"tag-france","17":"tag-france-monde","18":"tag-grenoble","19":"tag-news","20":"tag-republique-francaise"},"share_on_mastodon":{"url":"https:\/\/pubeurope.com\/@fr\/115167799765780204","error":""},"_links":{"self":[{"href":"https:\/\/www.europesays.com\/fr\/wp-json\/wp\/v2\/posts\/374831","targetHints":{"allow":["GET"]}}],"collection":[{"href":"https:\/\/www.europesays.com\/fr\/wp-json\/wp\/v2\/posts"}],"about":[{"href":"https:\/\/www.europesays.com\/fr\/wp-json\/wp\/v2\/types\/post"}],"author":[{"embeddable":true,"href":"https:\/\/www.europesays.com\/fr\/wp-json\/wp\/v2\/users\/2"}],"replies":[{"embeddable":true,"href":"https:\/\/www.europesays.com\/fr\/wp-json\/wp\/v2\/comments?post=374831"}],"version-history":[{"count":0,"href":"https:\/\/www.europesays.com\/fr\/wp-json\/wp\/v2\/posts\/374831\/revisions"}],"wp:featuredmedia":[{"embeddable":true,"href":"https:\/\/www.europesays.com\/fr\/wp-json\/wp\/v2\/media\/374832"}],"wp:attachment":[{"href":"https:\/\/www.europesays.com\/fr\/wp-json\/wp\/v2\/media?parent=374831"}],"wp:term":[{"taxonomy":"category","embeddable":true,"href":"https:\/\/www.europesays.com\/fr\/wp-json\/wp\/v2\/categories?post=374831"},{"taxonomy":"post_tag","embeddable":true,"href":"https:\/\/www.europesays.com\/fr\/wp-json\/wp\/v2\/tags?post=374831"}],"curies":[{"name":"wp","href":"https:\/\/api.w.org\/{rel}","templated":true}]}}