{"id":374834,"date":"2025-09-08T08:48:56","date_gmt":"2025-09-08T08:48:56","guid":{"rendered":"https:\/\/www.europesays.com\/fr\/374834\/"},"modified":"2025-09-08T08:48:56","modified_gmt":"2025-09-08T08:48:56","slug":"pot-de-depart-de-bayrou-a-strasbourg-lundi-8-septembre","status":"publish","type":"post","link":"https:\/\/www.europesays.com\/fr\/374834\/","title":{"rendered":"\u00ab\u00a0pot de d\u00e9part de Bayrou\u00a0\u00bb \u00e0 Strasbourg lundi 8 septembre"},"content":{"rendered":"<p class=\"wp-block-post-excerpt__excerpt\">\u00c0 l\u2019occasion du vote de d\u00e9fiance \u00e0 l\u2019Assembl\u00e9e nationale qui devrait aboutir \u00e0 la d\u00e9mission du gouvernement de Fran\u00e7ois Bayrou lundi 8 septembre, des participants au mouvement Bloquons tout appellent \u00e0 se rendre place Kl\u00e9ber pour un rassemblement festif. <\/p>\n<p class=\"font-sans\">\n\t\t\tCet article est en acc\u00e8s libre. Pour soutenir Rue89 Strasbourg,<br \/>\n\t\t\t<a class=\"underline\" href=\"https:\/\/www.rue89strasbourg.com\/abonnement\" target=\"_blank\" rel=\"noopener\">abonnez-vous<\/a>.\n\t\t<\/p>\n<p>Thibault Vetter<\/p>\n<p>Publi\u00e9 le 4 septembre 2025\u00a0\u00a0\u00b7\u00a0\u00a0<\/p>\n<p>Imprim\u00e9 le 8 septembre 2025 \u00e0 09h55\u00a0\u00a0\u00b7\u00a0\u00a0<\/p>\n<p>\t\t\t\t\t2\u00a0minutes\n<\/p>\n<p>Comme dans de nombreuses autres villes en France, le comit\u00e9 Strasbourg du mouvement Bloquons tout appelle \u00e0 se joindre \u00e0 un rassemblement festif en d\u00e9but de soir\u00e9e lundi 8 septembre, pour la probable chute du gouvernement de Fran\u00e7ois Bayrou. Ce dernier ne devrait pas r\u00e9ussir \u00e0 trouver une majorit\u00e9 de d\u00e9put\u00e9s pr\u00eats \u00e0 voter la confiance au gouvernement lors d\u2019un vote \u00e0 l\u2019Assembl\u00e9e nationale le m\u00eame jour. Le rendez-vous est fix\u00e9 \u00e0 20h place Kl\u00e9ber, pour \u00ab\u00a0f\u00eater la d\u00e9mission de Bayrou et pr\u00e9parer la d\u00e9mission de Macron\u00a0\u00bb.<\/p>\n<p><img loading=\"lazy\" decoding=\"async\" width=\"792\" height=\"558\" src=\"https:\/\/www.europesays.com\/fr\/wp-content\/uploads\/2025\/09\/bloquonstoutxr2-792x558.jpg\" alt=\"\" class=\"wp-image-357981\"  \/> Le 1er septembre, des membres d\u2019Extinction Rebellion Strasbourg ont projet\u00e9 des messages sur des murs du centre-ville de Strasbourg.Photo\u00a0: Document remis \/ Extinction Rebellion Strasbourg<\/p>\n<p>Extinction Rebellion Strasbourg avait d\u2019abord relay\u00e9 sur <a href=\"https:\/\/bsky.app\/profile\/did:plc:pmcssmcejwhx2s362fram7qb\/post\/3lxsgg4maq22v\" target=\"_blank\" rel=\"noreferrer noopener\">ses r\u00e9seaux sociaux<\/a> un rendez-vous pour cet \u00ab\u00a0ap\u00e9ro g\u00e9ant\u00a0\u00bb place de l\u2019\u00c9toile, mais c\u2019\u00e9tait avant la r\u00e9union du comit\u00e9 strasbourgeois de Bloquons tout mercredi 3 septembre, o\u00f9 la d\u00e9cision a \u00e9t\u00e9 prise de se rendre plut\u00f4t place Kl\u00e9ber. L\u2019organisation \u00e9cologiste a publi\u00e9 une correction et appelle par ailleurs \u00e0 prendre part \u00e0 la mobilisation qui doit commencer le 10 septembre. \u00ab\u00a0Ce mouvement, apartisan mais pas apolitique, peut-\u00eatre l\u2019\u00e9tincelle d\u2019une r\u00e9volution\u00a0\u00bb, \u00e9crit-elle.<\/p>\n<p><a href=\"https:\/\/www.rue89strasbourg.com\/abonnement\" target=\"_blank\" rel=\"noopener\"><img loading=\"lazy\" decoding=\"async\" width=\"970\" height=\"250\" src=\"https:\/\/www.europesays.com\/fr\/wp-content\/uploads\/2025\/05\/bannie\u0300re-autopromo-2025-desktop-1.gif\" alt=\"\" class=\"wp-image-343590\" style=\"width:792px\"\/><\/a><\/p>\n<p><a href=\"https:\/\/www.rue89strasbourg.com\/abonnement\" target=\"_blank\" rel=\"noopener\"><img loading=\"lazy\" decoding=\"async\" width=\"300\" height=\"300\" src=\"https:\/\/www.europesays.com\/fr\/wp-content\/uploads\/2025\/05\/bannieres@2x.png\" alt=\"\" class=\"wp-image-341656\"  \/><\/a><\/p>\n<p>\u00ab\u00a0Rendez-vous avec l\u2019Histoire\u00a0\u00bb<\/p>\n<p>Ces militants \u00e9cologistes \u00ab\u00a0agiront\u00a0\u00bb, \u00ab\u00a0aux c\u00f4t\u00e9s de toutes les organisations et des personnes qui se sentent concern\u00e9es par la crise politique et \u00e9cologique actuelle\u00a0\u00bb. XR Strasbourg a d\u2019ailleurs projet\u00e9 des messages sur des fa\u00e7ades du centre-ville lundi 1er septembre. \u00ab\u00a0Rendez-vous avec l\u2019Histoire ce 10 septembre #BloquonsTout\u00a0\u00bb, pouvait-on lire par exemple.<\/p>\n<p>L\u2019\u00e9v\u00e9nement festif prendra certainement la forme d\u2019un rassemblement spontan\u00e9 puisqu\u2019il n\u2019a fait l\u2019objet d\u2019aucune d\u00e9claration aupr\u00e8s des services de la pr\u00e9fecture du Bas-Rhin pour l\u2019instant, selon la sous-pr\u00e9f\u00e8te C\u00e9cile Rackette. Il correspond au premier grand rendez-vous public du mouvement Bloquons tout, qui s\u2019organise jusqu\u2019\u00e0 pr\u00e9sent surtout dans <a href=\"https:\/\/www.rue89strasbourg.com\/rejoindre-mobilisation-10-septembre-alsace-357228\" target=\"_blank\" rel=\"noreferrer noopener\">des boucles de la messagerie Telegram et lors de r\u00e9unions hebdomadaires<\/a>. Il aura lieu deux jours avant la journ\u00e9e de blocage du mercredi 10 septembre.<\/p>\n<p>Y <strong>aller<\/strong><\/p>\n<p><strong>\u00ab\u00a0Pot de d\u00e9part\u00a0\u00bb de Fran\u00e7ois Bayrou<\/strong>, lundi 8 septembre \u00e0 20h, place Kl\u00e9ber \u00e0 Strasbourg \u2013 centre.<\/p>\n","protected":false},"excerpt":{"rendered":"\u00c0 l\u2019occasion du vote de d\u00e9fiance \u00e0 l\u2019Assembl\u00e9e nationale qui devrait aboutir \u00e0 la d\u00e9mission du gouvernement de&hellip;\n","protected":false},"author":2,"featured_media":374835,"comment_status":"","ping_status":"","sticky":false,"template":"","format":"standard","meta":{"footnotes":""},"categories":[2820],"tags":[1111,11,1777,674,1011,27,775,2088,12,316,25,640],"class_list":{"0":"post-374834","1":"post","2":"type-post","3":"status-publish","4":"format-standard","5":"has-post-thumbnail","7":"category-strasbourg","8":"tag-actu","9":"tag-actualites","10":"tag-eu","11":"tag-europe","12":"tag-fr","13":"tag-france","14":"tag-grand-est","15":"tag-manifestation","16":"tag-news","17":"tag-politique","18":"tag-republique-francaise","19":"tag-strasbourg"},"share_on_mastodon":{"url":"https:\/\/pubeurope.com\/@fr\/115167819849273892","error":""},"_links":{"self":[{"href":"https:\/\/www.europesays.com\/fr\/wp-json\/wp\/v2\/posts\/374834","targetHints":{"allow":["GET"]}}],"collection":[{"href":"https:\/\/www.europesays.com\/fr\/wp-json\/wp\/v2\/posts"}],"about":[{"href":"https:\/\/www.europesays.com\/fr\/wp-json\/wp\/v2\/types\/post"}],"author":[{"embeddable":true,"href":"https:\/\/www.europesays.com\/fr\/wp-json\/wp\/v2\/users\/2"}],"replies":[{"embeddable":true,"href":"https:\/\/www.europesays.com\/fr\/wp-json\/wp\/v2\/comments?post=374834"}],"version-history":[{"count":0,"href":"https:\/\/www.europesays.com\/fr\/wp-json\/wp\/v2\/posts\/374834\/revisions"}],"wp:featuredmedia":[{"embeddable":true,"href":"https:\/\/www.europesays.com\/fr\/wp-json\/wp\/v2\/media\/374835"}],"wp:attachment":[{"href":"https:\/\/www.europesays.com\/fr\/wp-json\/wp\/v2\/media?parent=374834"}],"wp:term":[{"taxonomy":"category","embeddable":true,"href":"https:\/\/www.europesays.com\/fr\/wp-json\/wp\/v2\/categories?post=374834"},{"taxonomy":"post_tag","embeddable":true,"href":"https:\/\/www.europesays.com\/fr\/wp-json\/wp\/v2\/tags?post=374834"}],"curies":[{"name":"wp","href":"https:\/\/api.w.org\/{rel}","templated":true}]}}