{"id":374840,"date":"2025-09-08T08:52:11","date_gmt":"2025-09-08T08:52:11","guid":{"rendered":"https:\/\/www.europesays.com\/fr\/374840\/"},"modified":"2025-09-08T08:52:11","modified_gmt":"2025-09-08T08:52:11","slug":"aucune-poursuite-a-ce-stade-contre-les-militants-propalestiniens","status":"publish","type":"post","link":"https:\/\/www.europesays.com\/fr\/374840\/","title":{"rendered":"aucune poursuite \u00ab\u00e0 ce stade\u00bb contre les militants propalestiniens"},"content":{"rendered":"<p>Trois personnes avaient \u00e9t\u00e9 plac\u00e9es en garde \u00e0 vue et ont \u00e9t\u00e9 rel\u00e2ch\u00e9es ce week-end mais des investigations se poursuivent dans le cadre d\u2019une enqu\u00eate pr\u00e9liminaire.<\/p>\n<p class=\"fig-paragraph\">Les trois militants propalestiniens qui avaient tent\u00e9 jeudi \u00e0 Nice, selon les premiers \u00e9l\u00e9ments de l\u2019enqu\u00eate, de\u00a0<a href=\"http:\/\/www.lefigaro.fr\/nice\/nice-des-militants-propalestiniens-tentent-de-forcer-l-entree-d-une-synagogue-20250904\" data-fig-type=\"NewsFlash\" data-gtm-custom-categorie=\"navigation\" data-gtm-custom-action=\"crossclick\" data-gtm-custom-label=\"Contextuel\" data-gtm-event=\"customEventSPE\" data-fig-domain=\"LEFIGARO\" target=\"_blank\" rel=\"noopener\">p\u00e9n\u00e9trer dans une synagogue<\/a>\u00a0en prof\u00e9rant des injures \u00e0 caract\u00e8re antis\u00e9mite et en commettant des violences ont \u00e9t\u00e9 rel\u00e2ch\u00e9s, aucune poursuite n\u2019\u00e9tant retenue \u00e0 leur encontre \u00ab\u00e0 ce stade\u00bb, a indiqu\u00e9 samedi le parquet de Nice.<\/p>\n<p class=\"fig-paragraph\">\u00abAu regard de la n\u00e9cessit\u00e9 de proc\u00e9der \u00e0 d\u2019autres investigations, notamment des auditions, tant sur les faits de violences d\u00e9nonc\u00e9es que sur les injures et provocations \u00e0 caract\u00e8re antis\u00e9mite susceptibles d\u2019avoir \u00e9t\u00e9 commises, l\u2019enqu\u00eate va se poursuivre dans un cadre pr\u00e9liminaire\u00bb, pr\u00e9cise Damien Martinelli, procureur de la R\u00e9publique, en soulignant que l\u2019examen des images de vid\u00e9osurveillance n\u2019a pas permis de caract\u00e9riser une quelconque tentative d\u2019intrusion.<\/p>\n<p>                                    <a class=\"fig-a11y-skip a11y-hidden\" href=\"#fig-a11y-skip-main-inarticle\"><br \/>\n        Passer la publicit\u00e9<br \/>\n    <\/a><\/p>\n<p class=\"fig-paragraph\">Ces m\u00eames images montrent, selon le magistrat, des \u00ab\u00e9changes virulents\u00bb avec les personnes pr\u00e9sentes pr\u00e8s de la synagogue, mais \u00absans actes de violences caract\u00e9ris\u00e9es\u00bb. Lors de l\u2019audition, les personnes mises en cause ont ni\u00e9 \u00abavoir commis des violences et avoir tenu des propos antis\u00e9mites\u00bb, ajoute-t-il, deux d\u2019entre elles indiquant \u00abavoir \u00e9t\u00e9 insult\u00e9es et avoir re\u00e7u des crachats\u00bb.<\/p>\n<p>Identifier les organisateurs du rassemblement<\/p>\n<p class=\"fig-paragraph\">L\u2019enqu\u00eate pr\u00e9liminaire va \u00abtenter d\u2019identifier les organisateurs de ce rassemblement susceptible de constituer une manifestation illicite qui para\u00eet assez clairement s\u2019inscrire au regard de certains \u00e9l\u00e9ments r\u00e9unis dans une strat\u00e9gie de tension\u00bb, pr\u00e9cise Damien Martinelli.<\/p>\n<p class=\"fig-paragraph\">Jeudi, quatre personnes s\u2019\u00e9taient pr\u00e9sent\u00e9es devant l\u2019entr\u00e9e de cette synagogue de la communaut\u00e9 Loubavitch o\u00f9 se tenait une r\u00e9union d\u2019information sur l\u2019Alyah, l\u2019immigration des juifs en Isra\u00ebl, les membres de ce groupe \u00e9tant \u00abporteurs de deux drapeaux et d\u2019une pancarte sur laquelle \u00e9tait mentionn\u00e9 \u201cpas l\u2019aliah (sic) sur les terres palestiniennes stop g\u00e9nocide\u201d\u00bb, note le magistrat.<\/p>\n<p class=\"fig-paragraph\">Sans lien avec ces faits, un homme de nationalit\u00e9 suisse, qui avait \u00e9t\u00e9 interpell\u00e9 vendredi\u00a0<a href=\"http:\/\/www.lefigaro.fr\/nice\/un-rabbin-victime-d-injures-en-pleine-rue-a-nice-un-touriste-place-en-garde-a-vue-20250905\" data-fig-type=\"NewsFlash\" data-gtm-custom-categorie=\"navigation\" data-gtm-custom-action=\"crossclick\" data-gtm-custom-label=\"Contextuel\" data-gtm-event=\"customEventSPE\" data-fig-domain=\"LEFIGARO\" target=\"_blank\" rel=\"noopener\">apr\u00e8s avoir insult\u00e9 un rabbin<\/a>\u00a0\u00e0 proximit\u00e9 de la promenade des Anglais, a \u00e9t\u00e9 convoqu\u00e9 devant le tribunal correctionnel, le 5 mars 2026, pour r\u00e9pondre de faits d\u2019injures publiques \u00e0 raison de la religion, indique par ailleurs le parquet.<\/p>\n<p class=\"fig-paragraph\">Le mis en cause n\u2019a pas contest\u00e9 en garde \u00e0 vue les insultes mais a ni\u00e9 la dimension antis\u00e9mite de son comportement, indiquant qu\u2019il pensait avoir reconnu une personne avec qui il avait d\u00e9j\u00e0 eu une altercation.<\/p>\n","protected":false},"excerpt":{"rendered":"Trois personnes avaient \u00e9t\u00e9 plac\u00e9es en garde \u00e0 vue et ont \u00e9t\u00e9 rel\u00e2ch\u00e9es ce week-end mais des investigations&hellip;\n","protected":false},"author":2,"featured_media":374841,"comment_status":"","ping_status":"","sticky":false,"template":"","format":"standard","meta":{"footnotes":""},"categories":[2819],"tags":[1111,11,3259,1777,674,1011,27,17198,303,12,2401,882,25],"class_list":{"0":"post-374840","1":"post","2":"type-post","3":"status-publish","4":"format-standard","5":"has-post-thumbnail","7":"category-nice","8":"tag-actu","9":"tag-actualites","10":"tag-conflit-israelo-palestinien","11":"tag-eu","12":"tag-europe","13":"tag-fr","14":"tag-france","15":"tag-juifs","16":"tag-justice","17":"tag-news","18":"tag-nice","19":"tag-provence-alpes-cote-dazur","20":"tag-republique-francaise"},"share_on_mastodon":{"url":"https:\/\/pubeurope.com\/@fr\/115167831285627732","error":""},"_links":{"self":[{"href":"https:\/\/www.europesays.com\/fr\/wp-json\/wp\/v2\/posts\/374840","targetHints":{"allow":["GET"]}}],"collection":[{"href":"https:\/\/www.europesays.com\/fr\/wp-json\/wp\/v2\/posts"}],"about":[{"href":"https:\/\/www.europesays.com\/fr\/wp-json\/wp\/v2\/types\/post"}],"author":[{"embeddable":true,"href":"https:\/\/www.europesays.com\/fr\/wp-json\/wp\/v2\/users\/2"}],"replies":[{"embeddable":true,"href":"https:\/\/www.europesays.com\/fr\/wp-json\/wp\/v2\/comments?post=374840"}],"version-history":[{"count":0,"href":"https:\/\/www.europesays.com\/fr\/wp-json\/wp\/v2\/posts\/374840\/revisions"}],"wp:featuredmedia":[{"embeddable":true,"href":"https:\/\/www.europesays.com\/fr\/wp-json\/wp\/v2\/media\/374841"}],"wp:attachment":[{"href":"https:\/\/www.europesays.com\/fr\/wp-json\/wp\/v2\/media?parent=374840"}],"wp:term":[{"taxonomy":"category","embeddable":true,"href":"https:\/\/www.europesays.com\/fr\/wp-json\/wp\/v2\/categories?post=374840"},{"taxonomy":"post_tag","embeddable":true,"href":"https:\/\/www.europesays.com\/fr\/wp-json\/wp\/v2\/tags?post=374840"}],"curies":[{"name":"wp","href":"https:\/\/api.w.org\/{rel}","templated":true}]}}