{"id":374858,"date":"2025-09-08T09:01:12","date_gmt":"2025-09-08T09:01:12","guid":{"rendered":"https:\/\/www.europesays.com\/fr\/374858\/"},"modified":"2025-09-08T09:01:12","modified_gmt":"2025-09-08T09:01:12","slug":"prison-pour-mineurs-de-la-valentine-a-marseille-un-senateur-en-inspection","status":"publish","type":"post","link":"https:\/\/www.europesays.com\/fr\/374858\/","title":{"rendered":"Prison pour mineurs de la Valentine \u00e0 Marseille : un s\u00e9nateur en inspection"},"content":{"rendered":"<p>C\u2019est <a href=\"https:\/\/www.laprovence.com\/article\/faits-divers-justice\/1279332224261214\/conditions-d-incarcerations-indignes-l-etablissement-pour-mineur-de-la-valentine-a-marseille-dans-la-tourmente\" target=\"_blank\" rel=\"noopener\">le rapport accablant de Dominique Simonnot, contr\u00f4leure g\u00e9n\u00e9rale des lieux de privation de libert\u00e9<\/a>, qui a conduit ce jeudi 4\u00a0septembre au matin le s\u00e9nateur (EELV) des Bouches-du-Rh\u00f4ne Guy Benarroche devant les portes de l\u2019\u00c9tablissement pour mineurs (EPM) de Marseille, o\u00f9 ont \u00e9t\u00e9 incarc\u00e9r\u00e9s l\u2019an dernier 255 jeunes de 13 \u00e0 18\u00a0ans. Objectif\u00a0: v\u00e9rifier si, comme indique le rapport, \u00ab\u00a0les conditions mat\u00e9rielles de prise en charge portent atteinte \u00e0 la dignit\u00e9 des adolescents\u00a0\u00bb. L\u00e0, le s\u00e9nateur s\u2019inqui\u00e8te d\u2019abord du taux d\u2019occupation de la prison, construite en\u00a02007. \u00ab\u00a039 d\u00e9tenus actuellement (pour 59 places, NDLR). \u00c7a a fortement d\u00e9clin\u00e9 pendant l\u2019\u00e9t\u00e9\u00a0\u00bb, r\u00e9pond le directeur adjoint, rompu \u00e0 l\u2019exercice pour cette troisi\u00e8me<a href=\"https:\/\/www.laprovence.com\/article\/region\/4422200890899614\/centre-pour-mineurs-de-la-valentine-a-marseille-pour-ces-enfants-l-univers-carceral-n-est-pas-la-bonne-reponse\" target=\"_blank\" rel=\"noopener\"> visite surprise<\/a> depuis la publication des recommandations d\u2019urgence de la contr\u00f4leure qui pr\u00e9conise la \u00ab\u00a0fermeture au moins partielle\u00a0\u00bb des lieux. \u00ab\u00a0Comment sont g\u00e9r\u00e9s les effectifs\u00a0?\u00a0\u00bb, poursuit le parlementaire car la situation \u00ab\u00a0alarmante\u00a0\u00bb des mineurs incarc\u00e9r\u00e9s pour une dur\u00e9e moyenne de 75 jours n\u2019est qu\u2019une des \u00ab\u00a0cons\u00e9quences du manque de surveillants et d\u2019\u00e9ducateurs\u00a0\u00bb, pointe Dominique Simonnot.<\/p>\n<p>La directrice de l\u2019EPM \u00e9voque surtout \u00ab\u00a0l\u2019usure\u00a0\u00bb des personnels. \u00ab\u00a0La r\u00e9alit&#8230;<\/p>\n","protected":false},"excerpt":{"rendered":"C\u2019est le rapport accablant de Dominique Simonnot, contr\u00f4leure g\u00e9n\u00e9rale des lieux de privation de libert\u00e9, qui a conduit&hellip;\n","protected":false},"author":2,"featured_media":374859,"comment_status":"","ping_status":"","sticky":false,"template":"","format":"standard","meta":{"footnotes":""},"categories":[2814],"tags":[17,1111,11,1777,674,1011,27,50897,884,6636,12,471,806,882,16,25,23891,39748],"class_list":{"0":"post-374858","1":"post","2":"type-post","3":"status-publish","4":"format-standard","5":"has-post-thumbnail","7":"category-marseille","8":"tag-17","9":"tag-actu","10":"tag-actualites","11":"tag-eu","12":"tag-europe","13":"tag-fr","14":"tag-france","15":"tag-inspection","16":"tag-marseille","17":"tag-mineurs","18":"tag-news","19":"tag-pour","20":"tag-prison","21":"tag-provence-alpes-cote-dazur","22":"tag-region","23":"tag-republique-francaise","24":"tag-senateur","25":"tag-valentine"},"share_on_mastodon":{"url":"https:\/\/pubeurope.com\/@fr\/115167866672692401","error":""},"_links":{"self":[{"href":"https:\/\/www.europesays.com\/fr\/wp-json\/wp\/v2\/posts\/374858","targetHints":{"allow":["GET"]}}],"collection":[{"href":"https:\/\/www.europesays.com\/fr\/wp-json\/wp\/v2\/posts"}],"about":[{"href":"https:\/\/www.europesays.com\/fr\/wp-json\/wp\/v2\/types\/post"}],"author":[{"embeddable":true,"href":"https:\/\/www.europesays.com\/fr\/wp-json\/wp\/v2\/users\/2"}],"replies":[{"embeddable":true,"href":"https:\/\/www.europesays.com\/fr\/wp-json\/wp\/v2\/comments?post=374858"}],"version-history":[{"count":0,"href":"https:\/\/www.europesays.com\/fr\/wp-json\/wp\/v2\/posts\/374858\/revisions"}],"wp:featuredmedia":[{"embeddable":true,"href":"https:\/\/www.europesays.com\/fr\/wp-json\/wp\/v2\/media\/374859"}],"wp:attachment":[{"href":"https:\/\/www.europesays.com\/fr\/wp-json\/wp\/v2\/media?parent=374858"}],"wp:term":[{"taxonomy":"category","embeddable":true,"href":"https:\/\/www.europesays.com\/fr\/wp-json\/wp\/v2\/categories?post=374858"},{"taxonomy":"post_tag","embeddable":true,"href":"https:\/\/www.europesays.com\/fr\/wp-json\/wp\/v2\/tags?post=374858"}],"curies":[{"name":"wp","href":"https:\/\/api.w.org\/{rel}","templated":true}]}}