{"id":374861,"date":"2025-09-08T09:03:09","date_gmt":"2025-09-08T09:03:09","guid":{"rendered":"https:\/\/www.europesays.com\/fr\/374861\/"},"modified":"2025-09-08T09:03:09","modified_gmt":"2025-09-08T09:03:09","slug":"lartisan-glacier-moustache-offrira-100-boules-de-glace","status":"publish","type":"post","link":"https:\/\/www.europesays.com\/fr\/374861\/","title":{"rendered":"l&rsquo;artisan glacier \u00ab\u00a0Moustache\u00a0\u00bb offrira 100 boules de glace"},"content":{"rendered":"<p class=\"content\" style=\"font-size:1.2em;font-weight:700\">Le 17 septembre prochain, l&rsquo;artisan glacier \u00ab\u00a0Moustache\u00a0\u00bb, situ\u00e9 dans le 2e arrondissement de Lyon offrira une boule de glace \u00e0 ses 100 premiers clients. <\/p>\n<p>Le 23 juillet dernier, l&rsquo;artisan glacier breton \u00ab\u00a0Moustache\u00a0\u00bb a pos\u00e9 bagage au 67 rue Victor Hugo (2e) \u00e0 Lyon. Apr\u00e8s une saison d&rsquo;\u00e9t\u00e9 rythm\u00e9e par les canicules, le glacier ne compte pas s&rsquo;arr\u00eater l\u00e0. Pour f\u00eater ses deux mois d&rsquo;ouverture, \u00ab\u00a0Moustache\u00a0\u00bb offrira 100 boules de glace le 17 septembre prochain \u00e0 13 h. <\/p>\n<p>Ces derni\u00e8res seront distribu\u00e9es gratuitement aux 100 premiers clients pr\u00e9sents sur place. \u00ab\u00a0L\u2019occasion de d\u00e9couvrir le parfum de son choix parmi notre large gamme de 40 parfums en vitrine\u00a0\u00bb, partage l&rsquo;artisan glacier. <\/p>\n<p><strong>Lire aussi : <\/strong><\/p>\n","protected":false},"excerpt":{"rendered":"Le 17 septembre prochain, l&rsquo;artisan glacier \u00ab\u00a0Moustache\u00a0\u00bb, situ\u00e9 dans le 2e arrondissement de Lyon offrira une boule de&hellip;\n","protected":false},"author":2,"featured_media":374862,"comment_status":"","ping_status":"","sticky":false,"template":"","format":"standard","meta":{"footnotes":""},"categories":[1889],"tags":[1111,11,2430,1777,674,1011,27,2428,12,25],"class_list":{"0":"post-374861","1":"post","2":"type-post","3":"status-publish","4":"format-standard","5":"has-post-thumbnail","7":"category-lyon","8":"tag-actu","9":"tag-actualites","10":"tag-auvergne-rhone-alpes","11":"tag-eu","12":"tag-europe","13":"tag-fr","14":"tag-france","15":"tag-lyon","16":"tag-news","17":"tag-republique-francaise"},"share_on_mastodon":{"url":"https:\/\/pubeurope.com\/@fr\/115167874489210578","error":""},"_links":{"self":[{"href":"https:\/\/www.europesays.com\/fr\/wp-json\/wp\/v2\/posts\/374861","targetHints":{"allow":["GET"]}}],"collection":[{"href":"https:\/\/www.europesays.com\/fr\/wp-json\/wp\/v2\/posts"}],"about":[{"href":"https:\/\/www.europesays.com\/fr\/wp-json\/wp\/v2\/types\/post"}],"author":[{"embeddable":true,"href":"https:\/\/www.europesays.com\/fr\/wp-json\/wp\/v2\/users\/2"}],"replies":[{"embeddable":true,"href":"https:\/\/www.europesays.com\/fr\/wp-json\/wp\/v2\/comments?post=374861"}],"version-history":[{"count":0,"href":"https:\/\/www.europesays.com\/fr\/wp-json\/wp\/v2\/posts\/374861\/revisions"}],"wp:featuredmedia":[{"embeddable":true,"href":"https:\/\/www.europesays.com\/fr\/wp-json\/wp\/v2\/media\/374862"}],"wp:attachment":[{"href":"https:\/\/www.europesays.com\/fr\/wp-json\/wp\/v2\/media?parent=374861"}],"wp:term":[{"taxonomy":"category","embeddable":true,"href":"https:\/\/www.europesays.com\/fr\/wp-json\/wp\/v2\/categories?post=374861"},{"taxonomy":"post_tag","embeddable":true,"href":"https:\/\/www.europesays.com\/fr\/wp-json\/wp\/v2\/tags?post=374861"}],"curies":[{"name":"wp","href":"https:\/\/api.w.org\/{rel}","templated":true}]}}